{"id":10013,"date":"2017-09-18T17:00:50","date_gmt":"2017-09-18T15:00:50","guid":{"rendered":"https:\/\/mieux-se-connaitre.com\/wp4\/?p=10013"},"modified":"2017-09-18T19:48:47","modified_gmt":"2017-09-18T17:48:47","slug":"munkebu-norvege-ou-tester-ses-limites","status":"publish","type":"post","link":"https:\/\/mieux-se-connaitre.com\/wp4\/2017\/09\/munkebu-norvege-ou-tester-ses-limites\/","title":{"rendered":"Munkebu, Norv\u00e8ge, ou tester ses limites"},"content":{"rendered":"<!-- google_ad_section_start --><div id=\"attachment_10015\" style=\"width: 310px\" class=\"wp-caption alignleft\"><a href=\"https:\/\/mieux-se-connaitre.com\/wp4\/wp-content\/uploads\/2017\/09\/munkebu33.jpg\"><img aria-describedby=\"caption-attachment-10015\" loading=\"lazy\" class=\"size-medium wp-image-10015\" src=\"https:\/\/mieux-se-connaitre.com\/wp4\/wp-content\/uploads\/2017\/09\/munkebu33-300x225.jpg\" alt=\"Munkebu 22 heures en juin\" width=\"300\" height=\"225\" srcset=\"https:\/\/mieux-se-connaitre.com\/wp4\/wp-content\/uploads\/2017\/09\/munkebu33-300x225.jpg 300w, https:\/\/mieux-se-connaitre.com\/wp4\/wp-content\/uploads\/2017\/09\/munkebu33-150x113.jpg 150w, https:\/\/mieux-se-connaitre.com\/wp4\/wp-content\/uploads\/2017\/09\/munkebu33.jpg 1024w, https:\/\/mieux-se-connaitre.com\/wp4\/wp-content\/uploads\/2017\/09\/munkebu33-600x450.jpg 600w\" sizes=\"(max-width: 300px) 100vw, 300px\" \/><\/a><p id=\"caption-attachment-10015\" class=\"wp-caption-text\">Munkebu 22 heures en juin<\/p><\/div>\n<p>Dans ma course poursuite du <a href=\"https:\/\/mieux-se-connaitre.com\/wp4\/2017\/07\/soleil-de-minuit\/\">Soleil de minuit<\/a>, je fais \u00e9tape \u00e0 S\u00f8rv\u00e5gen, au sud des Lofoten, \u00e0 peine 10km au nord du cul de sac sud de la route des Lofoten \u00e0 <a href=\"https:\/\/mieux-se-connaitre.com\/wp4\/2017\/06\/reine-ile-de-moskenesoya\/\">\u00c5<\/a>, cette escale touristique que j&#8217;ai fuie. Une escalade du Munkebu \u00e0 quelques 700 m d&#8217;altitude permet de voir le soleil de minuit au sommet. Je me suis renseign\u00e9e sur l&#8217;ascension : 3h30 \u00e0 4h30 selon le rythme : via ferrata, pas vraiment de chemin mais d&#8217;\u00e9normes blocs de roches ou des chaos de pierres. En suis-je encore capable?<\/p>\n<p>Je commence par chercher un endroit pour dormir puisque depuis mon arriv\u00e9e dans le grand nord, je dors la journ\u00e9e et vit la nuit en plein jour! Difficile de trouver&#8230;puis un p\u00eacheur m&#8217;indique un h\u00f4tel-restaurant tenu par un Fran\u00e7ais qui est venu s&#8217;installer ici il y a 7 ans fuyant je ne sais quels d\u00e9mons. Il est ferm\u00e9 \u00e0 cette heure-ci, mais se trouve l\u00e0 par hasard et reconnaissant mon furieux accent en anglais, me dit en fran\u00e7ais qu&#8217;il va me faire une faveur : il me donne une chambre dans son annexe et je r\u00e9serve pour d\u00eener le soir avant de me lancer dans l&#8217;ascension du Munkebu vers 20 h pour \u00eatre s\u00fbre d&#8217;\u00eatre au sommet avant une heure du matin.<\/p>\n<div id=\"attachment_10030\" style=\"width: 310px\" class=\"wp-caption alignleft\"><a href=\"https:\/\/mieux-se-connaitre.com\/wp4\/wp-content\/uploads\/2017\/09\/sorvagen10.jpg\"><img aria-describedby=\"caption-attachment-10030\" loading=\"lazy\" class=\"size-medium wp-image-10030\" src=\"https:\/\/mieux-se-connaitre.com\/wp4\/wp-content\/uploads\/2017\/09\/sorvagen10-300x225.jpg\" alt=\"S\u00f8rv\u00e5gen, la terrasse de l'h\u00f4tel\" width=\"300\" height=\"225\" srcset=\"https:\/\/mieux-se-connaitre.com\/wp4\/wp-content\/uploads\/2017\/09\/sorvagen10-300x225.jpg 300w, https:\/\/mieux-se-connaitre.com\/wp4\/wp-content\/uploads\/2017\/09\/sorvagen10-150x113.jpg 150w, https:\/\/mieux-se-connaitre.com\/wp4\/wp-content\/uploads\/2017\/09\/sorvagen10.jpg 1024w, https:\/\/mieux-se-connaitre.com\/wp4\/wp-content\/uploads\/2017\/09\/sorvagen10-600x450.jpg 600w\" sizes=\"(max-width: 300px) 100vw, 300px\" \/><\/a><p id=\"caption-attachment-10030\" class=\"wp-caption-text\">S\u00f8rv\u00e5gen, la terrasse de l&#8217;h\u00f4tel<\/p><\/div>\n<div id=\"attachment_10031\" style=\"width: 310px\" class=\"wp-caption alignleft\"><a href=\"https:\/\/mieux-se-connaitre.com\/wp4\/wp-content\/uploads\/2017\/09\/sorvagen30.jpg\"><img aria-describedby=\"caption-attachment-10031\" loading=\"lazy\" class=\"size-medium wp-image-10031\" src=\"https:\/\/mieux-se-connaitre.com\/wp4\/wp-content\/uploads\/2017\/09\/sorvagen30-300x225.jpg\" alt=\"Le lac de S\u00f8rv\u00e5gen\" width=\"300\" height=\"225\" srcset=\"https:\/\/mieux-se-connaitre.com\/wp4\/wp-content\/uploads\/2017\/09\/sorvagen30-300x225.jpg 300w, https:\/\/mieux-se-connaitre.com\/wp4\/wp-content\/uploads\/2017\/09\/sorvagen30-150x113.jpg 150w, https:\/\/mieux-se-connaitre.com\/wp4\/wp-content\/uploads\/2017\/09\/sorvagen30.jpg 1024w, https:\/\/mieux-se-connaitre.com\/wp4\/wp-content\/uploads\/2017\/09\/sorvagen30-600x450.jpg 600w\" sizes=\"(max-width: 300px) 100vw, 300px\" \/><\/a><p id=\"caption-attachment-10031\" class=\"wp-caption-text\">Le lac de S\u00f8rv\u00e5gen<\/p><\/div>\n<p><!--more--><\/p>\n<div id=\"attachment_10022\" style=\"width: 310px\" class=\"wp-caption alignleft\"><a href=\"https:\/\/mieux-se-connaitre.com\/wp4\/wp-content\/uploads\/2017\/09\/mukebu1.jpg\"><img aria-describedby=\"caption-attachment-10022\" loading=\"lazy\" class=\"size-medium wp-image-10022\" src=\"https:\/\/mieux-se-connaitre.com\/wp4\/wp-content\/uploads\/2017\/09\/mukebu1-300x225.jpg\" alt=\"S\u00f8rv\u00e5gen les lacs\" width=\"300\" height=\"225\" srcset=\"https:\/\/mieux-se-connaitre.com\/wp4\/wp-content\/uploads\/2017\/09\/mukebu1-300x225.jpg 300w, https:\/\/mieux-se-connaitre.com\/wp4\/wp-content\/uploads\/2017\/09\/mukebu1-150x113.jpg 150w, https:\/\/mieux-se-connaitre.com\/wp4\/wp-content\/uploads\/2017\/09\/mukebu1.jpg 1024w, https:\/\/mieux-se-connaitre.com\/wp4\/wp-content\/uploads\/2017\/09\/mukebu1-600x450.jpg 600w\" sizes=\"(max-width: 300px) 100vw, 300px\" \/><\/a><p id=\"caption-attachment-10022\" class=\"wp-caption-text\">S\u00f8rv\u00e5gen les lacs<\/p><\/div>\n<div id=\"attachment_10024\" style=\"width: 310px\" class=\"wp-caption alignleft\"><a href=\"https:\/\/mieux-se-connaitre.com\/wp4\/wp-content\/uploads\/2017\/09\/mukebu4.jpg\"><img aria-describedby=\"caption-attachment-10024\" loading=\"lazy\" class=\"size-medium wp-image-10024\" src=\"https:\/\/mieux-se-connaitre.com\/wp4\/wp-content\/uploads\/2017\/09\/mukebu4-300x225.jpg\" alt=\"ascension du MUnkebu-21heure en juin\" width=\"300\" height=\"225\" srcset=\"https:\/\/mieux-se-connaitre.com\/wp4\/wp-content\/uploads\/2017\/09\/mukebu4-300x225.jpg 300w, https:\/\/mieux-se-connaitre.com\/wp4\/wp-content\/uploads\/2017\/09\/mukebu4-150x113.jpg 150w, https:\/\/mieux-se-connaitre.com\/wp4\/wp-content\/uploads\/2017\/09\/mukebu4.jpg 1024w, https:\/\/mieux-se-connaitre.com\/wp4\/wp-content\/uploads\/2017\/09\/mukebu4-600x450.jpg 600w\" sizes=\"(max-width: 300px) 100vw, 300px\" \/><\/a><p id=\"caption-attachment-10024\" class=\"wp-caption-text\">ascension du MUnkebu-21heure en juin<\/p><\/div>\n<p>Je me r\u00e9veille vers 17 heures et part me chauffer en faisant le tour du lac. Le d\u00eener au restaurant est d\u00e9licieux&#8230;enfin un restaurant. Je demande au serveur un num\u00e9ro de t\u00e9l\u00e9phone que je puisse joindre au cas o\u00f9 je me torde la cheville en montant. Je mets une bouteille d&#8217;eau dans une poche de mon cir\u00e9 et un <a href=\"https:\/\/mieux-se-connaitre.com\/wp4\/2017\/05\/la-morue-sechee-ou-stockfisch\/\">stockfisch<\/a> dans l&#8217;autre et me voil\u00e0 partie. Pendant moins d&#8217;un kilom\u00e8tre, le chemin qui longe le lac est un vrai chemin puis les choses se g\u00e2tent tr\u00e8s vite. Il est 20h, le Soleil est encore tr\u00e8s haut dans le ciel, je croise 3 ou 4 personnes qui redescendent, dont deux Fran\u00e7ais qui disent que je suis folle, qu&#8217;ils ont mis 6 heures pour arriver au sommet, qu&#8217;ils se sont perdus et se sont retrouv\u00e9s \u00e0 patauger dans des tourbi\u00e8res. Apr\u00e8s cette rencontre, je ne rencontrerai plus personne, tout est d\u00e9sert. Il suffit de regarder la carte pour voir que sur l&#8217;\u00eele de Moskenes\u00f8ya, il n&#8217;y a aucune route \u00e0 l&#8217;int\u00e9rieur des terres, pas m\u00eame de chemin de terre et qu&#8217;il n&#8217;y a qu&#8217;un refuge, un peu avant d&#8217;arriver au sommet du Munkebu.<\/p>\n<div id=\"attachment_10018\" style=\"width: 310px\" class=\"wp-caption alignleft\"><a href=\"https:\/\/mieux-se-connaitre.com\/wp4\/wp-content\/uploads\/2017\/09\/mukebu23.jpg\"><img aria-describedby=\"caption-attachment-10018\" loading=\"lazy\" class=\"size-medium wp-image-10018\" src=\"https:\/\/mieux-se-connaitre.com\/wp4\/wp-content\/uploads\/2017\/09\/mukebu23-300x225.jpg\" alt=\"ascension du Munkebu - 19h en juin\" width=\"300\" height=\"225\" srcset=\"https:\/\/mieux-se-connaitre.com\/wp4\/wp-content\/uploads\/2017\/09\/mukebu23-300x225.jpg 300w, https:\/\/mieux-se-connaitre.com\/wp4\/wp-content\/uploads\/2017\/09\/mukebu23-150x113.jpg 150w, https:\/\/mieux-se-connaitre.com\/wp4\/wp-content\/uploads\/2017\/09\/mukebu23.jpg 1024w, https:\/\/mieux-se-connaitre.com\/wp4\/wp-content\/uploads\/2017\/09\/mukebu23-600x450.jpg 600w\" sizes=\"(max-width: 300px) 100vw, 300px\" \/><\/a><p id=\"caption-attachment-10018\" class=\"wp-caption-text\">ascension du Munkebu &#8211; 19h en juin<\/p><\/div>\n<div id=\"attachment_10020\" style=\"width: 310px\" class=\"wp-caption alignleft\"><a href=\"https:\/\/mieux-se-connaitre.com\/wp4\/wp-content\/uploads\/2017\/09\/mukebu20.jpg\"><img aria-describedby=\"caption-attachment-10020\" loading=\"lazy\" class=\"size-medium wp-image-10020\" src=\"https:\/\/mieux-se-connaitre.com\/wp4\/wp-content\/uploads\/2017\/09\/mukebu20-300x225.jpg\" alt=\"Ascension du munkebu - 23h en juin\" width=\"300\" height=\"225\" srcset=\"https:\/\/mieux-se-connaitre.com\/wp4\/wp-content\/uploads\/2017\/09\/mukebu20-300x225.jpg 300w, https:\/\/mieux-se-connaitre.com\/wp4\/wp-content\/uploads\/2017\/09\/mukebu20-150x113.jpg 150w, https:\/\/mieux-se-connaitre.com\/wp4\/wp-content\/uploads\/2017\/09\/mukebu20.jpg 1024w, https:\/\/mieux-se-connaitre.com\/wp4\/wp-content\/uploads\/2017\/09\/mukebu20-600x450.jpg 600w\" sizes=\"(max-width: 300px) 100vw, 300px\" \/><\/a><p id=\"caption-attachment-10020\" class=\"wp-caption-text\">Ascension du munkebu &#8211; 23h en juin<\/p><\/div>\n<p>Apr\u00e8s presque deux heures d&#8217;ascension, un jeune Su\u00e9dois me double et me propose de m&#8217;attendre. Je lui r\u00e9ponds qu&#8217;il me trouvera lorsqu&#8217;il descendra si je me suis bless\u00e9e. Non, dit-il, car je plante ma tente au sommet. Je lui promets de faire tr\u00e8s attention.<\/p>\n<div id=\"attachment_10025\" style=\"width: 310px\" class=\"wp-caption alignleft\"><a href=\"https:\/\/mieux-se-connaitre.com\/wp4\/wp-content\/uploads\/2017\/09\/mukebu10.jpg\"><img aria-describedby=\"caption-attachment-10025\" loading=\"lazy\" class=\"size-medium wp-image-10025\" src=\"https:\/\/mieux-se-connaitre.com\/wp4\/wp-content\/uploads\/2017\/09\/mukebu10-300x225.jpg\" alt=\"ascension du  Munkebu - 11h du soir\" width=\"300\" height=\"225\" srcset=\"https:\/\/mieux-se-connaitre.com\/wp4\/wp-content\/uploads\/2017\/09\/mukebu10-300x225.jpg 300w, https:\/\/mieux-se-connaitre.com\/wp4\/wp-content\/uploads\/2017\/09\/mukebu10-150x113.jpg 150w, https:\/\/mieux-se-connaitre.com\/wp4\/wp-content\/uploads\/2017\/09\/mukebu10.jpg 1024w, https:\/\/mieux-se-connaitre.com\/wp4\/wp-content\/uploads\/2017\/09\/mukebu10-600x450.jpg 600w\" sizes=\"(max-width: 300px) 100vw, 300px\" \/><\/a><p id=\"caption-attachment-10025\" class=\"wp-caption-text\">ascension du Munkebu &#8211; 11h du soir<\/p><\/div>\n<div id=\"attachment_10028\" style=\"width: 310px\" class=\"wp-caption alignleft\"><a href=\"https:\/\/mieux-se-connaitre.com\/wp4\/wp-content\/uploads\/2017\/09\/mukebu17.jpg\"><img aria-describedby=\"caption-attachment-10028\" loading=\"lazy\" class=\"size-medium wp-image-10028\" src=\"https:\/\/mieux-se-connaitre.com\/wp4\/wp-content\/uploads\/2017\/09\/mukebu17-300x225.jpg\" alt=\"Mukebu - encore un effort pour voir le Soleil.\" width=\"300\" height=\"225\" srcset=\"https:\/\/mieux-se-connaitre.com\/wp4\/wp-content\/uploads\/2017\/09\/mukebu17-300x225.jpg 300w, https:\/\/mieux-se-connaitre.com\/wp4\/wp-content\/uploads\/2017\/09\/mukebu17-150x113.jpg 150w, https:\/\/mieux-se-connaitre.com\/wp4\/wp-content\/uploads\/2017\/09\/mukebu17.jpg 1024w, https:\/\/mieux-se-connaitre.com\/wp4\/wp-content\/uploads\/2017\/09\/mukebu17-600x450.jpg 600w\" sizes=\"(max-width: 300px) 100vw, 300px\" \/><\/a><p id=\"caption-attachment-10028\" class=\"wp-caption-text\">Mukebu &#8211; encore un effort pour voir le Soleil.<\/p><\/div>\n<p>Entre l&#8217;asthme d\u00fb au pollen de bouleau fou de l&#8217;\u00e9t\u00e9 du Nord et les pr\u00e9cautions que je prends pour \u00eatre s\u00fbre de ne pas me tordre la cheville et surtout de ne pas me perdre, car seuls des cairns balisent le chemin (l&#8217;exp\u00e9rience des Fran\u00e7ais me rend d&#8217;autant plus attentive) : aucune autre signal\u00e9tique, j&#8217;arrive au sommet \u00e0 minuit et demi. Le Soleil vient d&#8217;appara\u00eetre derri\u00e8re le pic ouest. C&#8217;est \u00e9blouissant. La tente du su\u00e9dois est l\u00e0, bien plant\u00e9e au sommet&#8230;et il dort!!! Il ne sortira pas de sa tente avant que je reparte vers 2 heures du matin lorsque le Soleil, apr\u00e8s avoir poursuivi sa course entre les deux pics, dispara\u00eet derri\u00e8re le pic \u00e0 l&#8217;Est!<\/p>\n<div id=\"attachment_10026\" style=\"width: 310px\" class=\"wp-caption alignleft\"><a href=\"https:\/\/mieux-se-connaitre.com\/wp4\/wp-content\/uploads\/2017\/09\/mukebu8.jpg\"><img aria-describedby=\"caption-attachment-10026\" loading=\"lazy\" class=\"wp-image-10026 size-medium\" src=\"https:\/\/mieux-se-connaitre.com\/wp4\/wp-content\/uploads\/2017\/09\/mukebu8-300x225.jpg\" alt=\"Au sommet du Munkebu minuit et demi en juin\" width=\"300\" height=\"225\" srcset=\"https:\/\/mieux-se-connaitre.com\/wp4\/wp-content\/uploads\/2017\/09\/mukebu8-300x225.jpg 300w, https:\/\/mieux-se-connaitre.com\/wp4\/wp-content\/uploads\/2017\/09\/mukebu8-150x113.jpg 150w, https:\/\/mieux-se-connaitre.com\/wp4\/wp-content\/uploads\/2017\/09\/mukebu8.jpg 1024w, https:\/\/mieux-se-connaitre.com\/wp4\/wp-content\/uploads\/2017\/09\/mukebu8-600x450.jpg 600w\" sizes=\"(max-width: 300px) 100vw, 300px\" \/><\/a><p id=\"caption-attachment-10026\" class=\"wp-caption-text\">Au sommet du Munkebu 1heure du matin en juin<\/p><\/div>\n<div id=\"attachment_10027\" style=\"width: 310px\" class=\"wp-caption alignleft\"><a href=\"https:\/\/mieux-se-connaitre.com\/wp4\/wp-content\/uploads\/2017\/09\/mukebu7.jpg\"><img aria-describedby=\"caption-attachment-10027\" loading=\"lazy\" class=\"size-medium wp-image-10027\" src=\"https:\/\/mieux-se-connaitre.com\/wp4\/wp-content\/uploads\/2017\/09\/mukebu7-300x225.jpg\" alt=\"Au sommet du Munkebu 1h30 du matin\" width=\"300\" height=\"225\" srcset=\"https:\/\/mieux-se-connaitre.com\/wp4\/wp-content\/uploads\/2017\/09\/mukebu7-300x225.jpg 300w, https:\/\/mieux-se-connaitre.com\/wp4\/wp-content\/uploads\/2017\/09\/mukebu7-150x113.jpg 150w, https:\/\/mieux-se-connaitre.com\/wp4\/wp-content\/uploads\/2017\/09\/mukebu7.jpg 1024w, https:\/\/mieux-se-connaitre.com\/wp4\/wp-content\/uploads\/2017\/09\/mukebu7-600x450.jpg 600w\" sizes=\"(max-width: 300px) 100vw, 300px\" \/><\/a><p id=\"caption-attachment-10027\" class=\"wp-caption-text\">Au sommet du Munkebu 1h30 du matin<\/p><\/div>\n<div id=\"attachment_10021\" style=\"width: 310px\" class=\"wp-caption alignleft\"><a href=\"https:\/\/mieux-se-connaitre.com\/wp4\/wp-content\/uploads\/2017\/09\/mukebu19.jpg\"><img aria-describedby=\"caption-attachment-10021\" loading=\"lazy\" class=\"wp-image-10021 size-medium\" src=\"https:\/\/mieux-se-connaitre.com\/wp4\/wp-content\/uploads\/2017\/09\/mukebu19-300x225.jpg\" alt=\"Sommet du Munkebu - minuit 45 en juin\" width=\"300\" height=\"225\" srcset=\"https:\/\/mieux-se-connaitre.com\/wp4\/wp-content\/uploads\/2017\/09\/mukebu19-300x225.jpg 300w, https:\/\/mieux-se-connaitre.com\/wp4\/wp-content\/uploads\/2017\/09\/mukebu19-150x113.jpg 150w, https:\/\/mieux-se-connaitre.com\/wp4\/wp-content\/uploads\/2017\/09\/mukebu19.jpg 1024w, https:\/\/mieux-se-connaitre.com\/wp4\/wp-content\/uploads\/2017\/09\/mukebu19-600x450.jpg 600w\" sizes=\"(max-width: 300px) 100vw, 300px\" \/><\/a><p id=\"caption-attachment-10021\" class=\"wp-caption-text\">Sommet du Munkebu &#8211; 2h du matin en juin Le Soleil r\u00e9appara\u00eet plus \u00e0 l&#8217;est<\/p><\/div>\n<p>La descente est presque aussi p\u00e9rilleuse que la mont\u00e9e, j&#8217;ai une h\u00e9sitation sur le chemin et je vois les piquets de la voie ferrata plus \u00e0 l&#8217;est, j&#8217;ai loup\u00e9 un cairn, je remonte et reprends le bon chemin. J&#8217;enl\u00e8ve mes gants pour descendre la via ferrata, j&#8217;ai peur qu&#8217;ils ne me fassent glisser sur cette cha\u00eene sommaire.<\/p>\n<div id=\"attachment_10017\" style=\"width: 310px\" class=\"wp-caption alignleft\"><a href=\"https:\/\/mieux-se-connaitre.com\/wp4\/wp-content\/uploads\/2017\/09\/mukebu24.jpg\"><img aria-describedby=\"caption-attachment-10017\" loading=\"lazy\" class=\"size-medium wp-image-10017\" src=\"https:\/\/mieux-se-connaitre.com\/wp4\/wp-content\/uploads\/2017\/09\/mukebu24-300x225.jpg\" alt=\"le lac du Mukebu - 4 h du matin juin\" width=\"300\" height=\"225\" srcset=\"https:\/\/mieux-se-connaitre.com\/wp4\/wp-content\/uploads\/2017\/09\/mukebu24-300x225.jpg 300w, https:\/\/mieux-se-connaitre.com\/wp4\/wp-content\/uploads\/2017\/09\/mukebu24-150x113.jpg 150w, https:\/\/mieux-se-connaitre.com\/wp4\/wp-content\/uploads\/2017\/09\/mukebu24.jpg 1024w, https:\/\/mieux-se-connaitre.com\/wp4\/wp-content\/uploads\/2017\/09\/mukebu24-600x450.jpg 600w\" sizes=\"(max-width: 300px) 100vw, 300px\" \/><\/a><p id=\"caption-attachment-10017\" class=\"wp-caption-text\">le lac du Mukebu &#8211; 4 h du matin juin<\/p><\/div>\n<div id=\"attachment_10019\" style=\"width: 310px\" class=\"wp-caption alignleft\"><a href=\"https:\/\/mieux-se-connaitre.com\/wp4\/wp-content\/uploads\/2017\/09\/mukebu21.jpg\"><img aria-describedby=\"caption-attachment-10019\" loading=\"lazy\" class=\"size-medium wp-image-10019\" src=\"https:\/\/mieux-se-connaitre.com\/wp4\/wp-content\/uploads\/2017\/09\/mukebu21-300x225.jpg\" alt=\"Descente du Munkebu - 4h du matin juin\" width=\"300\" height=\"225\" srcset=\"https:\/\/mieux-se-connaitre.com\/wp4\/wp-content\/uploads\/2017\/09\/mukebu21-300x225.jpg 300w, https:\/\/mieux-se-connaitre.com\/wp4\/wp-content\/uploads\/2017\/09\/mukebu21-150x113.jpg 150w, https:\/\/mieux-se-connaitre.com\/wp4\/wp-content\/uploads\/2017\/09\/mukebu21.jpg 1024w, https:\/\/mieux-se-connaitre.com\/wp4\/wp-content\/uploads\/2017\/09\/mukebu21-600x450.jpg 600w\" sizes=\"(max-width: 300px) 100vw, 300px\" \/><\/a><p id=\"caption-attachment-10019\" class=\"wp-caption-text\">Descente du Munkebu &#8211; 4h du matin juin<\/p><\/div>\n<div id=\"attachment_10023\" style=\"width: 310px\" class=\"wp-caption alignleft\"><a href=\"https:\/\/mieux-se-connaitre.com\/wp4\/wp-content\/uploads\/2017\/09\/mukebu3.jpg\"><img aria-describedby=\"caption-attachment-10023\" loading=\"lazy\" class=\"size-medium wp-image-10023\" src=\"https:\/\/mieux-se-connaitre.com\/wp4\/wp-content\/uploads\/2017\/09\/mukebu3-300x225.jpg\" alt=\"Moskenes: un des multiples ponts qui \u00e9vitent de faire le tour des fjords- Descente du Munkebu 4 h du matin\" width=\"300\" height=\"225\" srcset=\"https:\/\/mieux-se-connaitre.com\/wp4\/wp-content\/uploads\/2017\/09\/mukebu3-300x225.jpg 300w, https:\/\/mieux-se-connaitre.com\/wp4\/wp-content\/uploads\/2017\/09\/mukebu3-150x113.jpg 150w, https:\/\/mieux-se-connaitre.com\/wp4\/wp-content\/uploads\/2017\/09\/mukebu3.jpg 1024w, https:\/\/mieux-se-connaitre.com\/wp4\/wp-content\/uploads\/2017\/09\/mukebu3-600x450.jpg 600w\" sizes=\"(max-width: 300px) 100vw, 300px\" \/><\/a><p id=\"caption-attachment-10023\" class=\"wp-caption-text\">Moskenes: un des multiples ponts qui \u00e9vitent de faire le tour des fjords- Descente du Munkebu 4 h du matin<\/p><\/div>\n<p>Le Soleil remonte \u00e0 l&#8217;est et \u00e9claire la montagne \u00e0 l&#8217;ouest.\u00a0 Bref il est presque 6 heures du matin lorsque j&#8217;arrive en bas. Je dors jusqu&#8217;\u00e0 14heures&#8230;\u00e9videmment avec la lumi\u00e8re puisque les Norv\u00e9giens n&#8217;ont jamais de volets \u00e0 leurs chambres, ni de rideaux occultant, au mieux de simples rideaux.<\/p>\n<div id=\"attachment_10032\" style=\"width: 235px\" class=\"wp-caption alignleft\"><a href=\"https:\/\/mieux-se-connaitre.com\/wp4\/wp-content\/uploads\/2017\/09\/sorvagen34.jpg\"><img aria-describedby=\"caption-attachment-10032\" loading=\"lazy\" class=\"size-medium wp-image-10032\" src=\"https:\/\/mieux-se-connaitre.com\/wp4\/wp-content\/uploads\/2017\/09\/sorvagen34-225x300.jpg\" alt=\"Munkebu : le Soleil \u00e9tait derri\u00e8re la montagne...\" width=\"225\" height=\"300\" srcset=\"https:\/\/mieux-se-connaitre.com\/wp4\/wp-content\/uploads\/2017\/09\/sorvagen34-225x300.jpg 225w, https:\/\/mieux-se-connaitre.com\/wp4\/wp-content\/uploads\/2017\/09\/sorvagen34-113x150.jpg 113w, https:\/\/mieux-se-connaitre.com\/wp4\/wp-content\/uploads\/2017\/09\/sorvagen34.jpg 768w, https:\/\/mieux-se-connaitre.com\/wp4\/wp-content\/uploads\/2017\/09\/sorvagen34-600x800.jpg 600w, https:\/\/mieux-se-connaitre.com\/wp4\/wp-content\/uploads\/2017\/09\/sorvagen34-300x400.jpg 300w, https:\/\/mieux-se-connaitre.com\/wp4\/wp-content\/uploads\/2017\/09\/sorvagen34-749x999.jpg 749w\" sizes=\"(max-width: 225px) 100vw, 225px\" \/><\/a><p id=\"caption-attachment-10032\" class=\"wp-caption-text\">Munkebu : le Soleil \u00e9tait derri\u00e8re la montagne&#8230;<\/p><\/div>\n<p>Je n&#8217;ai pas de courbatures, je me sens bien. Je reprends la voiture vers le nord, vers Sand\u00f8ya<\/p>\n<!-- google_ad_section_end -->","protected":false},"excerpt":{"rendered":"<!-- google_ad_section_start --><p>Dans ma course poursuite du Soleil de minuit, je fais \u00e9tape \u00e0 S\u00f8rv\u00e5gen, au sud des Lofoten, \u00e0 peine 10km au nord du cul de sac sud de la route des Lofoten \u00e0 \u00c5, cette escale touristique que j&#8217;ai fuie.&hellip;<\/p>\n<p class=\"more-link-p\"><a class=\"more-link\" href=\"https:\/\/mieux-se-connaitre.com\/wp4\/2017\/09\/munkebu-norvege-ou-tester-ses-limites\/\">Suite &rarr;<\/a><\/p>\n<!-- google_ad_section_end -->","protected":false},"author":1,"featured_media":0,"comment_status":"open","ping_status":"open","sticky":false,"template":"","format":"standard","meta":[],"categories":[1,293],"tags":[],"_links":{"self":[{"href":"https:\/\/mieux-se-connaitre.com\/wp4\/wp-json\/wp\/v2\/posts\/10013"}],"collection":[{"href":"https:\/\/mieux-se-connaitre.com\/wp4\/wp-json\/wp\/v2\/posts"}],"about":[{"href":"https:\/\/mieux-se-connaitre.com\/wp4\/wp-json\/wp\/v2\/types\/post"}],"author":[{"embeddable":true,"href":"https:\/\/mieux-se-connaitre.com\/wp4\/wp-json\/wp\/v2\/users\/1"}],"replies":[{"embeddable":true,"href":"https:\/\/mieux-se-connaitre.com\/wp4\/wp-json\/wp\/v2\/comments?post=10013"}],"version-history":[{"count":5,"href":"https:\/\/mieux-se-connaitre.com\/wp4\/wp-json\/wp\/v2\/posts\/10013\/revisions"}],"predecessor-version":[{"id":10035,"href":"https:\/\/mieux-se-connaitre.com\/wp4\/wp-json\/wp\/v2\/posts\/10013\/revisions\/10035"}],"wp:attachment":[{"href":"https:\/\/mieux-se-connaitre.com\/wp4\/wp-json\/wp\/v2\/media?parent=10013"}],"wp:term":[{"taxonomy":"category","embeddable":true,"href":"https:\/\/mieux-se-connaitre.com\/wp4\/wp-json\/wp\/v2\/categories?post=10013"},{"taxonomy":"post_tag","embeddable":true,"href":"https:\/\/mieux-se-connaitre.com\/wp4\/wp-json\/wp\/v2\/tags?post=10013"}],"curies":[{"name":"wp","href":"https:\/\/api.w.org\/{rel}","templated":true}]}}