{"id":10330,"date":"2018-12-10T18:00:34","date_gmt":"2018-12-10T16:00:34","guid":{"rendered":"https:\/\/mieux-se-connaitre.com\/wp4\/?p=10330"},"modified":"2020-06-27T17:21:38","modified_gmt":"2020-06-27T15:21:38","slug":"points-de-vue-sur-la-democratie","status":"publish","type":"post","link":"https:\/\/mieux-se-connaitre.com\/wp4\/2018\/12\/points-de-vue-sur-la-democratie\/","title":{"rendered":"Points de vue sur la d\u00e9mocratie"},"content":{"rendered":"<!-- google_ad_section_start --><div id=\"attachment_10331\" style=\"width: 310px\" class=\"wp-caption alignleft\"><a href=\"https:\/\/mieux-se-connaitre.com\/wp4\/wp-content\/uploads\/2018\/12\/barricadeW.jpg\"><img aria-describedby=\"caption-attachment-10331\" loading=\"lazy\" class=\"wp-image-10331 size-medium\" src=\"https:\/\/mieux-se-connaitre.com\/wp4\/wp-content\/uploads\/2018\/12\/barricadeW-300x201.jpg\" alt=\"Barricade \u00e0 Paris en 1848\" width=\"300\" height=\"201\" srcset=\"https:\/\/mieux-se-connaitre.com\/wp4\/wp-content\/uploads\/2018\/12\/barricadeW-300x201.jpg 300w, https:\/\/mieux-se-connaitre.com\/wp4\/wp-content\/uploads\/2018\/12\/barricadeW-150x100.jpg 150w, https:\/\/mieux-se-connaitre.com\/wp4\/wp-content\/uploads\/2018\/12\/barricadeW.jpg 510w\" sizes=\"(max-width: 300px) 100vw, 300px\" \/><\/a><p id=\"caption-attachment-10331\" class=\"wp-caption-text\">Barricade \u00e0 Paris en 1848En cette p\u00e9riode de gilets jaunes qui ne veulent ni porte-parole, ni repr\u00e9sentants, un petit retour sur l&#8217;histoire est int\u00e9ressant.<\/p><\/div>\n<h2><span style=\"color: #800000;\">D\u00e9mocratie, un grand mot, des visions bien diverses<\/span><\/h2>\n<p>La d\u00e9mocratie, ou r\u00e9gime dans lequel les d\u00e9cisions sont prises par le peuple, voit le jour dans la cit\u00e9 d&#8217;Ath\u00e8nes, elle nait de l&#8217;engagement de citoyens en politique pour assurer l&#8217;unit\u00e9 de la cit\u00e9, mais attention, uniquement des citoyens libres, les esclaves \u00e9tant exclus, or il y avait environ vingt fois plus d&#8217;esclaves que de citoyens libres.<\/p>\n<p>A l&#8217;\u00e9poque, l&#8217;<a href=\"https:\/\/mieux-se-connaitre.com\/wp4\/2011\/06\/labolition-de-lesclavage-et-du-servage-2\/\">esclavage<\/a> \u00e9tait consid\u00e9r\u00e9, non seulement comme indispensable, mais comme naturel, m\u00eame les premiers Chr\u00e9tiens ne le remettront pas en cause!<\/p>\n<p>En cette p\u00e9riode de gilets jaunes qui ne veulent ni porte-parole, ni repr\u00e9sentants, un petit retour sur l\u2019histoire est int\u00e9ressant.<\/p>\n<h2><span style=\"color: #800000;\">De quelles visions de la d\u00e9mocratie \u00eates-vous le ou la plus proche?<\/span><\/h2>\n<p>&#8211; <strong>celle du tr\u00e8s catholique Marc Sangnier<\/strong><\/p>\n<p>&#8220;J\u00e9sus seul a fond\u00e9, lui seul maintient le principe d\u00e9mocratique.&#8221; Sangnier voit dans la d\u00e9mocratie le syst\u00e8me politique qui suppose, pour \u00eatre efficace, la pleine responsabilit\u00e9 des citoyens et la pratique de vertus qui sont chr\u00e9tiennes. Il se consacre \u00e0 cet apostolat social : rapprocher le favoris\u00e9 et le d\u00e9muni par l&#8217;entraide et le d\u00e9veloppement de l&#8217;\u00e9ducation.<\/p>\n<p><strong>&#8211; celle de l&#8217;\u00e9crivain Eug\u00e8ne Le Roy<\/strong><br \/>\nD\u00e9fenseur de la cause paysanne, d\u00e9non\u00e7ant les grands propri\u00e9taires, la modernisation, il pr\u00f4nait la d\u00e9mocratie des petits propri\u00e9taires.<\/p>\n<p><strong>&#8211; celle du britannique William Ewart Gladstone<\/strong><\/p>\n<p>Il impose le concours pour acc\u00e9der \u00e0 la fonction publique et en 1872, il fait adopter le vote secret avec isoloir, une mesure symbolique d&#8217;une vaste port\u00e9e. Apr\u00e8s 1880, il \u00e9tend \u00e0 tous les citoyens, chefs de famille, le droit de vote que la loi de 1867 r\u00e9servait \u00e0 ceux qui habitaient en ville.<\/p>\n<p><strong>&#8211; celle de l\u2019historien <a href=\"https:\/\/mieux-se-connaitre.com\/wp4\/2014\/05\/tocqueville\/\">Charles Alexis Cl\u00e9rel de Tocqueville<\/a><\/strong><br \/>\n&#8220;Messieurs, nous nous endormons sur un volcan !&#8221;<\/p>\n<p><strong>&#8211; celle de <a href=\"https:\/\/mieux-se-connaitre.com\/wp4\/2014\/05\/victor-hugo-en-bref\/\">Victor Hugo<\/a><\/strong><br \/>\n&#8220;sous la pression de la multitude, dans l&#8217;\u00e9blouissement et la terreur de leur triomphe qui les d\u00e9bordait, ils d\u00e9cr\u00e8tent la R\u00e9publique, sans savoir qu&#8217;ils faisaient une si grande chose&#8221;<\/p>\n<p><strong>&#8211; Celle de <a href=\"https:\/\/mieux-se-connaitre.com\/wp4\/2011\/03\/les-racines-xixe-siecle-de-notre-systeme-educatif\/\">Pierre de Fredi baron de Coubertin<\/a><\/strong><br \/>\nJeune bourgeois conqu\u00e9rant et r\u00e9publicain, il r\u00eave de forger le caract\u00e8re des futurs chefs de la d\u00e9mocratie lib\u00e9rale<\/p>\n<p><strong>&#8211; Celle de l\u2019\u00e9crivain allemand Thomas Mann<\/strong><br \/>\nArdent propagandiste de la d\u00e9mocratie au cours de la Seconde Guerre mondiale,il essaie de concilier humanisme et sentiment de la d\u00e9cadence.<\/p>\n<p><strong>&#8211; Celle de <a href=\"https:\/\/mieux-se-connaitre.com\/wp4\/2011\/02\/les-partis-politiques-au-xixe\/\">Rosa Luxemburg<\/a><\/strong>, socialiste r\u00e9volutionnaire allemande<br \/>\nRed\u00e9couverte par le mouvement gauchiste des ann\u00e9es 1968 qui, non sans sch\u00e9matiser, reconna\u00eet volontiers en elle un pr\u00e9curseur en raison de ses critiques \u00e0 l&#8217;\u00e9gard du parti centralis\u00e9 et sa confiance dans la spontan\u00e9it\u00e9 r\u00e9volutionnaire des masses.<\/p>\n<p><strong>&#8211; Celle de <a href=\"https:\/\/mieux-se-connaitre.com\/wp4\/2011\/06\/la-liberation-de-la-femme-par-la-machine-domestique\/\">Siegfried Giedion<\/a><\/strong><br \/>\nEn d\u00e9mocratie, il ne peut pas y avoir de classe priv\u00e9e de ses droits civiques, ni de sexe privil\u00e9gi\u00e9.<\/p>\n<p><strong>&#8211; Celle des libres Penseurs<\/strong> (Anatole France par ex)<br \/>\nRepousser les dogmes, affirmer sa foi en la R\u00e9publique, et placer au-dessus de tout la d\u00e9mocratie et le progr\u00e8s la science.<\/p>\n<p><strong>&#8211; <a href=\"https:\/\/mieux-se-connaitre.com\/wp4\/2015\/03\/jesus-a-la-lumiere-de-la-science-positive\/\">Celle d&#8217;Ernest Renan<\/a><\/strong> qui constate d\u2019\u00e9chec de la d\u00e9mocratie pure et du suffrage universel.<\/p>\n<p><strong>&#8211; Celle des <a href=\"https:\/\/mieux-se-connaitre.com\/wp4\/2013\/03\/lanarchisme\/\">anarchistes<\/a><\/strong><\/p>\n<p>&#8211; <strong>Celle de <a href=\"https:\/\/mieux-se-connaitre.com\/wp4\/2015\/07\/lassociation-moyen-demancipation-de-la-classe-ouvriere\/\">Lassalle<\/a><\/strong><\/p>\n<p><strong>&#8211; Celle des <a href=\"https:\/\/mieux-se-connaitre.com\/wp4\/2010\/05\/le-dernier-jour-de-la-semaine-sanglante\/\">communards<\/a><\/strong><\/p>\n<h2><span style=\"color: #800000;\">Le r\u00eave pour tous<\/span><\/h2>\n<div id=\"attachment_10357\" style=\"width: 310px\" class=\"wp-caption alignleft\"><a href=\"https:\/\/mieux-se-connaitre.com\/wp4\/wp-content\/uploads\/2019\/01\/Wienconcertnouvelan28W.jpg\"><img aria-describedby=\"caption-attachment-10357\" loading=\"lazy\" class=\"size-medium wp-image-10357\" src=\"https:\/\/mieux-se-connaitre.com\/wp4\/wp-content\/uploads\/2019\/01\/Wienconcertnouvelan28W-300x225.jpg\" alt=\"culture pour tous\" width=\"300\" height=\"225\" srcset=\"https:\/\/mieux-se-connaitre.com\/wp4\/wp-content\/uploads\/2019\/01\/Wienconcertnouvelan28W-300x225.jpg 300w, https:\/\/mieux-se-connaitre.com\/wp4\/wp-content\/uploads\/2019\/01\/Wienconcertnouvelan28W-150x113.jpg 150w, https:\/\/mieux-se-connaitre.com\/wp4\/wp-content\/uploads\/2019\/01\/Wienconcertnouvelan28W.jpg 1024w, https:\/\/mieux-se-connaitre.com\/wp4\/wp-content\/uploads\/2019\/01\/Wienconcertnouvelan28W-600x450.jpg 600w\" sizes=\"(max-width: 300px) 100vw, 300px\" \/><\/a><p id=\"caption-attachment-10357\" class=\"wp-caption-text\">Vienne concert du nouvel an<\/p><\/div>\n<p>En cette p\u00e9riode de fronde, j&#8217;aimerai vous faire part de mon exp\u00e9rience Viennoise pour le nouvel an 2019.<\/p>\n<p>Sans citoyennet\u00e9 et sans libert\u00e9, la d\u00e9mocratie est un leurre.<\/p>\n<p>Ne nous manque-t-il pas un peu de r\u00eave, un peu plus de libert\u00e9 et beaucoup plus de citoyennet\u00e9?<br \/>\nLes Autrichiens retransmettent en direct sur tr\u00e8s grand \u00e9cran, sur la place de l&#8217;h\u00f4tel de ville ou sur la fa\u00e7ade de l&#8217;Op\u00e9ra, le concert du nouvel an par exemple ou les op\u00e9ras, spectacles qui se d\u00e9roulent dans les palais dor\u00e9s, dont les places sont hors de prix et tr\u00e8s vite \u00e9puis\u00e9es. La municipalit\u00e9 sort m\u00eame des chaises sur le trottoir.<\/p>\n<p>Le peuple peut donc voir le m\u00eame spectacle que les riches tout en buvant du Gl\u00fchwein et en mangeant des saucisses et en valsant sur la place.<\/p>\n<p>J&#8217;avais pouss\u00e9 la curiosit\u00e9 \u00e0 me rendre devant l&#8217;Op\u00e9ra pour voir entrer tous les riches messieurs et dames habill\u00e9s en tenue de soir\u00e9e, puis j&#8217;avais couru sur la place de l&#8217;h\u00f4tel de ville pour voir la m\u00eame chose qu&#8217;eux!<\/p>\n<p>Une fa\u00e7on d&#8217;augmenter le pouvoir d&#8217;achat, car le pouvoir d&#8217;achat, c&#8217;est aussi le manque \u00e0 d\u00e9penser, mais surtout de faire ressentir que personne n&#8217;est exclu.<br \/>\nJ&#8217;avais achet\u00e9 sur internet une carte de circulation pour les transports en commun: dans le m\u00e9tro de Vienne, dans les tramways, aucun portique, aucuns guichets, on circule totalement librement.<\/p>\n<p>Le taux de fraude est de 1,8%.<\/p>\n<p>Vous imaginez \u00e7a en France!!!!<\/p>\n<!-- google_ad_section_end -->","protected":false},"excerpt":{"rendered":"<!-- google_ad_section_start --><p>D\u00e9mocratie, un grand mot, des visions bien diverses La d\u00e9mocratie, ou r\u00e9gime dans lequel les d\u00e9cisions sont prises par le peuple, voit le jour dans la cit\u00e9 d&#8217;Ath\u00e8nes, elle nait de l&#8217;engagement de citoyens en politique pour assurer l&#8217;unit\u00e9 de&hellip;<\/p>\n<p class=\"more-link-p\"><a class=\"more-link\" href=\"https:\/\/mieux-se-connaitre.com\/wp4\/2018\/12\/points-de-vue-sur-la-democratie\/\">Suite &rarr;<\/a><\/p>\n<!-- google_ad_section_end -->","protected":false},"author":1,"featured_media":0,"comment_status":"open","ping_status":"open","sticky":false,"template":"","format":"standard","meta":[],"categories":[1],"tags":[],"_links":{"self":[{"href":"https:\/\/mieux-se-connaitre.com\/wp4\/wp-json\/wp\/v2\/posts\/10330"}],"collection":[{"href":"https:\/\/mieux-se-connaitre.com\/wp4\/wp-json\/wp\/v2\/posts"}],"about":[{"href":"https:\/\/mieux-se-connaitre.com\/wp4\/wp-json\/wp\/v2\/types\/post"}],"author":[{"embeddable":true,"href":"https:\/\/mieux-se-connaitre.com\/wp4\/wp-json\/wp\/v2\/users\/1"}],"replies":[{"embeddable":true,"href":"https:\/\/mieux-se-connaitre.com\/wp4\/wp-json\/wp\/v2\/comments?post=10330"}],"version-history":[{"count":3,"href":"https:\/\/mieux-se-connaitre.com\/wp4\/wp-json\/wp\/v2\/posts\/10330\/revisions"}],"predecessor-version":[{"id":13986,"href":"https:\/\/mieux-se-connaitre.com\/wp4\/wp-json\/wp\/v2\/posts\/10330\/revisions\/13986"}],"wp:attachment":[{"href":"https:\/\/mieux-se-connaitre.com\/wp4\/wp-json\/wp\/v2\/media?parent=10330"}],"wp:term":[{"taxonomy":"category","embeddable":true,"href":"https:\/\/mieux-se-connaitre.com\/wp4\/wp-json\/wp\/v2\/categories?post=10330"},{"taxonomy":"post_tag","embeddable":true,"href":"https:\/\/mieux-se-connaitre.com\/wp4\/wp-json\/wp\/v2\/tags?post=10330"}],"curies":[{"name":"wp","href":"https:\/\/api.w.org\/{rel}","templated":true}]}}