{"id":10411,"date":"2019-04-14T19:56:14","date_gmt":"2019-04-14T17:56:14","guid":{"rendered":"https:\/\/mieux-se-connaitre.com\/wp4\/?p=10411"},"modified":"2019-04-14T19:26:29","modified_gmt":"2019-04-14T17:26:29","slug":"telephone-bagarre-lanteriorite","status":"publish","type":"post","link":"https:\/\/mieux-se-connaitre.com\/wp4\/2019\/04\/telephone-bagarre-lanteriorite\/","title":{"rendered":"Le t\u00e9l\u00e9phone et la bagarre pour l&#8217;ant\u00e9riorit\u00e9"},"content":{"rendered":"<!-- google_ad_section_start --><div id=\"attachment_10412\" style=\"width: 310px\" class=\"wp-caption alignleft\"><a href=\"https:\/\/mieux-se-connaitre.com\/wp4\/wp-content\/uploads\/2019\/04\/a16084.jpg\"><img aria-describedby=\"caption-attachment-10412\" loading=\"lazy\" class=\"size-medium wp-image-10412\" src=\"https:\/\/mieux-se-connaitre.com\/wp4\/wp-content\/uploads\/2019\/04\/a16084-300x225.jpg\" alt=\"T\u00e9l\u00e9phone de Graham Bell \u00a9 CNAM\" width=\"300\" height=\"225\" srcset=\"https:\/\/mieux-se-connaitre.com\/wp4\/wp-content\/uploads\/2019\/04\/a16084-300x225.jpg 300w, https:\/\/mieux-se-connaitre.com\/wp4\/wp-content\/uploads\/2019\/04\/a16084-150x113.jpg 150w, https:\/\/mieux-se-connaitre.com\/wp4\/wp-content\/uploads\/2019\/04\/a16084-600x450.jpg 600w, https:\/\/mieux-se-connaitre.com\/wp4\/wp-content\/uploads\/2019\/04\/a16084.jpg 640w\" sizes=\"(max-width: 300px) 100vw, 300px\" \/><\/a><p id=\"caption-attachment-10412\" class=\"wp-caption-text\">T\u00e9l\u00e9phone de Graham Bell \u00a9 CNAM<\/p><\/div>\n<p>1854 : &#8220;Je me suis demand\u00e9 si la parole ne pouvait pas \u00eatre transmise par l&#8217;\u00e9lectricit\u00e9.&#8221; Personne ne croit aux excentricit\u00e9s de Charles Bourseul. 22 ans apr\u00e8s : &#8220;J&#8217;ai fait parler des sourds-muets, vous verrez que je saurai donner la parole au fer&#8221;. Graham Bell tient parole.<br \/>\nLe public s&#8217;\u00e9merveille : &#8220;J&#8217;ai entendu &#8220;To be or not to be&#8221; par un fil t\u00e9l\u00e9graphique ; l&#8217;articulation \u00e9lectrique le donnait par \u00e9lans, haussait la port\u00e9e du ton. Tout cela, je l&#8217;ai entendu avec une nettet\u00e9 qui ne permettait aucune m\u00e9prise, par l&#8217;armature en forme de disque d&#8217;un petit \u00e9lectroaimant. Les paroles \u00e9taient prof\u00e9r\u00e9es par le professeur Watson \u00e0 l&#8217;autre extr\u00e9mit\u00e9 du fil t\u00e9l\u00e9graphique. <!--more-->L&#8217;appareil de Monsieur Bell se distingue de tous ses devanciers.&#8221;<br \/>\nA peine invent\u00e9, le t\u00e9l\u00e9phone remporte un immense succ\u00e8s commercial. Ce qui explique sans doute l&#8217;\u00e2pret\u00e9 des controverses qui s&#8217;\u00e9l\u00e8vent entre Graham Bell, Elisha Gray et Thomas Edison : chacun revendique la propri\u00e9t\u00e9 de l&#8217;invention ! Bell obtient le brevet (N 174165) le 7 mars 1876 et gagne le proc\u00e8s.<br \/>\nEn France, d\u00e8s 1880, trois compagnies priv\u00e9es se lancent et fusionnent assez rapidement pour fonder la Compagnie G\u00e9n\u00e9rale du T\u00e9l\u00e9phone. Il y a 300 abonn\u00e9s \u00e0 Paris en 1881 et l&#8217;abonnement co\u00fbte 600 francs-or.<\/p>\n<!-- google_ad_section_end -->","protected":false},"excerpt":{"rendered":"<!-- google_ad_section_start --><p>1854 : &#8220;Je me suis demand\u00e9 si la parole ne pouvait pas \u00eatre transmise par l&#8217;\u00e9lectricit\u00e9.&#8221; Personne ne croit aux excentricit\u00e9s de Charles Bourseul. 22 ans apr\u00e8s : &#8220;J&#8217;ai fait parler des sourds-muets, vous verrez que je saurai donner la&hellip;<\/p>\n<p class=\"more-link-p\"><a class=\"more-link\" href=\"https:\/\/mieux-se-connaitre.com\/wp4\/2019\/04\/telephone-bagarre-lanteriorite\/\">Suite &rarr;<\/a><\/p>\n<!-- google_ad_section_end -->","protected":false},"author":1,"featured_media":0,"comment_status":"open","ping_status":"open","sticky":false,"template":"","format":"standard","meta":[],"categories":[7,152],"tags":[],"_links":{"self":[{"href":"https:\/\/mieux-se-connaitre.com\/wp4\/wp-json\/wp\/v2\/posts\/10411"}],"collection":[{"href":"https:\/\/mieux-se-connaitre.com\/wp4\/wp-json\/wp\/v2\/posts"}],"about":[{"href":"https:\/\/mieux-se-connaitre.com\/wp4\/wp-json\/wp\/v2\/types\/post"}],"author":[{"embeddable":true,"href":"https:\/\/mieux-se-connaitre.com\/wp4\/wp-json\/wp\/v2\/users\/1"}],"replies":[{"embeddable":true,"href":"https:\/\/mieux-se-connaitre.com\/wp4\/wp-json\/wp\/v2\/comments?post=10411"}],"version-history":[{"count":1,"href":"https:\/\/mieux-se-connaitre.com\/wp4\/wp-json\/wp\/v2\/posts\/10411\/revisions"}],"predecessor-version":[{"id":10413,"href":"https:\/\/mieux-se-connaitre.com\/wp4\/wp-json\/wp\/v2\/posts\/10411\/revisions\/10413"}],"wp:attachment":[{"href":"https:\/\/mieux-se-connaitre.com\/wp4\/wp-json\/wp\/v2\/media?parent=10411"}],"wp:term":[{"taxonomy":"category","embeddable":true,"href":"https:\/\/mieux-se-connaitre.com\/wp4\/wp-json\/wp\/v2\/categories?post=10411"},{"taxonomy":"post_tag","embeddable":true,"href":"https:\/\/mieux-se-connaitre.com\/wp4\/wp-json\/wp\/v2\/tags?post=10411"}],"curies":[{"name":"wp","href":"https:\/\/api.w.org\/{rel}","templated":true}]}}