{"id":10431,"date":"2019-05-07T20:00:17","date_gmt":"2019-05-07T18:00:17","guid":{"rendered":"https:\/\/mieux-se-connaitre.com\/wp4\/?p=10431"},"modified":"2020-06-27T16:20:25","modified_gmt":"2020-06-27T14:20:25","slug":"communisme","status":"publish","type":"post","link":"https:\/\/mieux-se-connaitre.com\/wp4\/2019\/05\/communisme\/","title":{"rendered":"Que serait le communisme pour vous?"},"content":{"rendered":"<!-- google_ad_section_start --><div id=\"attachment_10432\" style=\"width: 310px\" class=\"wp-caption alignleft\"><a href=\"https:\/\/mieux-se-connaitre.com\/wp4\/wp-content\/uploads\/2019\/05\/17335.jpg\"><img aria-describedby=\"caption-attachment-10432\" loading=\"lazy\" class=\"wp-image-10432 size-medium\" src=\"https:\/\/mieux-se-connaitre.com\/wp4\/wp-content\/uploads\/2019\/05\/17335-300x225.jpg\" alt=\"communisme\" width=\"300\" height=\"225\" srcset=\"https:\/\/mieux-se-connaitre.com\/wp4\/wp-content\/uploads\/2019\/05\/17335-300x225.jpg 300w, https:\/\/mieux-se-connaitre.com\/wp4\/wp-content\/uploads\/2019\/05\/17335-150x113.jpg 150w, https:\/\/mieux-se-connaitre.com\/wp4\/wp-content\/uploads\/2019\/05\/17335-600x450.jpg 600w, https:\/\/mieux-se-connaitre.com\/wp4\/wp-content\/uploads\/2019\/05\/17335.jpg 800w\" sizes=\"(max-width: 300px) 100vw, 300px\" \/><\/a><p id=\"caption-attachment-10432\" class=\"wp-caption-text\">photo Jorge Sclar<\/p><\/div>\n<p>Je voudrais faire partager un extrait du livre <em>Rue du prol\u00e9taire rouge<\/em> de Nina et Jean K\u00e9hayan (1978) qu&#8217;une amie m&#8217;a offert suite \u00e0 mon exp\u00e9rience sur le <a href=\"https:\/\/mieux-se-connaitre.com\/wp4\/2019\/02\/dau-fin-de-lexperience-la-fete-sur-la-terrasse-du-chatelet\/\">projet DAU<\/a>.<\/p>\n<p>618 travailleurs du kolkhose Octobre rouge, d\u00e9cor\u00e9s et ob\u00e9issants adressent une p\u00e9tition au camarade Brejnev. (elle est longue, le style dans la plus pure dialectique communiste, je vais donc uniquement retranscrire l&#8217;objet de la p\u00e9tition) &#8220;Pour mieux pr\u00e9parer l&#8217;avenir, nous souhaiterions <span class=\"text_exposed_show\">conna\u00eetre aujourd&#8217;hui le moment pr\u00e9cis de l&#8217;instauration du communisme dans notre pays afin de prendre le plus dignement possible toute la place \u00e0 ce moment-l\u00e0. &#8221; <\/span><\/p>\n<p><span class=\"text_exposed_show\">Suivent 618 signatures. L&#8217;assembl\u00e9e d\u00e9signe deux jeunes komsomols pour se rendre \u00e0 la capitale et porter la p\u00e9tition en mains propres \u00e0 Brejnev. Suivent deux pages de p\u00e9rip\u00e9ties entre dr\u00f4les et kafkaiennes. Les deux paysans sont t\u00eatus et arrivent \u00e0 rencontrer le 28e adjoint du 36e secr\u00e9taire de Brejnev (sic) et ne le l\u00e2chent pas avant d&#8217;avoir une r\u00e9ponse. Le secr\u00e9taire pour s&#8217;en d\u00e9barrasser a une illumination : <\/span><\/p>\n<p><span class=\"text_exposed_show\">&#8220;Vous voyez, ces deux voitures noires sur le parking. A gauche c&#8217;est la Tcha\u00efka du camarade Brejnev et \u00e0 droite, celle du camarade Kossyguine. Fixez bien cette image et dites au glorieux travailleurs du kolkhose Octobre rouge que le communisme commencera officiellement chez nous le jour o\u00f9 vos propres tcha\u00efka seront gar\u00e9es entre ces deux-l\u00e0.&#8221; <\/span><\/p>\n<p><span class=\"text_exposed_show\">Les deux paysans partent contents : ils ont leur r\u00e9ponse. De retour au kolkhose, ils scrutent l&#8217;assembl\u00e9e avec le m\u00eame s\u00e9rieux que le fonctionnaire les a scrut\u00e9s la veille et demandent \u00e0 deux vieux les plus pauvres de leur donner chacun leurs pauvres sandales en \u00e9corce de bouleau (laptis), puis ils les rangent c\u00f4te \u00e0 c\u00f4te sur la tribune:<\/span><\/p>\n<p><span class=\"text_exposed_show\">&#8220;Vous voyez, \u00e0 gauche les laptis de Macha et \u00e0 droite le laptis d&#8217;Alexandre. Et bien, le jour o\u00f9 o\u00f9 vous verrez les laptis du camarade Brejnev rang\u00e9s entre ces deux paires, vous pourrez dire que le communisme est enfin instaur\u00e9 dans notre pays&#8221;. <\/span><\/p>\n<p><span class=\"text_exposed_show\">Histoire vraie!!!!! Pas cons les deux paysans!<\/span><\/p>\n<p>Bref, entre ces deux visions, pour vous que serait le <a href=\"https:\/\/mieux-se-connaitre.com\/wp4\/2011\/12\/illusions-sur-la-repartition-des-produits-du-travail\/\">communisme<\/a> id\u00e9al?<\/p>\n<!-- google_ad_section_end -->","protected":false},"excerpt":{"rendered":"<!-- google_ad_section_start --><p>Je voudrais faire partager un extrait du livre Rue du prol\u00e9taire rouge de Nina et Jean K\u00e9hayan (1978) qu&#8217;une amie m&#8217;a offert suite \u00e0 mon exp\u00e9rience sur le projet DAU. 618 travailleurs du kolkhose Octobre rouge, d\u00e9cor\u00e9s et ob\u00e9issants adressent&hellip;<\/p>\n<p class=\"more-link-p\"><a class=\"more-link\" href=\"https:\/\/mieux-se-connaitre.com\/wp4\/2019\/05\/communisme\/\">Suite &rarr;<\/a><\/p>\n<!-- google_ad_section_end -->","protected":false},"author":1,"featured_media":0,"comment_status":"open","ping_status":"open","sticky":false,"template":"","format":"standard","meta":[],"categories":[1],"tags":[],"_links":{"self":[{"href":"https:\/\/mieux-se-connaitre.com\/wp4\/wp-json\/wp\/v2\/posts\/10431"}],"collection":[{"href":"https:\/\/mieux-se-connaitre.com\/wp4\/wp-json\/wp\/v2\/posts"}],"about":[{"href":"https:\/\/mieux-se-connaitre.com\/wp4\/wp-json\/wp\/v2\/types\/post"}],"author":[{"embeddable":true,"href":"https:\/\/mieux-se-connaitre.com\/wp4\/wp-json\/wp\/v2\/users\/1"}],"replies":[{"embeddable":true,"href":"https:\/\/mieux-se-connaitre.com\/wp4\/wp-json\/wp\/v2\/comments?post=10431"}],"version-history":[{"count":3,"href":"https:\/\/mieux-se-connaitre.com\/wp4\/wp-json\/wp\/v2\/posts\/10431\/revisions"}],"predecessor-version":[{"id":13981,"href":"https:\/\/mieux-se-connaitre.com\/wp4\/wp-json\/wp\/v2\/posts\/10431\/revisions\/13981"}],"wp:attachment":[{"href":"https:\/\/mieux-se-connaitre.com\/wp4\/wp-json\/wp\/v2\/media?parent=10431"}],"wp:term":[{"taxonomy":"category","embeddable":true,"href":"https:\/\/mieux-se-connaitre.com\/wp4\/wp-json\/wp\/v2\/categories?post=10431"},{"taxonomy":"post_tag","embeddable":true,"href":"https:\/\/mieux-se-connaitre.com\/wp4\/wp-json\/wp\/v2\/tags?post=10431"}],"curies":[{"name":"wp","href":"https:\/\/api.w.org\/{rel}","templated":true}]}}