{"id":10476,"date":"2019-08-25T19:56:45","date_gmt":"2019-08-25T17:56:45","guid":{"rendered":"https:\/\/mieux-se-connaitre.com\/wp4\/?p=10476"},"modified":"2019-08-26T13:49:32","modified_gmt":"2019-08-26T11:49:32","slug":"les-gilets-jaunes-1869-sattaquent-facade-lopera","status":"publish","type":"post","link":"https:\/\/mieux-se-connaitre.com\/wp4\/2019\/08\/les-gilets-jaunes-1869-sattaquent-facade-lopera\/","title":{"rendered":"Les gilets jaunes de 1869 s&#8217;attaquent \u00e0 la fa\u00e7ade de l&#8217;Op\u00e9ra"},"content":{"rendered":"<!-- google_ad_section_start --><div id=\"attachment_10478\" style=\"width: 214px\" class=\"wp-caption alignleft\"><a href=\"https:\/\/mieux-se-connaitre.com\/wp4\/wp-content\/uploads\/2019\/08\/EVT186.jpg\"><img aria-describedby=\"caption-attachment-10478\" loading=\"lazy\" class=\"size-medium wp-image-10478\" src=\"https:\/\/mieux-se-connaitre.com\/wp4\/wp-content\/uploads\/2019\/08\/EVT186-204x300.jpg\" alt=\"La Danse de Carpeaux asperg\u00e9e d'encre en 1869\" width=\"204\" height=\"300\" srcset=\"https:\/\/mieux-se-connaitre.com\/wp4\/wp-content\/uploads\/2019\/08\/EVT186-204x300.jpg 204w, https:\/\/mieux-se-connaitre.com\/wp4\/wp-content\/uploads\/2019\/08\/EVT186-102x150.jpg 102w, https:\/\/mieux-se-connaitre.com\/wp4\/wp-content\/uploads\/2019\/08\/EVT186-300x440.jpg 300w, https:\/\/mieux-se-connaitre.com\/wp4\/wp-content\/uploads\/2019\/08\/EVT186.jpg 327w\" sizes=\"(max-width: 204px) 100vw, 204px\" \/><\/a><p id=\"caption-attachment-10478\" class=\"wp-caption-text\">La Danse de Carpeaux asperg\u00e9e d&#8217;encre en 1869<\/p><\/div>\n<p>Le 25 ao\u00fbt 1869, le groupe de la Danse de <a href=\"https:\/\/mieux-se-connaitre.com\/wp4\/2015\/03\/ugolin-et-ses-fils-de-carpeaux\/\">Carpeaux<\/a>, plac\u00e9 devant l&#8217;Op\u00e9ra, est sali avec de l&#8217;encre.<\/p>\n<p>&#8220;Une kermesse d\u00e9shabill\u00e9e ! des natures hennissantes. D\u00e9lire d&#8217;une Bacchanale.&#8221;<br \/>\nFaut-il enlever le groupe de Monsieur Carpeaux de la fa\u00e7ade de l&#8217;Op\u00e9ra ? Il est vrai que La Danse diff\u00e8re des autres groupes par la dimension et l&#8217;espace qu&#8217;il occupe et nuit \u00e0 la l&#8217;unit\u00e9 de la fa\u00e7ade.<br \/>\n&#8220;Les femmes de M. Carpeaux se tr\u00e9moussent mais ne dansent pas !&#8221;. &#8220;Louis XIV se serait bouch\u00e9 le nez devant ce groupe&#8221;.<br \/>\nLa rumeur n&#8217;est pas tendre. Toutefois, certains appr\u00e9cient :<br \/>\n&#8220;Carpeaux a traduit tous les fr\u00e9missements de la vie, toutes les r\u00e9alit\u00e9s de la forme, toutes les moiteurs de l&#8217;\u00e9piderme. Son marbre s&#8217;est fait chair. C&#8217;est l&#8217;\u0153uvre d&#8217;un grand artiste.&#8221;<br \/>\nLe r\u00e9alisme de l&#8217;\u0153uvre ne choque plus :&#8221;D\u00e9shabillez les comm\u00e8res qui se tr\u00e9moussent dans la kermesse de Rubens et vous aurez les Bacchantes de M. Carpeaux&#8221;. -Th\u00e9ophile Gautier-<\/p>\n<!-- google_ad_section_end -->","protected":false},"excerpt":{"rendered":"<!-- google_ad_section_start --><p>Le 25 ao\u00fbt 1869, le groupe de la Danse de Carpeaux, plac\u00e9 devant l&#8217;Op\u00e9ra, est sali avec de l&#8217;encre. &#8220;Une kermesse d\u00e9shabill\u00e9e ! des natures hennissantes. D\u00e9lire d&#8217;une Bacchanale.&#8221; Faut-il enlever le groupe de Monsieur Carpeaux de la fa\u00e7ade de&hellip;<\/p>\n<p class=\"more-link-p\"><a class=\"more-link\" href=\"https:\/\/mieux-se-connaitre.com\/wp4\/2019\/08\/les-gilets-jaunes-1869-sattaquent-facade-lopera\/\">Suite &rarr;<\/a><\/p>\n<!-- google_ad_section_end -->","protected":false},"author":1,"featured_media":0,"comment_status":"open","ping_status":"open","sticky":false,"template":"","format":"standard","meta":[],"categories":[158,7,150],"tags":[],"_links":{"self":[{"href":"https:\/\/mieux-se-connaitre.com\/wp4\/wp-json\/wp\/v2\/posts\/10476"}],"collection":[{"href":"https:\/\/mieux-se-connaitre.com\/wp4\/wp-json\/wp\/v2\/posts"}],"about":[{"href":"https:\/\/mieux-se-connaitre.com\/wp4\/wp-json\/wp\/v2\/types\/post"}],"author":[{"embeddable":true,"href":"https:\/\/mieux-se-connaitre.com\/wp4\/wp-json\/wp\/v2\/users\/1"}],"replies":[{"embeddable":true,"href":"https:\/\/mieux-se-connaitre.com\/wp4\/wp-json\/wp\/v2\/comments?post=10476"}],"version-history":[{"count":3,"href":"https:\/\/mieux-se-connaitre.com\/wp4\/wp-json\/wp\/v2\/posts\/10476\/revisions"}],"predecessor-version":[{"id":10484,"href":"https:\/\/mieux-se-connaitre.com\/wp4\/wp-json\/wp\/v2\/posts\/10476\/revisions\/10484"}],"wp:attachment":[{"href":"https:\/\/mieux-se-connaitre.com\/wp4\/wp-json\/wp\/v2\/media?parent=10476"}],"wp:term":[{"taxonomy":"category","embeddable":true,"href":"https:\/\/mieux-se-connaitre.com\/wp4\/wp-json\/wp\/v2\/categories?post=10476"},{"taxonomy":"post_tag","embeddable":true,"href":"https:\/\/mieux-se-connaitre.com\/wp4\/wp-json\/wp\/v2\/tags?post=10476"}],"curies":[{"name":"wp","href":"https:\/\/api.w.org\/{rel}","templated":true}]}}