{"id":10888,"date":"2020-03-17T18:00:56","date_gmt":"2020-03-17T16:00:56","guid":{"rendered":"https:\/\/mieux-se-connaitre.com\/wp4\/?p=10888"},"modified":"2020-07-02T13:44:22","modified_gmt":"2020-07-02T11:44:22","slug":"en-temps-guerre","status":"publish","type":"post","link":"https:\/\/mieux-se-connaitre.com\/wp4\/2020\/03\/en-temps-guerre\/","title":{"rendered":"En temps de guerre&#8230;.le covid-19"},"content":{"rendered":"<!-- google_ad_section_start --><div id=\"attachment_10889\" style=\"width: 235px\" class=\"wp-caption alignleft\"><a href=\"https:\/\/mieux-se-connaitre.com\/wp4\/wp-content\/uploads\/2020\/03\/lecri2W.jpg\"><img aria-describedby=\"caption-attachment-10889\" loading=\"lazy\" class=\"size-medium wp-image-10889\" src=\"https:\/\/mieux-se-connaitre.com\/wp4\/wp-content\/uploads\/2020\/03\/lecri2W-225x300.jpg\" alt=\"le cri - sculpture Maryvonne Pellay\" width=\"225\" height=\"300\" srcset=\"https:\/\/mieux-se-connaitre.com\/wp4\/wp-content\/uploads\/2020\/03\/lecri2W-225x300.jpg 225w, https:\/\/mieux-se-connaitre.com\/wp4\/wp-content\/uploads\/2020\/03\/lecri2W-113x150.jpg 113w, https:\/\/mieux-se-connaitre.com\/wp4\/wp-content\/uploads\/2020\/03\/lecri2W-768x1024.jpg 768w, https:\/\/mieux-se-connaitre.com\/wp4\/wp-content\/uploads\/2020\/03\/lecri2W-600x800.jpg 600w, https:\/\/mieux-se-connaitre.com\/wp4\/wp-content\/uploads\/2020\/03\/lecri2W-300x400.jpg 300w, https:\/\/mieux-se-connaitre.com\/wp4\/wp-content\/uploads\/2020\/03\/lecri2W-749x999.jpg 749w, https:\/\/mieux-se-connaitre.com\/wp4\/wp-content\/uploads\/2020\/03\/lecri2W.jpg 1024w\" sizes=\"(max-width: 225px) 100vw, 225px\" \/><\/a><p id=\"caption-attachment-10889\" class=\"wp-caption-text\">le cri &#8211; sculpture Maryvonne Pellay<\/p><\/div>\n<p>Puisque nous sommes en guerre, dit le Pr\u00e9sident&#8230;Que faites-vous?<\/p>\n<p>Puisqu&#8217;on nous demande de prendre les armes en restant enferm\u00e9s chez nous&#8230;Que faites-vous?<\/p>\n<p>La psychose du <a href=\"https:\/\/www.pasteur.fr\/fr\/centre-medical\/fiches-maladies\/maladie-covid-19-nouveau-coronavirus\">covid-19<\/a> marquera-t-elle l\u2019ann\u00e9e 2020 comme l\u2019entr\u00e9e r\u00e9elle dans le XXIe si\u00e8cle comme la guerre de 14-18 a marqu\u00e9 l\u2019entr\u00e9e dans le XXe si\u00e8cle. Ce pied de nez de l&#8217;histoire venant \u00e0 point deux ans apr\u00e8s les grands renforts de comm\u00e9morations d&#8217;une des pires horreurs de l&#8217;humanit\u00e9.<br \/>\nMais que sera ce XXIe si\u00e8cle : celui de l\u2019obscurantisme et du repli sur soi ou celui de la fin du capitalisme sauvage et le d\u00e9but d\u2019une v\u00e9ritable \u00e8re \u00e9cologique. L\u2019\u00e8re de l\u2019\u00e9chelle de la commune retrouv\u00e9e, mais de communes connect\u00e9es\u2026<\/p>\n<p>Et ne pas oublier que l&#8217;id\u00e9ogramme chinois pour \u00e9crire le mot crise est constitu\u00e9 de deux id\u00e9ogrammes<span class=\"oi732d6d ik7dh3pa d2edcug0 qv66sw1b c1et5uql a8c37x1j irj2b8pg enqfppq2 jq4qci2q a3bd9o3v knj5qynh oo9gr5id\" dir=\"auto\"> signifiant danger et opportunite\u0301!<\/span><\/p>\n<p>&nbsp;<\/p>\n<h2><span style=\"color: #800000;\"><strong>Face sombre:<\/strong><\/span><\/h2>\n<p>&#8211; Vous restez devant la t\u00e9l\u00e9 toute la journ\u00e9e pour regarder le matraquage digne d&#8217;une propagande de pays totalitaire.<\/p>\n<p>&#8211; Vous regardez avec d\u00e9lectation les fake news apocalyptiques sur les r\u00e9seaux sociaux.<\/p>\n<p>&#8211; Vous pouvez enfin faire les sc\u00e8nes de m\u00e9nage que vous n&#8217;aviez pas l&#8217;\u00e9nergie de faire car vous rentriez trop fatigu\u00e9 du boulot.<\/p>\n<p>&#8211; Vous ne faites rien et vous dormez toute la journ\u00e9e car tout ce que vous voudriez faire, on vous emp\u00eache de le faire, donc vous d\u00e9primez.<\/p>\n<p>&#8211; Le Pr\u00e9sident a dit que vous pouviez lire, mais vous n&#8217;avez jamais lu un livre de votre vie. M\u00eame Voici et Gala vous tombent des mains.<\/p>\n<h2><span style=\"color: #800000;\"><strong>Face claire:<\/strong><\/span><\/h2>\n<p>&#8211; Vous pouvez enfin passer du temps avec vos enfants et vous constatez qu&#8217;ils pr\u00e9f\u00e8rent travailler librement que clou\u00e9s sur un chaise toute la journ\u00e9e. Vous pouvez leur <a href=\"https:\/\/mieux-se-connaitre.com\/wp4\/2014\/06\/apprendre-a-lire\/\">apprendre \u00e0 lire<\/a>.<\/p>\n<p>&#8211; Vous pouvez enfin faire ce que vous n&#8217;aviez pas le temps de faire : bricoler, lire le gros pav\u00e9 sur Capital et id\u00e9ologie de Piketty. C&#8217;est le moment car cette crise majeure, comme toutes les guerres va bouleverser la soci\u00e9t\u00e9 et le monde du travail.<\/p>\n<p>&#8211; Vous vous apercevez que vous \u00eates bien plus efficace en t\u00e9l\u00e9travail qu&#8217;au bureau.<\/p>\n<p>&#8211; Vous avez choisi de fuir dans votre maison de campagne, c&#8217;est le printemps et vous profitez de la nature.<\/p>\n<p>Pour moi, \u00e7a ne change &#8220;presque&#8221; rien : je suis tr\u00e8s souvent confin\u00e9e seule chez moi et j&#8217;y suis bien, j&#8217;ai le temps de faire de la sculpture, d&#8217;\u00e9crire, bref, en principe cette mesure de confinement ne devrait rien changer. Mais elle change tout. Comme disait le <a href=\"https:\/\/mieux-se-connaitre.com\/wp4\/2010\/05\/essayez-la-methode-coue\/\">docteur Cou\u00e9<\/a> &#8220;Quand la volont\u00e9 et l\u2019imagination sont en lutte, c\u2019est toujours l\u2019imagination qui l\u2019emporte, sans aucune exception&#8221;.<\/p>\n<p>Je ne supporte pas qu&#8217;on m&#8217;enferme, donc mon imagination me pousse \u00e0 avoir envie de bouger. Tout ce que je fais habituellement avec plaisir car je sais que je peux sortir si je veux, me devient insupportable.<\/p>\n<h2><span style=\"color: #800000;\">En temps de guerre en 1943<\/span><\/h2>\n<div id=\"attachment_8572\" style=\"width: 222px\" class=\"wp-caption alignleft\"><a href=\"https:\/\/mieux-se-connaitre.com\/wp4\/wp-content\/uploads\/2015\/01\/rougealevre.jpg\"><img aria-describedby=\"caption-attachment-8572\" loading=\"lazy\" class=\"size-medium wp-image-8572\" src=\"https:\/\/mieux-se-connaitre.com\/wp4\/wp-content\/uploads\/2015\/01\/rougealevre-212x300.jpg\" alt=\"Publicit\u00e9 pour le rouge \u00e0 l\u00e8vre Annie-France\" width=\"212\" height=\"300\" srcset=\"https:\/\/mieux-se-connaitre.com\/wp4\/wp-content\/uploads\/2015\/01\/rougealevre-212x300.jpg 212w, https:\/\/mieux-se-connaitre.com\/wp4\/wp-content\/uploads\/2015\/01\/rougealevre-106x150.jpg 106w, https:\/\/mieux-se-connaitre.com\/wp4\/wp-content\/uploads\/2015\/01\/rougealevre.jpg 566w\" sizes=\"(max-width: 212px) 100vw, 212px\" \/><\/a><p id=\"caption-attachment-8572\" class=\"wp-caption-text\">Publicit\u00e9 pour le rouge \u00e0 l\u00e8vre Annie-France<\/p><\/div>\n<p>Fin 1943, la revue <em>\u00c0 la fran\u00e7aise<\/em>, \u00e9dit\u00e9e en zone libre, essaie de donner l&#8217;illusion de la vie parisienne&#8230;d&#8217;avant et de r\u00e9conforter les femmes rest\u00e9es seules.<\/p>\n<p>&#8220;Vous \u00eates l\u00e0, vous \u00eates seule, seule en face de votre destin&#8230;No\u00ebl des absents, de ceux que vous attendez, de ceux qui ne reviendrons plus. la mort r\u00f4de autour des villes, vous avez \u00e9loign\u00e9 les enfants.&#8221;<\/p>\n<p>Pour faire vagabonder l&#8217;esprit des femmes vers le pass\u00e9 heureux, la revue \u00e9tale les cr\u00e9ations de mode et de belles publicit\u00e9s.<\/p>\n<p>Comment Internet la t\u00e9l\u00e9vision et les r\u00e9seaux sociaux vous ont-ils fait r\u00eaver&#8230;ou non?<\/p>\n<h2><span style=\"color: #800000;\">Id\u00e9al pour d\u00e9nombrer ses amis<\/span><\/h2>\n<div id=\"attachment_8714\" style=\"width: 178px\" class=\"wp-caption alignleft\"><a href=\"https:\/\/mieux-se-connaitre.com\/wp4\/wp-content\/uploads\/2015\/02\/JS010.jpg\"><img aria-describedby=\"caption-attachment-8714\" loading=\"lazy\" class=\"size-medium wp-image-8714\" src=\"https:\/\/mieux-se-connaitre.com\/wp4\/wp-content\/uploads\/2015\/02\/JS010-168x300.jpg\" alt=\"t\u00e9l\u00e9phone\" width=\"168\" height=\"300\" srcset=\"https:\/\/mieux-se-connaitre.com\/wp4\/wp-content\/uploads\/2015\/02\/JS010-168x300.jpg 168w, https:\/\/mieux-se-connaitre.com\/wp4\/wp-content\/uploads\/2015\/02\/JS010-84x150.jpg 84w, https:\/\/mieux-se-connaitre.com\/wp4\/wp-content\/uploads\/2015\/02\/JS010.jpg 360w\" sizes=\"(max-width: 168px) 100vw, 168px\" \/><\/a><p id=\"caption-attachment-8714\" class=\"wp-caption-text\">\u00a9 photo Jorge Sclar<\/p><\/div>\n<p>N&#8217;appelez plus personne et n&#8217;envoyez plus de SMS ou de mails et notez l&#8217;heure, la date et le nom de ceux qui vous contactent pour \u00e9valuer \u00e0 quel point vous comptez pour votre entourage.<\/p>\n<p>C&#8217;est un exercice surprenant et instructif dont le r\u00e9sultat d\u00e9pend bien \u00e9videmment de vos habitudes de communication avec les autres.<\/p>\n<p>J&#8217;ai fait \u00e7a pendant le confinement et seuls les quelques bons amis m&#8217;ont appel\u00e9e, ce qui fait chaud au coeur.<\/p>\n<p>&nbsp;<\/p>\n<!-- google_ad_section_end -->","protected":false},"excerpt":{"rendered":"<!-- google_ad_section_start --><p>Puisque nous sommes en guerre, dit le Pr\u00e9sident&#8230;Que faites-vous? Puisqu&#8217;on nous demande de prendre les armes en restant enferm\u00e9s chez nous&#8230;Que faites-vous? La psychose du covid-19 marquera-t-elle l\u2019ann\u00e9e 2020 comme l\u2019entr\u00e9e r\u00e9elle dans le XXIe si\u00e8cle comme la guerre de&hellip;<\/p>\n<p class=\"more-link-p\"><a class=\"more-link\" href=\"https:\/\/mieux-se-connaitre.com\/wp4\/2020\/03\/en-temps-guerre\/\">Suite &rarr;<\/a><\/p>\n<!-- google_ad_section_end -->","protected":false},"author":1,"featured_media":0,"comment_status":"open","ping_status":"open","sticky":false,"template":"","format":"standard","meta":[],"categories":[1],"tags":[],"_links":{"self":[{"href":"https:\/\/mieux-se-connaitre.com\/wp4\/wp-json\/wp\/v2\/posts\/10888"}],"collection":[{"href":"https:\/\/mieux-se-connaitre.com\/wp4\/wp-json\/wp\/v2\/posts"}],"about":[{"href":"https:\/\/mieux-se-connaitre.com\/wp4\/wp-json\/wp\/v2\/types\/post"}],"author":[{"embeddable":true,"href":"https:\/\/mieux-se-connaitre.com\/wp4\/wp-json\/wp\/v2\/users\/1"}],"replies":[{"embeddable":true,"href":"https:\/\/mieux-se-connaitre.com\/wp4\/wp-json\/wp\/v2\/comments?post=10888"}],"version-history":[{"count":7,"href":"https:\/\/mieux-se-connaitre.com\/wp4\/wp-json\/wp\/v2\/posts\/10888\/revisions"}],"predecessor-version":[{"id":14105,"href":"https:\/\/mieux-se-connaitre.com\/wp4\/wp-json\/wp\/v2\/posts\/10888\/revisions\/14105"}],"wp:attachment":[{"href":"https:\/\/mieux-se-connaitre.com\/wp4\/wp-json\/wp\/v2\/media?parent=10888"}],"wp:term":[{"taxonomy":"category","embeddable":true,"href":"https:\/\/mieux-se-connaitre.com\/wp4\/wp-json\/wp\/v2\/categories?post=10888"},{"taxonomy":"post_tag","embeddable":true,"href":"https:\/\/mieux-se-connaitre.com\/wp4\/wp-json\/wp\/v2\/tags?post=10888"}],"curies":[{"name":"wp","href":"https:\/\/api.w.org\/{rel}","templated":true}]}}