{"id":10935,"date":"2020-03-26T12:26:24","date_gmt":"2020-03-26T10:26:24","guid":{"rendered":"https:\/\/mieux-se-connaitre.com\/wp4\/?p=10935"},"modified":"2020-07-28T18:47:40","modified_gmt":"2020-07-28T16:47:40","slug":"monument-aux-morts-covid-19","status":"publish","type":"post","link":"https:\/\/mieux-se-connaitre.com\/wp4\/2020\/03\/monument-aux-morts-covid-19\/","title":{"rendered":"Monument aux morts du Covid-19?"},"content":{"rendered":"<!-- google_ad_section_start --><div id=\"attachment_10936\" style=\"width: 199px\" class=\"wp-caption alignleft\"><a href=\"https:\/\/mieux-se-connaitre.com\/wp4\/wp-content\/uploads\/2020\/03\/THE170a.jpg\"><img aria-describedby=\"caption-attachment-10936\" loading=\"lazy\" class=\"wp-image-10936 size-medium\" src=\"https:\/\/mieux-se-connaitre.com\/wp4\/wp-content\/uploads\/2020\/03\/THE170a-189x300.jpg\" alt=\"monument aux morts\" width=\"189\" height=\"300\" srcset=\"https:\/\/mieux-se-connaitre.com\/wp4\/wp-content\/uploads\/2020\/03\/THE170a-189x300.jpg 189w, https:\/\/mieux-se-connaitre.com\/wp4\/wp-content\/uploads\/2020\/03\/THE170a-95x150.jpg 95w, https:\/\/mieux-se-connaitre.com\/wp4\/wp-content\/uploads\/2020\/03\/THE170a-300x475.jpg 300w, https:\/\/mieux-se-connaitre.com\/wp4\/wp-content\/uploads\/2020\/03\/THE170a.jpg 303w\" sizes=\"(max-width: 189px) 100vw, 189px\" \/><\/a><p id=\"caption-attachment-10936\" class=\"wp-caption-text\">caricature de l&#8217;Assiette au beurre<\/p><\/div>\n<h2><span style=\"color: #800000;\">Puisque le covid-19, c&#8217;est la guerre, il faudra forc\u00e9ment un monument aux morts&#8230;<\/span><\/h2>\n<p>Je vais citer <a href=\"https:\/\/fr.wikipedia.org\/wiki\/La_Peste\"><em>La Peste<\/em> d&#8217;Albert Camus<\/a> (\u00e0 lire ou relire en ce moment), litt\u00e9ralement en ne rempla\u00e7ant que peste par Coronavirus:<\/p>\n<p>&#8220;- Dites, docteur, c&#8217;est vrai qu&#8217;ils vont construire un monument aux morts du Coronavirus?<\/p>\n<p>&#8211; Le journal le dit. Une st\u00e8le ou une plaque.<\/p>\n<p>&#8211; J&#8217;en \u00e9tais s\u00fbr. Et il y aura des discours.<\/p>\n<p>Le vieux riait d&#8217;un rire \u00e9trangl\u00e9.<\/p>\n<p>&#8211; Je les entend d&#8217;ici: &#8220;Nos morts&#8230;.&#8221; et ils iront casser la cro\u00fbte.&#8221;<\/p>\n<p>Qu&#8217;allons-nous construire pour honorer les soignants et les morts apr\u00e8s le Covid 19? Une couronne \u00e0 virus?<\/p>\n<h2><span style=\"color: #800000;\">Le sport de le c\u00e9l\u00e9bration des morts et des h\u00e9ros n&#8217;est pas nouveau,<\/span><\/h2>\n<p><span style=\"color: #800000;\">La statuomanie<\/span> et la <a href=\"https:\/\/mieux-se-connaitre.com\/wp4\/2010\/03\/emprunts-et-souscription-au-xixe\/\">souscription<\/a> furent le grand sport du XIXe si\u00e8cle. Les places publiques, les carrefours nouvellement am\u00e9nag\u00e9s, les fa\u00e7ades des b\u00e2timents officiels accueillent de plus en plus de statues, de bustes (en pierre ou en bronze) repr\u00e9sentant les c\u00e9l\u00e9brit\u00e9s ou tout au moins les gloires de l&#8217;\u00e9poque.<br \/>\nLa statuomanie s&#8217;\u00e9tait empar\u00e9e de la R\u00e9publique, fi\u00e8re de ses grands hommes, des plus petits aux plus grands, du moment qu&#8217;ils ont foi dans le progr\u00e8s et qu&#8217;ils croient en la perfectibilit\u00e9 de l&#8217;homme. On rend hommage ainsi \u00e0 ses morts que l&#8217;on honore et que l&#8217;on respecte : c&#8217;est le culte la\u00efc, patriotique et d\u00e9mocratique du &#8220;Grand Homme&#8221;. La statue, image et message \u00e0 la vertu \u00e9ducatrice, ancr\u00e9s au c\u0153ur de la cit\u00e9, c&#8217;est un peu la nouvelle religion la\u00efque n\u00e9e du XIXe si\u00e8cle.<br \/>\nSouvent financ\u00e9e par la souscription publique, la statuomanie se d\u00e9veloppe \u00e0 partir de 1830 et sous le Second Empire, connaissant son apog\u00e9e sous la IIIe R\u00e9publique.<\/p>\n<div id=\"attachment_10937\" style=\"width: 310px\" class=\"wp-caption alignleft\"><a href=\"https:\/\/mieux-se-connaitre.com\/wp4\/wp-content\/uploads\/2020\/03\/CD34_100.jpg\"><img aria-describedby=\"caption-attachment-10937\" loading=\"lazy\" class=\"size-medium wp-image-10937\" src=\"https:\/\/mieux-se-connaitre.com\/wp4\/wp-content\/uploads\/2020\/03\/CD34_100-300x225.jpg\" alt=\"le Voeu au Sacr\u00e9-Coeur, en 1873\" width=\"300\" height=\"225\" srcset=\"https:\/\/mieux-se-connaitre.com\/wp4\/wp-content\/uploads\/2020\/03\/CD34_100-300x225.jpg 300w, https:\/\/mieux-se-connaitre.com\/wp4\/wp-content\/uploads\/2020\/03\/CD34_100-150x113.jpg 150w, https:\/\/mieux-se-connaitre.com\/wp4\/wp-content\/uploads\/2020\/03\/CD34_100-600x450.jpg 600w, https:\/\/mieux-se-connaitre.com\/wp4\/wp-content\/uploads\/2020\/03\/CD34_100.jpg 640w\" sizes=\"(max-width: 300px) 100vw, 300px\" \/><\/a><p id=\"caption-attachment-10937\" class=\"wp-caption-text\">le Voeu au Sacr\u00e9-Coeur, en 1873<\/p><\/div>\n<p><span style=\"color: #800000;\"><strong>Le plus grand &#8220;monument aux morts&#8221; fut le Sacr\u00e9-Coeur de Montmartre<\/strong><\/span>, (pour panser la <a href=\"https:\/\/mieux-se-connaitre.com\/wp4\/2010\/11\/lenigme-souvenir-de-la-guerre-de-1870-de-gustave-dore\/\">d\u00e9faite de 1870<\/a> et encourager les Fran\u00e7ais \u00e0 retourner se battre pour reconqu\u00e9rir l&#8217;Alsace et la Lorraine), construit gr\u00e2ce \u00e0 une souscription o\u00f9 chacun apporte &#8220;sa&#8221; pierre&#8221;<\/p>\n<p>Le 24 juillet 1873, l&#8217;Assembl\u00e9e nationale vote l&#8217;\u00e9dification, sur la colline populaire de Montmartre, de l&#8217;\u00e9glise du Sacr\u00e9-c\u0153ur, dite du v\u0153u national.<br \/>\nA la suite d&#8217;un concours (1874), le projet est confi\u00e9 \u00e0 Monsieur Abadie et la premi\u00e8re pierre est pos\u00e9e en grande pompe le 16 juin 1875, par l&#8217;archev\u00eaque de Paris qui y choisit l&#8217;emplacement de sa s\u00e9pulture.<br \/>\nUn sanctuaire provisoire est inaugur\u00e9 le 3 mars 1876 pour que les fid\u00e8les puissent venir faire leurs offrandes ; c&#8217;est gr\u00e2ce \u00e0 la souscription populaire que l&#8217;\u00e9glise a \u00e9t\u00e9 \u00e9lev\u00e9e.<br \/>\nLa construction est difficile ; il faut remplir de ma\u00e7onnerie 83 puits de 38 m\u00e8tres de profondeur.<br \/>\nEn souvenir de ce 16 juin 75, le mois de juin deviendra le mois des p\u00e8lerinages traditionnels au Sacr\u00e9-c\u0153ur.<\/p>\n<h2><span style=\"color: #800000;\">Le &#8220;monde d&#8217;apr\u00e8s&#8221;, apr\u00e8s la guerre de 1945<\/span><\/h2>\n<div id=\"attachment_8552\" style=\"width: 310px\" class=\"wp-caption alignleft\"><a href=\"https:\/\/mieux-se-connaitre.com\/wp4\/wp-content\/uploads\/2015\/01\/Paix45A.jpg\"><img aria-describedby=\"caption-attachment-8552\" loading=\"lazy\" class=\"size-medium wp-image-8552\" src=\"https:\/\/mieux-se-connaitre.com\/wp4\/wp-content\/uploads\/2015\/01\/Paix45A-300x195.jpg\" alt=\"1945 : Projet pour la f\u00eate de la paix par Humbaire, Jean Picard le Doux, Tita Terrisse et H\u00e9trau\" width=\"300\" height=\"195\" srcset=\"https:\/\/mieux-se-connaitre.com\/wp4\/wp-content\/uploads\/2015\/01\/Paix45A-300x195.jpg 300w, https:\/\/mieux-se-connaitre.com\/wp4\/wp-content\/uploads\/2015\/01\/Paix45A-150x97.jpg 150w, https:\/\/mieux-se-connaitre.com\/wp4\/wp-content\/uploads\/2015\/01\/Paix45A.jpg 800w\" sizes=\"(max-width: 300px) 100vw, 300px\" \/><\/a><p id=\"caption-attachment-8552\" class=\"wp-caption-text\">1945 : Projet pour la f\u00eate de la paix par Humbaire, Jean Picard le Doux, Tita Terrisse et H\u00e9trau<\/p><\/div>\n<p>Il faut se r\u00e9habituer \u00e0 la paix, alors, en plus du monument aux morts, on projette de grandes choses&#8230;<\/p>\n<p>Il y a soixante dix ans, Paris reprenait ses marques dans la paix&#8230;Les collections des grands couturiers donnent une impression d&#8217;\u00e9l\u00e9gance et de ga\u00eet\u00e9.<\/p>\n<p>Peintres, sculpteurs et architectes exposent, au Salon de l&#8217;imagerie en 1945, des projets de d\u00e9coration des rues de Paris en vue de la c\u00e9l\u00e9bration d&#8217;\u00e9ventuelles f\u00eates de la paix&#8230;qui n&#8217;auront jamais lieu.<br \/>\nLes ouvrages propos\u00e9s proc\u00e8dent de deux convictions oppos\u00e9es:\u00a0 l&#8217;une respecte les architectures existantes et l&#8217;autre conduit \u00e0 leur oubli privil\u00e9giant la mise en sc\u00e8ne pour des f\u00eates populaires.<\/p>\n<div id=\"attachment_8551\" style=\"width: 256px\" class=\"wp-caption alignleft\"><a href=\"https:\/\/mieux-se-connaitre.com\/wp4\/wp-content\/uploads\/2015\/01\/paix45.jpg\"><img aria-describedby=\"caption-attachment-8551\" loading=\"lazy\" class=\"size-medium wp-image-8551\" src=\"https:\/\/mieux-se-connaitre.com\/wp4\/wp-content\/uploads\/2015\/01\/paix45-246x300.jpg\" alt=\"La p\u00e9nurie attend l'abondance par H\u00e9treau\" width=\"246\" height=\"300\" srcset=\"https:\/\/mieux-se-connaitre.com\/wp4\/wp-content\/uploads\/2015\/01\/paix45-246x300.jpg 246w, https:\/\/mieux-se-connaitre.com\/wp4\/wp-content\/uploads\/2015\/01\/paix45-123x150.jpg 123w, https:\/\/mieux-se-connaitre.com\/wp4\/wp-content\/uploads\/2015\/01\/paix45.jpg 658w\" sizes=\"(max-width: 246px) 100vw, 246px\" \/><\/a><p id=\"caption-attachment-8551\" class=\"wp-caption-text\">La p\u00e9nurie attend l&#8217;abondance par H\u00e9treau<\/p><\/div>\n<p>T\u00e9moin le projet pour l&#8217;Op\u00e9ra qui campe une perspective de tribune de tournois avec un d\u00e9ploiement fastueux de tentures.<\/p>\n<p>&#8220;Solution \u00e9l\u00e9gante, pratique, riche en motifs hauts de couleurs.&#8221;<\/p>\n<p>On parle beaucoup du monde d&#8217;apr\u00e8s COVID 19&#8230; En particulier en terme d&#8217;\u00e9cologie. Qui est \u00e0 m\u00eame de le concevoir et de le porter?<\/p>\n<!-- google_ad_section_end -->","protected":false},"excerpt":{"rendered":"<!-- google_ad_section_start --><p>Puisque le covid-19, c&#8217;est la guerre, il faudra forc\u00e9ment un monument aux morts&#8230; Je vais citer La Peste d&#8217;Albert Camus (\u00e0 lire ou relire en ce moment), litt\u00e9ralement en ne rempla\u00e7ant que peste par Coronavirus: &#8220;- Dites, docteur, c&#8217;est vrai&hellip;<\/p>\n<p class=\"more-link-p\"><a class=\"more-link\" href=\"https:\/\/mieux-se-connaitre.com\/wp4\/2020\/03\/monument-aux-morts-covid-19\/\">Suite &rarr;<\/a><\/p>\n<!-- google_ad_section_end -->","protected":false},"author":1,"featured_media":0,"comment_status":"open","ping_status":"open","sticky":false,"template":"","format":"standard","meta":[],"categories":[7,150,155],"tags":[],"_links":{"self":[{"href":"https:\/\/mieux-se-connaitre.com\/wp4\/wp-json\/wp\/v2\/posts\/10935"}],"collection":[{"href":"https:\/\/mieux-se-connaitre.com\/wp4\/wp-json\/wp\/v2\/posts"}],"about":[{"href":"https:\/\/mieux-se-connaitre.com\/wp4\/wp-json\/wp\/v2\/types\/post"}],"author":[{"embeddable":true,"href":"https:\/\/mieux-se-connaitre.com\/wp4\/wp-json\/wp\/v2\/users\/1"}],"replies":[{"embeddable":true,"href":"https:\/\/mieux-se-connaitre.com\/wp4\/wp-json\/wp\/v2\/comments?post=10935"}],"version-history":[{"count":9,"href":"https:\/\/mieux-se-connaitre.com\/wp4\/wp-json\/wp\/v2\/posts\/10935\/revisions"}],"predecessor-version":[{"id":14391,"href":"https:\/\/mieux-se-connaitre.com\/wp4\/wp-json\/wp\/v2\/posts\/10935\/revisions\/14391"}],"wp:attachment":[{"href":"https:\/\/mieux-se-connaitre.com\/wp4\/wp-json\/wp\/v2\/media?parent=10935"}],"wp:term":[{"taxonomy":"category","embeddable":true,"href":"https:\/\/mieux-se-connaitre.com\/wp4\/wp-json\/wp\/v2\/categories?post=10935"},{"taxonomy":"post_tag","embeddable":true,"href":"https:\/\/mieux-se-connaitre.com\/wp4\/wp-json\/wp\/v2\/tags?post=10935"}],"curies":[{"name":"wp","href":"https:\/\/api.w.org\/{rel}","templated":true}]}}