{"id":1188,"date":"2009-12-17T07:59:08","date_gmt":"2009-12-17T05:59:08","guid":{"rendered":"https:\/\/mieux-se-connaitre.com\/wp4\/?p=1188"},"modified":"2020-05-24T14:56:21","modified_gmt":"2020-05-24T12:56:21","slug":"les-expositions-universelles","status":"publish","type":"post","link":"https:\/\/mieux-se-connaitre.com\/wp4\/2009\/12\/les-expositions-universelles\/","title":{"rendered":"Les Expositions Universelles"},"content":{"rendered":"<!-- google_ad_section_start --><div id=\"attachment_1195\" style=\"width: 310px\" class=\"wp-caption alignleft\"><a href=\"https:\/\/mieux-se-connaitre.com\/wp4\/wp-content\/uploads\/2009\/12\/expoU.jpg\"><img aria-describedby=\"caption-attachment-1195\" loading=\"lazy\" class=\"wp-image-1195 size-medium\" title=\"expoU\" src=\"https:\/\/mieux-se-connaitre.com\/wp4\/wp-content\/uploads\/2009\/12\/expoU-300x288.jpg\" alt=\"Paris 1900\" width=\"300\" height=\"288\" srcset=\"https:\/\/mieux-se-connaitre.com\/wp4\/wp-content\/uploads\/2009\/12\/expoU-300x288.jpg 300w, https:\/\/mieux-se-connaitre.com\/wp4\/wp-content\/uploads\/2009\/12\/expoU-150x144.jpg 150w, https:\/\/mieux-se-connaitre.com\/wp4\/wp-content\/uploads\/2009\/12\/expoU.jpg 500w\" sizes=\"(max-width: 300px) 100vw, 300px\" \/><\/a><p id=\"caption-attachment-1195\" class=\"wp-caption-text\">Les expositions universelles (1900)<\/p><\/div>\n<h2><span style=\"color: #800000;\">Les expositions universelles, c&#8217;\u00e9tait avant la t\u00e9l\u00e9 : on se montrait &#8220;en live&#8221;.<\/span><\/h2>\n<p>Les expositions universelles servent \u00e0 promouvoir les nouveaux produits industriels au temps de la libre concurrence. Groupe par groupe, un jury tranche et distribue les r\u00e9compenses. La culture industrielle en France a besoin d&#8217;\u00eatre exalt\u00e9e, vulgaris\u00e9e.<\/p>\n<p>On peut lire sur les frontons : &#8220;Honneur \u00e0 l&#8217;industrie, Gloire aux Beaux-Arts&#8221; (1855). Ainsi esp\u00e8re-t-on r\u00e9aliser un consensus social et politique. Le patronat chr\u00e9tien pr\u00e9sente les r\u00e9alisations du patronage, cher \u00e0 Le Play. &#8220;Plus de discordes, plus de haines, et plus de r\u00e9volutions!&#8221; chante-t-on en 1878.<\/p>\n<p>Et en 1900, les villes communient dans le culte de la France r\u00e9publicaine. &#8220;Que j&#8217;aime \u00e0 voir autour de cette table, le verre en main, faisant bombance, les 22 222 maires de France&#8230;&#8221;<\/p>\n<p>On habille cette comp\u00e9tition internationale \u00e9conomique des voiles du progr\u00e8s social et de la foi dans sa civilisation. La Grande-Bretagne et la France se partagent l&#8217;initiative des premi\u00e8res expositions, d&#8217;o\u00f9 l&#8217;alternance dans les lieux d&#8217;exposition : 1851, Londres (l&#8217;Angleterre victorienne et libre-\u00e9changiste a les honneurs de la premi\u00e8re), 1855, Paris, 1862 Londres, 1867, Paris, puis peu \u00e0 peu l&#8217;optique d&#8217;universalit\u00e9 progresse : Vienne (1873), Philadelphie (1876), Chicago (1893), Bruxelles (1897), Turin (1902).<\/p>\n<p>L&#8217;exposition termin\u00e9e, on garde parfois un b\u00e2timent d&#8217;exposition, preuve de la capacit\u00e9 du monde industriel \u00e0 imaginer ses propres cath\u00e9drales.<\/p>\n<p>Mais peu \u00e0 peu, l&#8217;engouement pour les Expositions universelles dispara\u00eet en France comme aux Etats-Unis. Finies les vertus p\u00e9dagogiques, il convient maintenant de distraire, d&#8217;amuser le public. Vive la f\u00e9e \u00e9lectricit\u00e9! Tous aux diaporamas! Tous \u00e0 la grande roue! L&#8217;exotisme remplace l&#8217;humanisme. Le temps des grandes expos s&#8217;ach\u00e8ve.<\/p>\n<h3><span style=\"color: #800000;\"><strong>1851 La premi\u00e8re de toutes, l&#8217;Exposition Universelle de Londres, l&#8217;avance technologique dans tous ses \u00e9tats<\/strong><\/span><\/h3>\n<div id=\"attachment_1191\" style=\"width: 310px\" class=\"wp-caption alignleft\"><a href=\"https:\/\/mieux-se-connaitre.com\/wp4\/wp-content\/uploads\/2009\/12\/crystalpalace.jpg\"><img aria-describedby=\"caption-attachment-1191\" loading=\"lazy\" class=\"wp-image-1191 size-medium\" title=\"crystalpalace\" src=\"https:\/\/mieux-se-connaitre.com\/wp4\/wp-content\/uploads\/2009\/12\/crystalpalace-300x150.jpg\" alt=\"Londres exposition universelle 1851\" width=\"300\" height=\"150\" srcset=\"https:\/\/mieux-se-connaitre.com\/wp4\/wp-content\/uploads\/2009\/12\/crystalpalace-300x150.jpg 300w, https:\/\/mieux-se-connaitre.com\/wp4\/wp-content\/uploads\/2009\/12\/crystalpalace-150x75.jpg 150w, https:\/\/mieux-se-connaitre.com\/wp4\/wp-content\/uploads\/2009\/12\/crystalpalace.jpg 640w\" sizes=\"(max-width: 300px) 100vw, 300px\" \/><\/a><p id=\"caption-attachment-1191\" class=\"wp-caption-text\">Le Crystal Palace<\/p><\/div>\n<p>Son Altesse royale, le prince Albert, qui veut travailler \u00e0 l&#8217;unit\u00e9 de l&#8217;humanit\u00e9, favorise la promotion de la premi\u00e8re Exposition universelle, &#8220;exposition de la production industrielle de toutes les nations&#8221; mais surtout affirmation de l&#8217;avance technologique du Royaume-Uni et vitrine de l&#8217;art de l&#8217;ing\u00e9nieur qui fait la grandeur de l&#8217;\u00e8re victorienne. Cet art s&#8217;exprime jusque dans le choix du style des b\u00e2timents principaux : un syst\u00e8me d&#8217;unit\u00e9s modulaires pr\u00e9fabriqu\u00e9es et standardis\u00e9es en fonte, verre et bois : une id\u00e9e simple et ing\u00e9nieuse mise au point en une semaine par un constructeur de serres, Joseph Paxton, un des premiers exemples de pr\u00e9fabrication \u00e0 grande \u00e9chelle dont le c\u00e9l\u00e8bre Crystal Palace reste un symbole.<\/p>\n<p>De ce gigantesque bazar et de ce lieu de rassemblements de tous les produits de la terre, Flaubert qui suit jusqu&#8217;\u00e0 Londres le &#8220;cotillon de sa m\u00e8re&#8221; -ce que sa muse ne manque pas de lui reprocher- ne retiendra que les paravents de Chine \u00e0 l&#8217;exotisme pittoresque et le palanquin \u00e0 l&#8217;\u00e9l\u00e9phant indien, ignorant superbement tous les \u00e9chantillons de mati\u00e8res premi\u00e8res et les superbes machines-outils dont il ne soup\u00e7onne apparemment pas l&#8217;importance pour le si\u00e8cle.<\/p>\n<h3><strong><span style=\"color: #800000;\">1855 : Premi\u00e8re Exposition universelle \u00e0 Paris<\/span><\/strong><\/h3>\n<div id=\"attachment_1192\" style=\"width: 310px\" class=\"wp-caption alignleft\"><a href=\"https:\/\/mieux-se-connaitre.com\/wp4\/wp-content\/uploads\/2009\/12\/expoU1855.jpg\"><img aria-describedby=\"caption-attachment-1192\" loading=\"lazy\" class=\"wp-image-1192 size-medium\" title=\"expoU1855\" src=\"https:\/\/mieux-se-connaitre.com\/wp4\/wp-content\/uploads\/2009\/12\/expoU1855-300x225.jpg\" alt=\"Exposition Universelle, Paris 1855\" width=\"300\" height=\"225\" srcset=\"https:\/\/mieux-se-connaitre.com\/wp4\/wp-content\/uploads\/2009\/12\/expoU1855-300x225.jpg 300w, https:\/\/mieux-se-connaitre.com\/wp4\/wp-content\/uploads\/2009\/12\/expoU1855-150x112.jpg 150w, https:\/\/mieux-se-connaitre.com\/wp4\/wp-content\/uploads\/2009\/12\/expoU1855.jpg 640w\" sizes=\"(max-width: 300px) 100vw, 300px\" \/><\/a><p id=\"caption-attachment-1192\" class=\"wp-caption-text\">Exposition Universelle, Paris 1855<\/p><\/div>\n<p>15 mai 1855, il pleut, il fait froid. Devant des \u00e9talages encore incomplets, parfois vides, l&#8217;Empereur accompagn\u00e9 du prince Napol\u00e9on, pr\u00e9sident de la Commission imp\u00e9riale de l&#8217;Exposition, inaugure la premi\u00e8re Exposition universelle \u00e0 Paris.<\/p>\n<p>On a voulu faire mieux que Londres ! Bien s\u00fbr, le Palais de l&#8217;Industrie est loin de rivaliser avec le Crystal Palace, et il a \u00e9t\u00e9 con\u00e7u trop petit.<\/p>\n<p>Bien s\u00fbr, \u00e0 cause du chol\u00e9ra et de la <a href=\"https:\/\/mieux-se-connaitre.com\/wp4\/2014\/05\/la-guerre-de-crimee-et-la-russie-du-xixe\/\">guerre de Crim\u00e9e<\/a>, les temps ne sont gu\u00e8re favorables. Bien s\u00fbr, on voit encore beaucoup d&#8217;artisanat : tissus, poteries, orf\u00e8vreries, beaucoup de mati\u00e8res premi\u00e8res envoy\u00e9es par nos &#8220;<a href=\"https:\/\/mieux-se-connaitre.com\/wp4\/2011\/03\/le-doit-des-peuples-a-disposer-deux-meme\/\">colonies<\/a>&#8221; et bien peu de technologie et de machinisme.<\/p>\n<p>Et pourtant, c&#8217;est un succ\u00e8s ; en six mois, 500 000 provinciaux et \u00e9trangers viennent au Palais de l&#8217;Industrie.<\/p>\n<p>La pr\u00e9sence des Beaux-Arts, absents de la premi\u00e8re Exposition universelle de Londres, ajoute encore \u00e0 cette &#8220;belle exposition, si vari\u00e9e dans ses \u00e9l\u00e9ments, si inqui\u00e9tante par sa vari\u00e9t\u00e9, si d\u00e9routante pour la p\u00e9dagogie&#8221;, ainsi que la voit Baudelaire.<\/p>\n<h3><span style=\"color: #800000;\"><strong>11 millions de visiteurs \u00e0 l&#8217;Exposition universelle de 1867<\/strong><\/span><\/h3>\n<div id=\"attachment_1193\" style=\"width: 310px\" class=\"wp-caption alignleft\"><a href=\"https:\/\/mieux-se-connaitre.com\/wp4\/wp-content\/uploads\/2009\/12\/Krupp.jpg\"><img aria-describedby=\"caption-attachment-1193\" loading=\"lazy\" class=\"wp-image-1193 size-medium\" title=\"Krupp\" src=\"https:\/\/mieux-se-connaitre.com\/wp4\/wp-content\/uploads\/2009\/12\/Krupp-300x225.jpg\" alt=\"Paris, exposition universelle 1867\" width=\"300\" height=\"225\" srcset=\"https:\/\/mieux-se-connaitre.com\/wp4\/wp-content\/uploads\/2009\/12\/Krupp-300x225.jpg 300w, https:\/\/mieux-se-connaitre.com\/wp4\/wp-content\/uploads\/2009\/12\/Krupp-150x112.jpg 150w, https:\/\/mieux-se-connaitre.com\/wp4\/wp-content\/uploads\/2009\/12\/Krupp.jpg 640w\" sizes=\"(max-width: 300px) 100vw, 300px\" \/><\/a><p id=\"caption-attachment-1193\" class=\"wp-caption-text\">Napol\u00e9on III devant les canons Krupp<\/p><\/div>\n<p>Georges Ier de Gr\u00e8ce, L\u00e9opold II de Belgique, le prince Fr\u00e9d\u00e9ric de Prusse et son fils le futur Guillaume II, Alexandre II, tsar de toutes les Russies et son fils, le futur Alexandre III, Guillaume Ier, le roi de Prusse et son chancelier <a href=\"https:\/\/mieux-se-connaitre.com\/wp4\/2015\/08\/bismarck-haute-tension\/\">Bismarck<\/a>, Fran\u00e7ois-Joseph, l&#8217;empereur d&#8217;Autriche &#8230; le sultan de Turquie ; toute l&#8217;Europe est l\u00e0. C&#8217;est un succ\u00e8s pour <a href=\"https:\/\/mieux-se-connaitre.com\/wp4\/2013\/11\/cest-le-peuple-francais-qui-a-crie-vive-lempereur\/\">Napol\u00e9on III<\/a>, le bouquet final de l&#8217;Empire avant la chute.<\/p>\n<p>&#8220;L&#8217;exposition de 1867 marquera, je l&#8217;esp\u00e8re, une nouvelle \u00e8re d&#8217;harmonie et de progr\u00e8s : assur\u00e9 que la providence b\u00e9nit les efforts de tous ceux qui, comme nous, veulent le bien, je crois au triomphe d\u00e9finitif des grands principes de morale et de justice qui, en satisfaisant toutes les aspirations l\u00e9gitimes, peuvent seuls consolider les tr\u00f4nes, \u00e9lever les peuples et anoblir l&#8217;humanit\u00e9&#8221; -Napol\u00e9on III &#8211;<\/p>\n<p>Tout le monde a pu admirer le Palais de l&#8217;Industrie, con\u00e7u pour symboliser les grandes transformations scientifiques et techniques : les Fran\u00e7ais peuvent y voir les canons Krupp qui permettront \u00e0 l&#8217;Allemagne de vaincre en 1870 et de parvenir \u00e0 sceller son unit\u00e9.<\/p>\n<h3><span style=\"color: #800000;\"><strong>1876, la premi\u00e8re Exposition universelle aux \u00c9tats-Unis, une exposition p\u00e9dagogique<\/strong><\/span><\/h3>\n<div id=\"attachment_1198\" style=\"width: 310px\" class=\"wp-caption alignleft\"><a href=\"https:\/\/mieux-se-connaitre.com\/wp4\/wp-content\/uploads\/2009\/12\/philadelphie.jpg\"><img aria-describedby=\"caption-attachment-1198\" loading=\"lazy\" class=\"wp-image-1198 size-medium\" title=\"philadelphie\" src=\"https:\/\/mieux-se-connaitre.com\/wp4\/wp-content\/uploads\/2009\/12\/philadelphie-300x225.jpg\" alt=\"1876 Exposition universelle de Philadelphie\" width=\"300\" height=\"225\" srcset=\"https:\/\/mieux-se-connaitre.com\/wp4\/wp-content\/uploads\/2009\/12\/philadelphie-300x225.jpg 300w, https:\/\/mieux-se-connaitre.com\/wp4\/wp-content\/uploads\/2009\/12\/philadelphie-150x112.jpg 150w, https:\/\/mieux-se-connaitre.com\/wp4\/wp-content\/uploads\/2009\/12\/philadelphie.jpg 640w\" sizes=\"(max-width: 300px) 100vw, 300px\" \/><\/a><p id=\"caption-attachment-1198\" class=\"wp-caption-text\">Le moteur Corliss \u00e0 l&#8217;Exposition universelle de Philadelphie<\/p><\/div>\n<p>L&#8217;exposition de Philadelphie, ouverte le 10 mai 1876, a pour les Etats-Unis un int\u00e9r\u00eat national : c&#8217;est le jour du centenaire de son ind\u00e9pendance.<\/p>\n<p>Plac\u00e9e sous les auspices du gouvernement, l&#8217;Exposition universelle, \u00e0 beaucoup d&#8217;\u00e9gards, semblable \u00e0 d&#8217;autres, met l&#8217;accent sur les progr\u00e8s de l&#8217;\u00e9ducation et des sciences ; les \u00c9tats-Unis ont voulu montrer ainsi que la valeur de l&#8217;homme fait la richesse et la puissance d&#8217;un peuple.<\/p>\n<p>Les exposants \u00e9trangers, eux, en affichant leur prix de revient signifient aux Am\u00e9ricains que leurs tarifs douaniers font peser sur eux des charges souvent prohibitives.<\/p>\n<p>&nbsp;<\/p>\n<p>&nbsp;<\/p>\n<h3><strong><span style=\"color: #800000;\">1878, Marianne dans ses meubles<\/span><\/strong><\/h3>\n<div id=\"attachment_1194\" style=\"width: 310px\" class=\"wp-caption alignleft\"><a href=\"https:\/\/mieux-se-connaitre.com\/wp4\/wp-content\/uploads\/2009\/12\/expoU1878.jpg\"><img aria-describedby=\"caption-attachment-1194\" loading=\"lazy\" class=\"wp-image-1194 size-medium\" title=\"expoU1878\" src=\"https:\/\/mieux-se-connaitre.com\/wp4\/wp-content\/uploads\/2009\/12\/expoU1878-300x225.jpg\" alt=\"Le Trocad\u00e9ro de l'Exposition universelle de 1878\" width=\"300\" height=\"225\" srcset=\"https:\/\/mieux-se-connaitre.com\/wp4\/wp-content\/uploads\/2009\/12\/expoU1878-300x225.jpg 300w, https:\/\/mieux-se-connaitre.com\/wp4\/wp-content\/uploads\/2009\/12\/expoU1878-150x112.jpg 150w, https:\/\/mieux-se-connaitre.com\/wp4\/wp-content\/uploads\/2009\/12\/expoU1878.jpg 640w\" sizes=\"(max-width: 300px) 100vw, 300px\" \/><\/a><p id=\"caption-attachment-1194\" class=\"wp-caption-text\">Le Trocad\u00e9ro de l&#8217;Exposition universelle de 1878<\/p><\/div>\n<p>&#8220;La science a pris d\u00e9finitivement possession de la direction de tout le travail&#8230; Il n&#8217;y a plus de sup\u00e9riorit\u00e9 ou de s\u00e9curit\u00e9 que par elle. Dans la soci\u00e9t\u00e9, telle que les si\u00e8cles, les r\u00e9volutions et la libert\u00e9 nous l&#8217;ont faite, il n&#8217;est plus permis d&#8217;ignorer, il n&#8217;est plus possible de s&#8217;arr\u00eater, il faut courir ou mourir !&#8221; -Jules Simon-<\/p>\n<p>Jamais exposition n&#8217;a \u00e9t\u00e9 si compl\u00e8tement universelle : une s\u00e9rie de d\u00e9crets successifs ont \u00e9tendu son cadre d\u00e9j\u00e0 vaste :<\/p>\n<p>&#8211; adjonction d&#8217;une exposition universelle des beaux-arts au concours industriel,<\/p>\n<p>&#8211; concours temporaire de lait, beurre et fromages,<\/p>\n<p>&#8211; exposition ethnographique, arch\u00e9ologique et anthropologique,<\/p>\n<p>&#8211; exposition r\u00e9trospective de l&#8217;art ancien,<\/p>\n<p>&#8211; collection de portraits historiques de toute \u00e9poque,<\/p>\n<p>&#8211; exposition des eaux min\u00e9rales,<\/p>\n<p>&#8211; exposition des ports de commerce fran\u00e7ais,<\/p>\n<p>&#8211; pavillon de d\u00e9gustation des vins de France,<\/p>\n<p>&#8211; s\u00e9rie de concerts.<\/p>\n<p>Gloire au progr\u00e8s ! Gloire \u00e0 la R\u00e9publique qui le soutient et l&#8217;expose ! Huit ans apr\u00e8s la d\u00e9faite, cette grande c\u00e9l\u00e9bration qu&#8217;est l&#8217;Exposition universelle de 1878 rassure les Fran\u00e7ais.<\/p>\n<p>&#8220;Quelle clart\u00e9 ? La clart\u00e9 de la France. La France a une fa\u00e7on d&#8217;\u00eatre vaincue qui la laisse victorieuse.&#8221; &#8211; Victor Hugo &#8211;<\/p>\n<p>Les voitures \u00e0 chevaux \u00e9quip\u00e9s de bandes de caoutchouc, <a href=\"https:\/\/mieux-se-connaitre.com\/wp4\/2019\/05\/les-debuts-chaine-du-froid\/\">le Frigorifique<\/a>, bateau am\u00e9nag\u00e9 pour le transport des viandes, le t\u00e9l\u00e9phone de Bell, la machine \u00e0 \u00e9crire, le phonographe d&#8217;Edison, le broyeur pour bl\u00e9 de Touffin, la machine \u00e0 vapeur pour fabriquer de la glace, enfin, tout l&#8217;Extr\u00eame-Orient, la rue des Nations et le Palais du Trocad\u00e9ro et ses salles de spectacle, telles sont les surprises qui attendent les visiteurs.<\/p>\n<p>Certes, parmi les exposants, l&#8217;Allemagne, la Turquie et le Mexique qui ont laiss\u00e9 quelques mauvais souvenirs dans le c\u0153ur des Fran\u00e7ais, sont absents&#8230;mais on inaugure la statue de la R\u00e9publique devant le pavillon du Champ de mars le 14 juillet et on visite la t\u00eate de la statue de la Libert\u00e9 qui va partir pour les Etats-Unis : ce sont des symboles.<\/p>\n<p>&#8220;La France est un \u00e9blouissement pour le monde.&#8221; -Gambetta-<\/p>\n<h3><strong><span style=\"color: #800000;\">1889, De l&#8217;acier en or: la Tour Eiffel<\/span><\/strong><\/h3>\n<div id=\"attachment_1190\" style=\"width: 208px\" class=\"wp-caption alignleft\"><a href=\"https:\/\/mieux-se-connaitre.com\/wp4\/wp-content\/uploads\/2009\/12\/toureiffel.jpg\"><img aria-describedby=\"caption-attachment-1190\" loading=\"lazy\" class=\"wp-image-1190 size-medium\" title=\"toureiffel\" src=\"https:\/\/mieux-se-connaitre.com\/wp4\/wp-content\/uploads\/2009\/12\/toureiffel-198x300.jpg\" alt=\"La Tour Eiffel et l'exposition de 1889\" width=\"198\" height=\"300\" srcset=\"https:\/\/mieux-se-connaitre.com\/wp4\/wp-content\/uploads\/2009\/12\/toureiffel-198x300.jpg 198w, https:\/\/mieux-se-connaitre.com\/wp4\/wp-content\/uploads\/2009\/12\/toureiffel-99x150.jpg 99w, https:\/\/mieux-se-connaitre.com\/wp4\/wp-content\/uploads\/2009\/12\/toureiffel.jpg 317w\" sizes=\"(max-width: 198px) 100vw, 198px\" \/><\/a><p id=\"caption-attachment-1190\" class=\"wp-caption-text\">La Tour Eiffel et l&#8217;exposition de 1889<\/p><\/div>\n<p>Le Champ de Mars &#8211; l&#8217;Esplanade des Invalides &#8211; Le Jardin du Trocad\u00e9ro &#8211; sous le signe du fer et de la c\u00e9ramique. Deux vedettes, la galerie des machines, la Tour Eiffel.<\/p>\n<p>Les pavillons sont tr\u00e8s surcharg\u00e9s, le style tr\u00e8s lourd mais tout concourt \u00e0 figurer le comble de la nouveaut\u00e9 : &#8220;Le pl\u00e2tre, le moellon, la brique ne dissimulent plus, sous un mensonger d\u00e9cor, le fer ou la fonte&#8230; Les staffs, les fa\u00efences, les terres cuites, les laves \u00e9maill\u00e9es, les briques verniss\u00e9es, les zincs laqu\u00e9s, les mosa\u00efques chatoyantes, les enduits colori\u00e9s, les verres flamboyants, toute la vaillante palette de la polychromie architectonique r\u00e9jouit la vue, miroite sous le soleil et chante le triomphe de l&#8217;esprit fran\u00e7ais, de la gaiet\u00e9 gauloise, du rationalisme sur une morne et pr\u00e9historique scolastique&#8221;.<\/p>\n<p>&#8211; L&#8217;architecte journaliste Franz Jourdain dans L&#8217;Illustration-<\/p>\n<p>Le succ\u00e8s est immense : 30 millions de visiteurs ; la soci\u00e9t\u00e9 charg\u00e9e de l&#8217;exploitation sera financi\u00e8rement b\u00e9n\u00e9ficiaire en 1889.<\/p>\n<h3><strong><span style=\"color: #800000;\">Une tour qui fera le tour du monde<\/span><\/strong><\/h3>\n<div id=\"attachment_1199\" style=\"width: 310px\" class=\"wp-caption alignleft\"><a href=\"https:\/\/mieux-se-connaitre.com\/wp4\/wp-content\/uploads\/2009\/12\/toureiffel2.jpg\"><img aria-describedby=\"caption-attachment-1199\" loading=\"lazy\" class=\"wp-image-1199 size-medium\" title=\"toureiffel2\" src=\"https:\/\/mieux-se-connaitre.com\/wp4\/wp-content\/uploads\/2009\/12\/toureiffel2-300x225.jpg\" alt=\"La tour Eiffel\" width=\"300\" height=\"225\" srcset=\"https:\/\/mieux-se-connaitre.com\/wp4\/wp-content\/uploads\/2009\/12\/toureiffel2-300x225.jpg 300w, https:\/\/mieux-se-connaitre.com\/wp4\/wp-content\/uploads\/2009\/12\/toureiffel2-150x112.jpg 150w, https:\/\/mieux-se-connaitre.com\/wp4\/wp-content\/uploads\/2009\/12\/toureiffel2.jpg 640w\" sizes=\"(max-width: 300px) 100vw, 300px\" \/><\/a><p id=\"caption-attachment-1199\" class=\"wp-caption-text\">Inauguration de l&#8217;exposition universelle de 1900 par le pr\u00e9sident de la R\u00e9publique<\/p><\/div>\n<p>&#8220;C&#8217;est hideux&#8221;; &#8220;c&#8217;est grandiose&#8221;, &#8220;\u00e9crivons une lettre de protestation&#8221;, &#8220;vive le prestige de la France !&#8221; &#8220;L\u00e0 voil\u00e0, cette Tour Eiffel qui a suscit\u00e9 tant de col\u00e8res et d&#8217;enthousiasme. Elle est arriv\u00e9e \u00e0 la date fix\u00e9e, \u00e0 son heure, math\u00e9matiquement implacable comme la destin\u00e9e et sa t\u00eate orgueilleuse sur laquelle flotte le drapeau tricolore, semble convier \u00e0 son apoth\u00e9ose les peuples du monde entier qui, depuis de longs mois, r\u00e9p\u00e8tent \u00e0 sati\u00e9t\u00e9 et avec une sorte d&#8217;admiration religieuse le nom de la divinit\u00e9 nouvelle&#8230;&#8221; -Franz Jourdain, L&#8217;Illustration du 4 mai 1889-<\/p>\n<p>300 m\u00e8tres de haut, 7 mille tonnes d&#8217;acier, l&#8217;\u0153uvre de l&#8217;architecte Gustave Eiffel est l&#8217;\u00e9difice le plus haut du monde, un succ\u00e8s pour celui qui a d\u00e9j\u00e0 fait construire le grand pont de Bordeaux, le pont de chemin de fer sur le Duoro, le viaduc de Garabit ; ce &#8220;blasph\u00e8me triomphant de tous les dogmes de l&#8217;architecture et de la beaut\u00e9&#8221; a co\u00fbt\u00e9 7 400 000 francs et rapportera, dans la seule ann\u00e9e 1889, 6 000 000 \u00e0 la soci\u00e9t\u00e9 d&#8217;exploitation.<\/p>\n<p>Ind\u00e9pendamment de l&#8217;attrait et du cachet monumental que pr\u00e9sente cette tour, on lui imagine les emplois les plus vari\u00e9s : observations strat\u00e9giques, communication par t\u00e9l\u00e9graphie optique, observations m\u00e9t\u00e9orologiques et astronomiques, \u00e9clairage \u00e9lectrique, etc.<\/p>\n<h3><strong><span style=\"color: #800000;\">1900 : Un si\u00e8cle de progr\u00e8s scientifique et technique&#8230;et le m\u00e9tropolitain<\/span><\/strong><\/h3>\n<div id=\"attachment_1189\" style=\"width: 239px\" class=\"wp-caption alignleft\"><a href=\"https:\/\/mieux-se-connaitre.com\/wp4\/wp-content\/uploads\/2009\/12\/expoU1900.jpg\"><img aria-describedby=\"caption-attachment-1189\" loading=\"lazy\" class=\"wp-image-1189 size-medium\" title=\"expoU1900\" src=\"https:\/\/mieux-se-connaitre.com\/wp4\/wp-content\/uploads\/2009\/12\/expoU1900-229x300.jpg\" alt=\"Exposition Universelle de 1900\" width=\"229\" height=\"300\" srcset=\"https:\/\/mieux-se-connaitre.com\/wp4\/wp-content\/uploads\/2009\/12\/expoU1900-229x300.jpg 229w, https:\/\/mieux-se-connaitre.com\/wp4\/wp-content\/uploads\/2009\/12\/expoU1900-114x150.jpg 114w, https:\/\/mieux-se-connaitre.com\/wp4\/wp-content\/uploads\/2009\/12\/expoU1900.jpg 367w\" sizes=\"(max-width: 229px) 100vw, 229px\" \/><\/a><p id=\"caption-attachment-1189\" class=\"wp-caption-text\">Exposition Universelle de 1900<\/p><\/div>\n<p>&#8220;On l&#8217;a vue se construire, au coin de la Concorde, la grande porte, la monumentale. Elle \u00e9tait si d\u00e9licate, tellement ouvrag\u00e9e, en gaufrerie, en fanfreluches, du haut en bas, qu&#8217;on aurait dit une montagne en robe de mari\u00e9e &#8230; A la place de la Concorde, on a \u00e9t\u00e9 vraiment pomp\u00e9s a l&#8217;int\u00e9rieur par la bousculade. On s&#8217;est retrouv\u00e9s ahuris dans la galerie des machines, une vraie catastrophe en suspens dans une cath\u00e9drale transparente en petites verri\u00e8res jusqu&#8217;au ciel. Tellement le boucan \u00e9tait immense que mon p\u00e8re, on l&#8217;entendait plus et pourtant il s&#8217;\u00e9gosillait&#8230; A la fin, on n&#8217;y tenait plus, on a pris peur, on est sortis &#8230;&#8221;.<em> Mort \u00e0 Cr\u00e9dit<\/em> L.F. C\u00e9line<\/p>\n<p>Le bilan de tout un si\u00e8cle de progr\u00e8s scientifique et technique, l&#8217;espoir d&#8217;une \u00e8re nouvelle, mais peut-\u00eatre un peu l&#8217;oubli de l&#8217;homme : l&#8217;exposition exprime tout cela.<\/p>\n<p>Elle laisse \u00e0 la m\u00e9moire du monde, des \u00e9l\u00e9ments d&#8217;architecture (le <a href=\"https:\/\/mieux-se-connaitre.com\/wp4\/2013\/09\/le-pont-alexandre-iii\/\">Pont Alexandre III<\/a>, la gare d&#8217;Orsay, le Petit et le Grand Palais), la r\u00e9novation de la gare Saint-Lazare et la gare de Lyon, le souvenir d&#8217;un grand succ\u00e8s commercial, l&#8217;apog\u00e9e de l&#8217;histoire des expositions universelles fran\u00e7aises : la chronophotographie, le trottoir roulant, la galerie des machines, le palais de l&#8217;\u00e9lectricit\u00e9, le cin\u00e9matographe&#8230;<\/p>\n<h3><strong><span style=\"color: #800000;\">ET LE M\u00c9TROPOLITAIN<\/span><\/strong><\/h3>\n<div id=\"attachment_1200\" style=\"width: 310px\" class=\"wp-caption alignleft\"><a href=\"https:\/\/mieux-se-connaitre.com\/wp4\/wp-content\/uploads\/2009\/12\/metropolitain.jpg\"><img aria-describedby=\"caption-attachment-1200\" loading=\"lazy\" class=\"wp-image-1200 size-medium\" title=\"metropolitain\" src=\"https:\/\/mieux-se-connaitre.com\/wp4\/wp-content\/uploads\/2009\/12\/metropolitain-300x269.jpg\" alt=\"Exposition universelle 1900, le m\u00e9tropolitain parisien\" width=\"300\" height=\"269\" srcset=\"https:\/\/mieux-se-connaitre.com\/wp4\/wp-content\/uploads\/2009\/12\/metropolitain-300x269.jpg 300w, https:\/\/mieux-se-connaitre.com\/wp4\/wp-content\/uploads\/2009\/12\/metropolitain-150x134.jpg 150w, https:\/\/mieux-se-connaitre.com\/wp4\/wp-content\/uploads\/2009\/12\/metropolitain.jpg 535w\" sizes=\"(max-width: 300px) 100vw, 300px\" \/><\/a><p id=\"caption-attachment-1200\" class=\"wp-caption-text\">La construction du m\u00e9tropolitain parisien<\/p><\/div>\n<p>L&#8217;orientalisme d\u00e9lirant de l&#8217;Exposition universelle dresse ses pseudo-minarets sur les bords de la Seine, il fait 38 degr\u00e9s \u00e0 l&#8217;ombre sur les Champs-Elys\u00e9es.<\/p>\n<p>Soudain, un bruit se r\u00e9pand :le m\u00e9tropolitain fonctionne et il y fait d\u00e9licieusement frais.<\/p>\n<p>&#8211; &#8220;Le tunnel ne va-t-il pas s&#8217;effondrer ?&#8221;<\/p>\n<p>&#8211; &#8220;Y a-t-il des risques d&#8217;asphyxie ?&#8221;<\/p>\n<p>&#8211; &#8220;Non, la traction est \u00e9lectrique.&#8221;<\/p>\n<p>&#8211; &#8220;Ah ! bon.&#8221;<\/p>\n<p>&#8211; &#8220;Et si un malotru venait s&#8217;asseoir en face de moi !&#8221;<\/p>\n<p>Station Maillot, le public ne se bouscule pas : le pr\u00e9fet L\u00e9pine a souhait\u00e9 inaugurer la ligne N\u00b01 avec la plus grande discr\u00e9tion : &#8220;s&#8217;il y avait trop de monde dans ce lieu dont on n&#8217;est pas tr\u00e8s s\u00fbr&#8230;&#8221;, on tourne autour de l&#8217;entr\u00e9e, on entre, on se penche avec pr\u00e9caution pour voir le fameux rail \u00e9lectrique.<\/p>\n<p>&#8220;En voiture, Mesdames et Messieurs.&#8221;<\/p>\n<p>Le m\u00e9tro, enfin ! Son odeur bien particuli\u00e8re, ses m\u0153urs vite adopt\u00e9es, son succ\u00e8s vite assur\u00e9 malgr\u00e9 la discr\u00e9tion de l&#8217;ouverture : il marque plus les Parisiens que l&#8217;Exposition universelle elle-m\u00eame .<\/p>\n<p>Et pourtant, combien laborieuse fut cette r\u00e9volution dans les transports parisiens : Depuis la premi\u00e8re id\u00e9e d&#8217;Eug\u00e8ne Flachat en 1853 : &#8221; d\u00e9barrasser le centre de Paris de ces charrettes qui l&#8217;obstruent&#8221;, depuis le g\u00e9nial projet de Le Hir en 1855 : &#8220;mettre \u00e0 la disposition des habitants de Paris des moyens de transports toujours pr\u00eats, et les rendre accessibles aux ouvriers qui logent aux extr\u00e9mit\u00e9s de Paris ou de la banlieue et que leurs travaux appellent chaque jour dans l&#8217;int\u00e9rieur de la Ville&#8221;, que de projets d\u00e9lirants, monstrueux, inad\u00e9quats, que de tergiversations, de compromissions, de concussions, de rivalit\u00e9s, entre la ville de Paris et l&#8217;Etat, entre les partisans de l&#8217;a\u00e9rien et du souterrain, que de d\u00e9fense de privil\u00e8ges : ceux de la Compagnie g\u00e9n\u00e9rale des omnibus, ceux des cochers, ceux des&#8230;.<\/p>\n<p>Toutes ces raisons expliquent pourquoi Londres a son m\u00e9tro depuis 1862, Philadelphie depuis 1863 et pourquoi il faut attendre le 9 juillet 1897 pour que soit accept\u00e9 et vot\u00e9 l&#8217;avant-projet de m\u00e9tro parisien de Fulgence Bienven\u00fce.<\/p>\n<p>(<a href=\"https:\/\/www.idphines.com\/category\/realisations\/encyclo\/\">Extraits de 1848-1914, Toute une Histoire<\/a>)<\/p>\n<!-- google_ad_section_end -->","protected":false},"excerpt":{"rendered":"<!-- google_ad_section_start --><p>Les expositions universelles, c&#8217;\u00e9tait avant la t\u00e9l\u00e9 : on se montrait &#8220;en live&#8221;. Les expositions universelles servent \u00e0 promouvoir les nouveaux produits industriels au temps de la libre concurrence. Groupe par groupe, un jury tranche et distribue les r\u00e9compenses. La&hellip;<\/p>\n<p class=\"more-link-p\"><a class=\"more-link\" href=\"https:\/\/mieux-se-connaitre.com\/wp4\/2009\/12\/les-expositions-universelles\/\">Suite &rarr;<\/a><\/p>\n<!-- google_ad_section_end -->","protected":false},"author":1,"featured_media":0,"comment_status":"open","ping_status":"open","sticky":false,"template":"","format":"standard","meta":[],"categories":[7,150,152],"tags":[],"_links":{"self":[{"href":"https:\/\/mieux-se-connaitre.com\/wp4\/wp-json\/wp\/v2\/posts\/1188"}],"collection":[{"href":"https:\/\/mieux-se-connaitre.com\/wp4\/wp-json\/wp\/v2\/posts"}],"about":[{"href":"https:\/\/mieux-se-connaitre.com\/wp4\/wp-json\/wp\/v2\/types\/post"}],"author":[{"embeddable":true,"href":"https:\/\/mieux-se-connaitre.com\/wp4\/wp-json\/wp\/v2\/users\/1"}],"replies":[{"embeddable":true,"href":"https:\/\/mieux-se-connaitre.com\/wp4\/wp-json\/wp\/v2\/comments?post=1188"}],"version-history":[{"count":8,"href":"https:\/\/mieux-se-connaitre.com\/wp4\/wp-json\/wp\/v2\/posts\/1188\/revisions"}],"predecessor-version":[{"id":13131,"href":"https:\/\/mieux-se-connaitre.com\/wp4\/wp-json\/wp\/v2\/posts\/1188\/revisions\/13131"}],"wp:attachment":[{"href":"https:\/\/mieux-se-connaitre.com\/wp4\/wp-json\/wp\/v2\/media?parent=1188"}],"wp:term":[{"taxonomy":"category","embeddable":true,"href":"https:\/\/mieux-se-connaitre.com\/wp4\/wp-json\/wp\/v2\/categories?post=1188"},{"taxonomy":"post_tag","embeddable":true,"href":"https:\/\/mieux-se-connaitre.com\/wp4\/wp-json\/wp\/v2\/tags?post=1188"}],"curies":[{"name":"wp","href":"https:\/\/api.w.org\/{rel}","templated":true}]}}