{"id":1246,"date":"2009-12-31T07:59:09","date_gmt":"2009-12-31T05:59:09","guid":{"rendered":"https:\/\/mieux-se-connaitre.com\/wp4\/?p=1246"},"modified":"2020-05-25T14:30:20","modified_gmt":"2020-05-25T12:30:20","slug":"le-calendrier","status":"publish","type":"post","link":"https:\/\/mieux-se-connaitre.com\/wp4\/2009\/12\/le-calendrier\/","title":{"rendered":"Le calendrier ou comment diviser le temps"},"content":{"rendered":"<!-- google_ad_section_start --><div id=\"attachment_1254\" style=\"width: 237px\" class=\"wp-caption alignleft\"><a href=\"https:\/\/mieux-se-connaitre.com\/wp4\/wp-content\/uploads\/2009\/12\/almanachouvrier.jpg\"><img aria-describedby=\"caption-attachment-1254\" loading=\"lazy\" class=\"wp-image-1254 size-medium\" title=\"almanachouvrier\" src=\"https:\/\/mieux-se-connaitre.com\/wp4\/wp-content\/uploads\/2009\/12\/almanachouvrier-227x300.jpg\" alt=\"Almanach de l'ouvrier\" width=\"227\" height=\"300\" srcset=\"https:\/\/mieux-se-connaitre.com\/wp4\/wp-content\/uploads\/2009\/12\/almanachouvrier-227x300.jpg 227w, https:\/\/mieux-se-connaitre.com\/wp4\/wp-content\/uploads\/2009\/12\/almanachouvrier-113x150.jpg 113w, https:\/\/mieux-se-connaitre.com\/wp4\/wp-content\/uploads\/2009\/12\/almanachouvrier.jpg 363w\" sizes=\"(max-width: 227px) 100vw, 227px\" \/><\/a><p id=\"caption-attachment-1254\" class=\"wp-caption-text\">Almanach de l&#8217;ouvrier<\/p><\/div>\n<h2><span style=\"color: #800000;\">La division du temps<\/span><\/h2>\n<p>Un calendrier est une division du temps en p\u00e9riodes plus ou moins longues, adapt\u00e9es aux usages de la vie sociale et concordant avec des ph\u00e9nom\u00e8nes naturels, en g\u00e9n\u00e9ral astronomiques. La base fondamentale en est le jour. Pour scander le temps, on pense \u00e0 la lunaison, \u00e0 la p\u00e9riode de rotation de la Terre sur elle-m\u00eame, puis \u00e0 sa r\u00e9volution autour du Soleil. Mais les difficult\u00e9s commencent car ni le mois lunaire, ni l&#8217;ann\u00e9e solaire ne comptent un nombre exact de jours pas plus que l&#8217;ann\u00e9e solaire ne compte un nombre exact de mois lunaires.<\/p>\n<h3><span style=\"color: #800000;\"><strong>Le syst\u00e8me solaire et le calendrier<\/strong><\/span><\/h3>\n<p>Le syst\u00e8me solaire n\u2019a pas tenu compte de l\u2019importance, pour les activit\u00e9s humaines, de pouvoir \u00e9tablir un calendrier !<\/p>\n<p>La p\u00e9riode de r\u00e9volution de la Terre autour du Soleil n\u2019est pas proportionnelle \u00e0 la p\u00e9riode de rotation de la Terre sur elle-m\u00eame ; l\u2019axe de la Terre est inclin\u00e9&#8230; Un vrai casse-t\u00eate qui n\u2019a pu se r\u00e9soudre que par des d\u00e9cisions tout humaines de \u00abnormalisation\u00bb.<\/p>\n<h3><span style=\"color: #800000;\"><strong>Le calendrier, objet tabou<\/strong><\/span><\/h3>\n<p>Notre calendrier est tr\u00e8s pr\u00e9cis, mais peu souple, (in\u00e9galit\u00e9 des mois, mobilit\u00e9 des jours f\u00e9ri\u00e9s, variation du jour de la semaine pour une date d\u00e9termin\u00e9e&#8230;). Des r\u00e9formes sont propos\u00e9es, mais toucher au calendrier n&#8217;a jamais \u00e9t\u00e9 sans provoquer de violentes r\u00e9actions. L&#8217;Angleterre, antipapiste, n&#8217;a accept\u00e9 le calendrier gr\u00e9gorien qu&#8217;avec deux si\u00e8cles de retard !<\/p>\n<h2 style=\"text-align: center;\"><span style=\"color: #800000;\"><strong>Calendrier et normalisation<\/strong><\/span><\/h2>\n<div id=\"attachment_1249\" style=\"width: 310px\" class=\"wp-caption alignleft\"><a href=\"https:\/\/mieux-se-connaitre.com\/wp4\/wp-content\/uploads\/2009\/12\/CALrevolutionnaire.jpg\"><img aria-describedby=\"caption-attachment-1249\" loading=\"lazy\" class=\"wp-image-1249 size-medium\" title=\"CALrevolutionnaire\" src=\"https:\/\/mieux-se-connaitre.com\/wp4\/wp-content\/uploads\/2009\/12\/CALrevolutionnaire-300x225.jpg\" alt=\"Le calendrier r\u00e9volutionnaire\" width=\"300\" height=\"225\" srcset=\"https:\/\/mieux-se-connaitre.com\/wp4\/wp-content\/uploads\/2009\/12\/CALrevolutionnaire-300x225.jpg 300w, https:\/\/mieux-se-connaitre.com\/wp4\/wp-content\/uploads\/2009\/12\/CALrevolutionnaire-150x112.jpg 150w, https:\/\/mieux-se-connaitre.com\/wp4\/wp-content\/uploads\/2009\/12\/CALrevolutionnaire.jpg 640w\" sizes=\"(max-width: 300px) 100vw, 300px\" \/><\/a><p id=\"caption-attachment-1249\" class=\"wp-caption-text\">Le calendrier r\u00e9volutionnaire : 12 mois de 30 jours plus 5 ou 6 jours pour la r\u00e9publique<\/p><\/div>\n<p>\u00c9tablir un calendrier, c&#8217;est se donner un temps commun avec des f\u00eates religieuses revenant \u00e0 intervalles r\u00e9guliers, c&#8217;est se donner des rep\u00e8res pour pouvoir anticiper le retour des saisons. Ma\u00eetriser le temps, c\u2019est aussi d\u00e9tenir un\u00a0 pouvoir politique et religieux incontest\u00e9. Les pr\u00eatres-astronomes chald\u00e9ens et \u00e9gyptiens le savaient bien, les R\u00e9volutionnaires fran\u00e7ais aussi&#8230;<\/p>\n<h3><span style=\"color: #800000;\"><strong>2100 av J.C.<\/strong><\/span><\/h3>\n<div id=\"attachment_1250\" style=\"width: 310px\" class=\"wp-caption alignleft\"><a href=\"https:\/\/mieux-se-connaitre.com\/wp4\/wp-content\/uploads\/2009\/12\/calegyptien.jpg\"><img aria-describedby=\"caption-attachment-1250\" loading=\"lazy\" class=\"wp-image-1250 size-medium\" title=\"calegyptien\" src=\"https:\/\/mieux-se-connaitre.com\/wp4\/wp-content\/uploads\/2009\/12\/calegyptien-300x225.jpg\" alt=\"Plafond du tombeau de Senmout, les cercles divis\u00e9s repr\u00e9sentent les douze mois lunaires. \" width=\"300\" height=\"225\" srcset=\"https:\/\/mieux-se-connaitre.com\/wp4\/wp-content\/uploads\/2009\/12\/calegyptien-300x225.jpg 300w, https:\/\/mieux-se-connaitre.com\/wp4\/wp-content\/uploads\/2009\/12\/calegyptien-150x112.jpg 150w, https:\/\/mieux-se-connaitre.com\/wp4\/wp-content\/uploads\/2009\/12\/calegyptien.jpg 640w\" sizes=\"(max-width: 300px) 100vw, 300px\" \/><\/a><p id=\"caption-attachment-1250\" class=\"wp-caption-text\">Plafond du tombeau de Senmout, les cercles divis\u00e9s repr\u00e9sentent les douze mois lunaires.<\/p><\/div>\n<p>Les \u00c9gyptiens mettent au point un calendrier solaire : une ann\u00e9e de 365 jours divis\u00e9e en 12 mois de 30 jours auxquels ils ajoutent cinq jours. Mais leur ann\u00e9e est trop courte d\u20191\/4 de jour, tr\u00e8s vite les dates des calendriers ne correspondent plus aux saisons. Ptol\u00e9m\u00e9e III en 238 av. J.-C. tente en vain de faire accepter l\u2019insertion d\u2019ann\u00e9es bissextiles.<\/p>\n<p>&nbsp;<\/p>\n<h3><\/h3>\n<h3><span style=\"color: #800000;\"><strong>1700 av J.C.<\/strong><\/span><\/h3>\n<div id=\"attachment_1251\" style=\"width: 310px\" class=\"wp-caption alignleft\"><a href=\"https:\/\/mieux-se-connaitre.com\/wp4\/wp-content\/uploads\/2009\/12\/calchaldeen.jpg\"><img aria-describedby=\"caption-attachment-1251\" loading=\"lazy\" class=\"wp-image-1251 size-medium\" title=\"calchaldeen\" src=\"https:\/\/mieux-se-connaitre.com\/wp4\/wp-content\/uploads\/2009\/12\/calchaldeen-300x225.jpg\" alt=\"Tablette astrologique babylonienne\" width=\"300\" height=\"225\" srcset=\"https:\/\/mieux-se-connaitre.com\/wp4\/wp-content\/uploads\/2009\/12\/calchaldeen-300x225.jpg 300w, https:\/\/mieux-se-connaitre.com\/wp4\/wp-content\/uploads\/2009\/12\/calchaldeen-150x112.jpg 150w, https:\/\/mieux-se-connaitre.com\/wp4\/wp-content\/uploads\/2009\/12\/calchaldeen.jpg 640w\" sizes=\"(max-width: 300px) 100vw, 300px\" \/><\/a><p id=\"caption-attachment-1251\" class=\"wp-caption-text\">Tablette astrologique babylonienne<\/p><\/div>\n<p>Les Chald\u00e9ens (terme synonyme d\u2019astrologues) ou babyloniens,\u00a0 inaugurent le calendrier lunaire en cr\u00e9ant\u00a0 une ann\u00e9e de 12 mois de 29 et 30 jours. L&#8217;ann\u00e9e lunaire est alors trop courte d&#8217;environ 11 jours par rapport au cycle des saisons. L\u2019ann\u00e9e lunaire des Chald\u00e9ens est r\u00e9gularis\u00e9e gr\u00e2ce \u00e0 un astronome grec, M\u00e9ton, qui fait alterner 12 ann\u00e9es de 12 mois, \u00abann\u00e9es communes\u00bb, et 7 ann\u00e9es de 13 mois, ann\u00e9es \u00abembolismiques\u00bb.<\/p>\n<h3 style=\"text-align: left;\"><span style=\"color: #800000;\"><strong>46 av J.C.<\/strong><\/span><\/h3>\n<div id=\"attachment_1252\" style=\"width: 310px\" class=\"wp-caption alignleft\"><a href=\"https:\/\/mieux-se-connaitre.com\/wp4\/wp-content\/uploads\/2009\/12\/caljulien.jpg\"><img aria-describedby=\"caption-attachment-1252\" loading=\"lazy\" class=\"wp-image-1252 size-medium\" title=\"caljulien\" src=\"https:\/\/mieux-se-connaitre.com\/wp4\/wp-content\/uploads\/2009\/12\/caljulien-300x225.jpg\" alt=\"Calendrier Julien, utilis\u00e9 par l'Etat imp\u00e9rial romain, puis par l'Eglise chr\u00e9tienne\" width=\"300\" height=\"225\" srcset=\"https:\/\/mieux-se-connaitre.com\/wp4\/wp-content\/uploads\/2009\/12\/caljulien-300x225.jpg 300w, https:\/\/mieux-se-connaitre.com\/wp4\/wp-content\/uploads\/2009\/12\/caljulien-150x112.jpg 150w, https:\/\/mieux-se-connaitre.com\/wp4\/wp-content\/uploads\/2009\/12\/caljulien.jpg 640w\" sizes=\"(max-width: 300px) 100vw, 300px\" \/><\/a><p id=\"caption-attachment-1252\" class=\"wp-caption-text\">Calendrier Julien, utilis\u00e9 par l&#8217;Etat imp\u00e9rial romain, puis par l&#8217;Eglise chr\u00e9tienne<\/p><\/div>\n<p>Jules C\u00e9sar, en sa qualit\u00e9 de Grand Pontife, et avec l&#8217;aide de l&#8217;astronome grec, Sosig\u00e8ne, met en \u0153uvre la r\u00e9forme julienne. Il impose les ann\u00e9es bissextiles de 366 jours et fixe le d\u00e9but de l&#8217;ann\u00e9e au 1er janvier, date \u00e0 laquelle les consuls prenaient leur charge.<\/p>\n<h3><strong><span style=\"color: #800000;\">1576-1582: Le Calendrier gr\u00e9gorien ou le calendrier Julien r\u00e9vis\u00e9<\/span><br \/>\n<\/strong><\/h3>\n<div id=\"attachment_1253\" style=\"width: 310px\" class=\"wp-caption alignleft\"><a href=\"https:\/\/mieux-se-connaitre.com\/wp4\/wp-content\/uploads\/2009\/12\/gregorien.jpg\"><img aria-describedby=\"caption-attachment-1253\" loading=\"lazy\" class=\"wp-image-1253 size-medium\" title=\"gregorien\" src=\"https:\/\/mieux-se-connaitre.com\/wp4\/wp-content\/uploads\/2009\/12\/gregorien-300x225.jpg\" alt=\"Commission r\u00e9unie par Gr\u00e9goire XIII en 1576 pour \u00e9tudier la r\u00e9forme du calendrier Julien\" width=\"300\" height=\"225\" srcset=\"https:\/\/mieux-se-connaitre.com\/wp4\/wp-content\/uploads\/2009\/12\/gregorien-300x225.jpg 300w, https:\/\/mieux-se-connaitre.com\/wp4\/wp-content\/uploads\/2009\/12\/gregorien-150x112.jpg 150w, https:\/\/mieux-se-connaitre.com\/wp4\/wp-content\/uploads\/2009\/12\/gregorien.jpg 640w\" sizes=\"(max-width: 300px) 100vw, 300px\" \/><\/a><p id=\"caption-attachment-1253\" class=\"wp-caption-text\">Commission r\u00e9unie par Gr\u00e9goire XIII en 1576 pour \u00e9tudier la r\u00e9forme du calendrier Julien<\/p><\/div>\n<p>En r\u00e9alit\u00e9, l&#8217;ann\u00e9e est de 365,24220 jours en moyenne. Ce d\u00e9calage, peu sensible \u00e0 l&#8217;\u00e9chelle humaine, n\u00e9cessite des r\u00e9ajustements \u00e0 l&#8217;\u00e9chelle historique. Aussi le pape Gr\u00e9goire XIII d\u00e9cide-t-il, en 1576 de r\u00e9unir une commission\u00a0 en 1576 pour \u00e9tudier la r\u00e9forme du calendrier Julien: les ann\u00e9es s\u00e9culaires cessent d&#8217;\u00eatre bissextiles, sauf celles dont le nombre de si\u00e8cles est divisible par quatre ! 1800, 1900 ne sont plus bissextiles, mais 2000 le reste. Cette r\u00e9forme, rapidement adopt\u00e9e par la plupart des pays, n&#8217;est entr\u00e9e en vigueur que pr\u00e8s de deux si\u00e8cles plus tard en Angleterre, pays protestant qui tenait \u00e0 conserver son particularisme.<\/p>\n<p>Ne parlons pas de<a href=\"https:\/\/mieux-se-connaitre.com\/wp4\/2009\/12\/quelle-est-la-date-de-la-saint-sylvestre-2010\/\"> l&#8217;\u00e9pisode du calendrier r\u00e9volutionnaire!<\/a><\/p>\n<h3><span style=\"color: #800000;\"><strong>Le calendrier musulman<\/strong><\/span><\/h3>\n<p>Le calendrier musulman est le seul \u00e0 l&#8217;heure actuelle o\u00f9 les mois soient totalement ind\u00e9pendants des saisons : l&#8217;alternance d&#8217;ann\u00e9es communes de 354 jours (6 mois de 29 jours et 6 mois de 30 jours) et d&#8217;ann\u00e9es abondantes de 355 jours (le jour suppl\u00e9mentaire tous les 30 mois environ) ne suffit pas \u00e0 compenser la d\u00e9rive des saisons.<\/p>\n<h2 style=\"text-align: center;\"><span style=\"color: #800000;\">Se rep\u00e9rer<\/span><\/h2>\n<p>Les astres sont \u00e0 l&#8217;origine des premiers rep\u00e8res de temps et d&#8217;espace pour l&#8217;homme depuis la pr\u00e9histoire. Aussi pour r\u00e9pondre aux besoins pratiques de calendrier, de d\u00e9coupage du temps et pour satisfaire la curiosit\u00e9 de l&#8217;homme quand \u00e0 l&#8217;univers qui l&#8217;entoure, fallait-il pouvoir rep\u00e9rer et mesurer le temps et l&#8217;espace.<\/p>\n<p>Pour le temps, on s&#8217;est fond\u00e9 sur des ph\u00e9nom\u00e8nes p\u00e9riodiques: jour\/nuit, phases de la Lune, mouvement annuel apparent du Soleil.<\/p>\n<h3><span style=\"color: #800000;\"><strong>Mesure du temps et calendrier<br \/>\n<\/strong><\/span><\/h3>\n<p>Avant l&#8217;invention des horloges, le temps se mesurait en suivant le mouvement apparent du Soleil autour de la Terre. Les polos, projection sph\u00e9rique de la sph\u00e8re c\u00e9leste ont \u00e9t\u00e9 de pr\u00e9cieux instruments pour l&#8217;astronomie.<\/p>\n<p>Midi \u00e9tait le passage du Soleil au m\u00e9ridien. Mais on a vite remarqu\u00e9 que le mouvement apparent du Soleil n&#8217;est pas uniforme et ni la rotation de la Terre sur elle m\u00eame. Le premi\u00e8res horloges ont \u00e9t\u00e9 r\u00e9gl\u00e9es sur un temps solaire moyen et non plus sur le mouvement apparent r\u00e9el du Soleil.<\/p>\n<p>Le probl\u00e8me du calendrier est inextricable: il n&#8217;y a un nombre de jours exact ni dans le mois lunaire ni dans l&#8217;ann\u00e9e solaire et pas un nombre de mois lunaires exacts dans l&#8217;ann\u00e9e solaire. On a essay\u00e9 les luni-solaires, ou les solaires, mais l&#8217;\u00e9ch\u00e9ance lunaire est indispensable pour se rep\u00e9rer. Le Calendrier des Azt\u00e8ques, lui, \u00e9tait Luni-Solaire et V\u00e9nusien: mois lunaire, ann\u00e9e solaire et ann\u00e9e v\u00e9nusienne.<\/p>\n<!-- google_ad_section_end -->","protected":false},"excerpt":{"rendered":"<!-- google_ad_section_start --><p>La division du temps Un calendrier est une division du temps en p\u00e9riodes plus ou moins longues, adapt\u00e9es aux usages de la vie sociale et concordant avec des ph\u00e9nom\u00e8nes naturels, en g\u00e9n\u00e9ral astronomiques. La base fondamentale en est le jour.&hellip;<\/p>\n<p class=\"more-link-p\"><a class=\"more-link\" href=\"https:\/\/mieux-se-connaitre.com\/wp4\/2009\/12\/le-calendrier\/\">Suite &rarr;<\/a><\/p>\n<!-- google_ad_section_end -->","protected":false},"author":1,"featured_media":0,"comment_status":"open","ping_status":"open","sticky":false,"template":"","format":"standard","meta":[],"categories":[147,7],"tags":[],"_links":{"self":[{"href":"https:\/\/mieux-se-connaitre.com\/wp4\/wp-json\/wp\/v2\/posts\/1246"}],"collection":[{"href":"https:\/\/mieux-se-connaitre.com\/wp4\/wp-json\/wp\/v2\/posts"}],"about":[{"href":"https:\/\/mieux-se-connaitre.com\/wp4\/wp-json\/wp\/v2\/types\/post"}],"author":[{"embeddable":true,"href":"https:\/\/mieux-se-connaitre.com\/wp4\/wp-json\/wp\/v2\/users\/1"}],"replies":[{"embeddable":true,"href":"https:\/\/mieux-se-connaitre.com\/wp4\/wp-json\/wp\/v2\/comments?post=1246"}],"version-history":[{"count":7,"href":"https:\/\/mieux-se-connaitre.com\/wp4\/wp-json\/wp\/v2\/posts\/1246\/revisions"}],"predecessor-version":[{"id":13186,"href":"https:\/\/mieux-se-connaitre.com\/wp4\/wp-json\/wp\/v2\/posts\/1246\/revisions\/13186"}],"wp:attachment":[{"href":"https:\/\/mieux-se-connaitre.com\/wp4\/wp-json\/wp\/v2\/media?parent=1246"}],"wp:term":[{"taxonomy":"category","embeddable":true,"href":"https:\/\/mieux-se-connaitre.com\/wp4\/wp-json\/wp\/v2\/categories?post=1246"},{"taxonomy":"post_tag","embeddable":true,"href":"https:\/\/mieux-se-connaitre.com\/wp4\/wp-json\/wp\/v2\/tags?post=1246"}],"curies":[{"name":"wp","href":"https:\/\/api.w.org\/{rel}","templated":true}]}}