{"id":1262,"date":"2009-12-31T07:56:19","date_gmt":"2009-12-31T05:56:19","guid":{"rendered":"https:\/\/mieux-se-connaitre.com\/wp4\/?p=1262"},"modified":"2020-05-25T14:05:03","modified_gmt":"2020-05-25T12:05:03","slug":"quelle-est-la-date-de-la-saint-sylvestre-2010","status":"publish","type":"post","link":"https:\/\/mieux-se-connaitre.com\/wp4\/2009\/12\/quelle-est-la-date-de-la-saint-sylvestre-2010\/","title":{"rendered":"Calendrier r\u00e9volutionnaire, un casse-t\u00eate"},"content":{"rendered":"<!-- google_ad_section_start --><div id=\"attachment_1249\" style=\"width: 310px\" class=\"wp-caption alignleft\"><a href=\"https:\/\/mieux-se-connaitre.com\/wp4\/wp-content\/uploads\/2009\/12\/CALrevolutionnaire.jpg\"><img aria-describedby=\"caption-attachment-1249\" loading=\"lazy\" class=\"wp-image-1249 size-medium\" title=\"CALrevolutionnaire\" src=\"https:\/\/mieux-se-connaitre.com\/wp4\/wp-content\/uploads\/2009\/12\/CALrevolutionnaire-300x225.jpg\" alt=\"Le calendrier r\u00e9volutionnaire : 12 mois de 30 jours plus 5 ou 6 jours pour la r\u00e9publique\" width=\"300\" height=\"225\" srcset=\"https:\/\/mieux-se-connaitre.com\/wp4\/wp-content\/uploads\/2009\/12\/CALrevolutionnaire-300x225.jpg 300w, https:\/\/mieux-se-connaitre.com\/wp4\/wp-content\/uploads\/2009\/12\/CALrevolutionnaire-150x112.jpg 150w, https:\/\/mieux-se-connaitre.com\/wp4\/wp-content\/uploads\/2009\/12\/CALrevolutionnaire.jpg 640w\" sizes=\"(max-width: 300px) 100vw, 300px\" \/><\/a><p id=\"caption-attachment-1249\" class=\"wp-caption-text\">Le calendrier r\u00e9volutionnaire : 12 mois de 30 jours plus 5 ou 6 jours pour la r\u00e9publique<\/p><\/div>\n<h2><span style=\"color: #800000;\">Quelle serait la date de la Saint Sylvestre 2010?<\/span><\/h2>\n<p>Si nous en \u00e9tions rest\u00e9s au <a href=\"https:\/\/mieux-se-connaitre.com\/wp4\/2009\/12\/le-calendrier\/\">calendrier<\/a> r\u00e9volutionnaire, quel jour serions-nous le 31 janvier 2010?<\/p>\n<p>Si le calendrier r\u00e9volutionnaire n&#8217;avait pas dur\u00e9 que 13 ans, du 22 septembre 1792 au 1er janvier 1806 et qu&#8217;il \u00e9tait toujours en vigueur quel jour serions nous?<\/p>\n<p>Je vous souhaite bien du plaisir. Voici quelques \u00e9l\u00e9ments pour trouver.<\/p>\n<p>Une loi de la Convention, du 6 octobre 1793 met en usage un nouveau calendrier.<\/p>\n<p>La proclamation de la r\u00e9publique eut lieu le 22 septembre 1792: une aubaine, c&#8217;\u00e9tait le jour de l&#8217;\u00e9quinoxe d&#8217;automne.<\/p>\n<p>Le d\u00e9but de l&#8217;ann\u00e9e fut donc fix\u00e9 au jour civil de l&#8217;\u00e9quinoxe d&#8217;automne pour le m\u00e9ridien de Paris. On voit qu&#8217;il n&#8217;y eut donc jamais d&#8217;an I.<\/p>\n<p>L&#8217;ann\u00e9e comporte 12 mois de 30 jours:<\/p>\n<p>Automne : Vend\u00e9miaire, Brumaire, Frimaire<\/p>\n<p>Hiver : Niv\u00f4se, Pluvi\u00f4se, Vent\u00f4se<\/p>\n<p>Printemps : Germinal, Flor\u00e9al, Prairial<\/p>\n<p>Et\u00e9: Messidor, Thermidor, Fructidor<\/p>\n<p>L&#8217;ann\u00e9e se termine par 5 jours compl\u00e9mentaires plac\u00e9s \u00e0 la fin du mois Fructidor.<\/p>\n<p>Un sixi\u00e8me jour, appel\u00e9 jour de la R\u00e9volution est ajout\u00e9 tous les quatre ans. Cette ann\u00e9e dite sextile ne correspond pas aux ann\u00e9es bissextiles de notre calendrier gr\u00e9gorien. L&#8217;an III, VII et XI furent &#8220;sextiles&#8221;.<\/p>\n<p>Napol\u00e9on abolit ce calendrier par d\u00e9cret du 9 septembre 1805 avec effet \u00e0 partir du 1er janvier 1806. L&#8217;an XIV n&#8217;eut donc que trois mois et huit jours.<\/p>\n<p>Ce calendrier aux noms po\u00e9tiques mais li\u00e9s au climat de la France n&#8217;avait aucune chance d&#8217;\u00eatre universellement reconnu. De plus il bousculait les dates anniversaires de chaque citoyen qui ne s&#8217;y retrouvait plus.<\/p>\n<p>Attention, si le passage du Soleil \u00e0 l&#8217;\u00e9quinoxe d&#8217;automne a lieu tr\u00e8s pr\u00e8s de minuit, \u00e0 Paris, ce minime \u00e9cart entra\u00eene une incertitude d&#8217;un jour entier (ex en l&#8217;an 144 de la R\u00e9publique (1935), le Soleil est pass\u00e9 \u00e0 l&#8217;\u00e9quinoxe d&#8217;automne le 23 septembre \u00e0 23h48.<\/p>\n<p>Amusez-vous bien : pour l&#8217;ann\u00e9e : facile, pour le mois: facile mais pour le jour vous risquez d&#8217;avoir un peu de mal \u00e0 le trouver avec certitude \u00e0 cause de la date de l&#8217;\u00e9quinoxe.<\/p>\n<!-- google_ad_section_end -->","protected":false},"excerpt":{"rendered":"<!-- google_ad_section_start --><p>Quelle serait la date de la Saint Sylvestre 2010? Si nous en \u00e9tions rest\u00e9s au calendrier r\u00e9volutionnaire, quel jour serions-nous le 31 janvier 2010? Si le calendrier r\u00e9volutionnaire n&#8217;avait pas dur\u00e9 que 13 ans, du 22 septembre 1792 au 1er&hellip;<\/p>\n<p class=\"more-link-p\"><a class=\"more-link\" href=\"https:\/\/mieux-se-connaitre.com\/wp4\/2009\/12\/quelle-est-la-date-de-la-saint-sylvestre-2010\/\">Suite &rarr;<\/a><\/p>\n<!-- google_ad_section_end -->","protected":false},"author":1,"featured_media":0,"comment_status":"open","ping_status":"open","sticky":false,"template":"","format":"standard","meta":[],"categories":[147,9],"tags":[],"_links":{"self":[{"href":"https:\/\/mieux-se-connaitre.com\/wp4\/wp-json\/wp\/v2\/posts\/1262"}],"collection":[{"href":"https:\/\/mieux-se-connaitre.com\/wp4\/wp-json\/wp\/v2\/posts"}],"about":[{"href":"https:\/\/mieux-se-connaitre.com\/wp4\/wp-json\/wp\/v2\/types\/post"}],"author":[{"embeddable":true,"href":"https:\/\/mieux-se-connaitre.com\/wp4\/wp-json\/wp\/v2\/users\/1"}],"replies":[{"embeddable":true,"href":"https:\/\/mieux-se-connaitre.com\/wp4\/wp-json\/wp\/v2\/comments?post=1262"}],"version-history":[{"count":3,"href":"https:\/\/mieux-se-connaitre.com\/wp4\/wp-json\/wp\/v2\/posts\/1262\/revisions"}],"predecessor-version":[{"id":13182,"href":"https:\/\/mieux-se-connaitre.com\/wp4\/wp-json\/wp\/v2\/posts\/1262\/revisions\/13182"}],"wp:attachment":[{"href":"https:\/\/mieux-se-connaitre.com\/wp4\/wp-json\/wp\/v2\/media?parent=1262"}],"wp:term":[{"taxonomy":"category","embeddable":true,"href":"https:\/\/mieux-se-connaitre.com\/wp4\/wp-json\/wp\/v2\/categories?post=1262"},{"taxonomy":"post_tag","embeddable":true,"href":"https:\/\/mieux-se-connaitre.com\/wp4\/wp-json\/wp\/v2\/tags?post=1262"}],"curies":[{"name":"wp","href":"https:\/\/api.w.org\/{rel}","templated":true}]}}