{"id":14081,"date":"2020-01-01T17:41:14","date_gmt":"2020-01-01T15:41:14","guid":{"rendered":"https:\/\/mieux-se-connaitre.com\/wp4\/?p=14081"},"modified":"2020-08-14T12:26:45","modified_gmt":"2020-08-14T10:26:45","slug":"bicyclette-velo-naissance-petite-reine-2","status":"publish","type":"post","link":"https:\/\/mieux-se-connaitre.com\/wp4\/2020\/01\/bicyclette-velo-naissance-petite-reine-2\/","title":{"rendered":"Bicyclette, v\u00e9lo, la naissance de la petite reine"},"content":{"rendered":"<!-- google_ad_section_start --><div id=\"attachment_8869\" style=\"width: 310px\" class=\"wp-caption alignleft\"><a href=\"https:\/\/mieux-se-connaitre.com\/wp4\/wp-content\/uploads\/2015\/04\/CD06_23.jpg\"><img aria-describedby=\"caption-attachment-8869\" loading=\"lazy\" class=\"size-medium wp-image-8869\" src=\"https:\/\/mieux-se-connaitre.com\/wp4\/wp-content\/uploads\/2015\/04\/CD06_23-300x225.jpg\" alt=\"bicyclette\" width=\"300\" height=\"225\" srcset=\"https:\/\/mieux-se-connaitre.com\/wp4\/wp-content\/uploads\/2015\/04\/CD06_23-300x225.jpg 300w, https:\/\/mieux-se-connaitre.com\/wp4\/wp-content\/uploads\/2015\/04\/CD06_23-150x113.jpg 150w, https:\/\/mieux-se-connaitre.com\/wp4\/wp-content\/uploads\/2015\/04\/CD06_23-600x450.jpg 600w, https:\/\/mieux-se-connaitre.com\/wp4\/wp-content\/uploads\/2015\/04\/CD06_23.jpg 640w\" sizes=\"(max-width: 300px) 100vw, 300px\" \/><\/a><p id=\"caption-attachment-8869\" class=\"wp-caption-text\">v\u00e9locip\u00e8de Michaux<\/p><\/div>\n<h2><span style=\"color: #800000;\">Du v\u00e9locip\u00e8de des snobs \u00e0 la bicyclette populaire<\/span><\/h2>\n<p>Lanc\u00e9e par les snobs, la bicyclette, devenue populaire, encourage le sport.<br \/>\nD&#8217;abord objet de curiosit\u00e9 et signe d&#8217;originalit\u00e9, la bicyclette devient moyen de transport ; elle invite ainsi \u00e0 l&#8217;\u00e9vasion, au voyage (cyclotourisme, v\u00e9lo tout terrain).<\/p>\n<p>Accessoire de spectacle<br \/>\n(cirque) et facteur de sant\u00e9, elle encourage au sport et \u00e0 la comp\u00e9tition.<\/p>\n<p>Symbole d&#8217;innovation, elle est toujours \u00e0 l&#8217;image des progr\u00e8s techniques d&#8217;une \u00e9poque.<\/p>\n<p>Depuis les essais tr\u00e8s raill\u00e9s du pauvre baron de Drais en 1818, et la folie du hobby-horse en Angleterre, le v\u00e9locip\u00e8de est tomb\u00e9 dans l&#8217;oubli.<\/p>\n<p>En 1861, le Fran\u00e7ais Michaux adapte une p\u00e9divelle sur une draisienne, c&#8217;est la Michauline.<\/p>\n<p>L&#8217;Empereur Napol\u00e9on III s&#8217;y int\u00e9resse ; les man\u00e8ges o\u00f9 l&#8217;on prend des le\u00e7ons de v\u00e9locip\u00e8de font fureur. Au bois de Saint-Cloud, les v\u00e9locip\u00e9deurs s&#8217;essayent aux premi\u00e8res courses, le Paris-Rouen consacre le succ\u00e8s de James Moore \u00e0 douze km\/h de moyenne.<\/p>\n<p>&#8220;Avec le v\u00e9locip\u00e8de, les troupes fran\u00e7aises mettront moins de dix jours pour atteindre Berlin!&#8221;.En attendant, la guerre de 1870 a chass\u00e9 le v\u00e9locip\u00e8de de France, et ce sont les Anglais qui vont donner au bicycle sa forme<br \/>\nd\u00e9finitive : d\u00e9multiplication, roulement \u00e0 bille, pneumatiques gonflables.<\/p>\n<p>La Reine Victoria sort avec ses dames en tricycle, symbole de la lib\u00e9ration de la femme.<\/p>\n<p>Pendant ce temps, un polytechnicien remarque avec une imperturbable logique que, &#8220;pour aller plus vite, il suffit<br \/>\nd&#8217;agrandir la roue avant&#8221;, et voil\u00e0 le grand-bi des ann\u00e9e 1870, l&#8217;araign\u00e9e : quels frissons!<\/p>\n<p>La d\u00e9multiplication, en ramenant le v\u00e9locip\u00e8de \u00e0 une taille confortable pour tous, gagnera.<\/p>\n<p>Le 28 janvier 1886, le &#8220;V\u00e9loce-Sport&#8221; parle pour la premi\u00e8re fois de bicyclette. Devenue populaire, elle<br \/>\nva permettre le d\u00e9veloppement du <a href=\"https:\/\/mieux-se-connaitre.com\/wp4\/2011\/05\/la-france-des-loisirs-au-xixe\/\">sport et tourisme \u00e0 bicyclette<\/a>.<\/p>\n<p>\u00c9quip\u00e9e de pneumatiques et de rayons en acier, fabriqu\u00e9s selon la technique de tr\u00e9filage mise au point pour les filaments des lampes d&#8217;Edison, elle ne p\u00e8se plus que dix kilos.<\/p>\n<h2><span style=\"color: #800000;\">Chronologie<\/span><\/h2>\n<p>1818 : premiers essais du baron de Drais sur sa machine \u00e0 courir (Hobby horse en Angleterre).<\/p>\n<p>1861 : Michaux adapte une p\u00e9divelle sur une draisienne ; c&#8217;est le &#8220;v\u00e9locip\u00e8de fran\u00e7ais&#8221; ou Michauline.<\/p>\n<p>La guerre de 70 chasse le v\u00e9locip\u00e8de de France ; ce seront les Anglais qui donneront au bicycle sa forme d\u00e9finitive : (d\u00e9)multiplication roulement \u00e0 billes et pneumatiques gonflables.<\/p>\n<p>Ann\u00e9es 1870 : le grand-bi, impasse technologique.<\/p>\n<p>21 janvier 1886 : le &#8220;V\u00e9loce sport&#8221; parle pour la premi\u00e8re fois de &#8220;bicyclette&#8221;.<\/p>\n<p>1893 : 500 000 bicyclettes en France.<\/p>\n<p>1900 : 1 million de cyclistes (dont facteurs, coursiers, estafettes).<\/p>\n<p>1903 : premier Tour de France.<\/p>\n<p>1936 : la bicyclette populaire fait le bonheur des premiers Cong\u00e9s pay\u00e9s.<\/p>\n<p>1994 : le v\u00e9lo sant\u00e9 ; le v\u00e9lo randonn\u00e9e (VTT).<\/p>\n<p>2015 : le v\u00e9lo \u00e9colo<\/p>\n<h2><span style=\"color: #800000;\">L&#8217;\u00e9volution des mod\u00e8les<\/span><\/h2>\n<div id=\"attachment_3808\" style=\"width: 310px\" class=\"wp-caption alignleft\"><a href=\"https:\/\/mieux-se-connaitre.com\/wp4\/wp-content\/uploads\/2011\/07\/19568.jpg\"><img aria-describedby=\"caption-attachment-3808\" loading=\"lazy\" class=\"size-medium wp-image-3808\" src=\"https:\/\/mieux-se-connaitre.com\/wp4\/wp-content\/uploads\/2011\/07\/19568-300x225.jpg\" alt=\"Draisienne \u00a9 Mus\u00e9e des arts et m\u00e9tiers, l'Album\" width=\"300\" height=\"225\" srcset=\"https:\/\/mieux-se-connaitre.com\/wp4\/wp-content\/uploads\/2011\/07\/19568-300x225.jpg 300w, https:\/\/mieux-se-connaitre.com\/wp4\/wp-content\/uploads\/2011\/07\/19568-150x112.jpg 150w, https:\/\/mieux-se-connaitre.com\/wp4\/wp-content\/uploads\/2011\/07\/19568.jpg 640w\" sizes=\"(max-width: 300px) 100vw, 300px\" \/><\/a><p id=\"caption-attachment-3808\" class=\"wp-caption-text\">Draisienne \u00a9 Mus\u00e9e des arts et m\u00e9tiers, l&#8217;Album<\/p><\/div>\n<h3><span style=\"color: #800000;\">La Draisienne<\/span><\/h3>\n<div id=\"attachment_3810\" style=\"width: 310px\" class=\"wp-caption alignleft\"><a href=\"https:\/\/mieux-se-connaitre.com\/wp4\/wp-content\/uploads\/2011\/07\/14064.jpg\"><img aria-describedby=\"caption-attachment-3810\" loading=\"lazy\" class=\"size-medium wp-image-3810\" src=\"https:\/\/mieux-se-connaitre.com\/wp4\/wp-content\/uploads\/2011\/07\/14064-300x225.jpg\" alt=\"v\u00e9lo\" width=\"300\" height=\"225\" srcset=\"https:\/\/mieux-se-connaitre.com\/wp4\/wp-content\/uploads\/2011\/07\/14064-300x225.jpg 300w, https:\/\/mieux-se-connaitre.com\/wp4\/wp-content\/uploads\/2011\/07\/14064-150x112.jpg 150w, https:\/\/mieux-se-connaitre.com\/wp4\/wp-content\/uploads\/2011\/07\/14064.jpg 640w\" sizes=\"(max-width: 300px) 100vw, 300px\" \/><\/a><p id=\"caption-attachment-3810\" class=\"wp-caption-text\">V\u00e9locip\u00e8de Michaux \u00a9 Mus\u00e9e des arts et m\u00e9tiers, l&#8217;Album<\/p><\/div>\n<h3><span style=\"color: #800000;\">Le v\u00e9locip\u00e8de Michaux<\/span><\/h3>\n<p>L&#8217;essor des chemins de fer n&#8217;arrangent pas les affaires des carrossiers comme Pierre Michaux et son fils Ernest. Aussi ont-ils tout le loisir de r\u00e9parer le v\u00e9locip\u00e8de de Monsieur Brunel. Cela fait longtemps qu&#8217;on ne voit plus de ces draisiennes du d\u00e9but du si\u00e8cle dont le mode d&#8217;emploi est cependant fort simple : &#8220;on pose l\u00e9g\u00e8rement les pieds sur le terrain, on fait de grands pas en direction parall\u00e8le avec les roues.<\/p>\n<p>&#8220;Les Michaux se posent tout simplement la question mais &#8220;si on faisait des repose-pieds en prolongeant l&#8217;essieu de la roue avant&#8230; ce serait moins fatiguant&#8230;et si on y adaptait un axe coud\u00e9 !<\/p>\n<p>&#8220;Muni de cette p\u00e9divelle (l&#8217;anc\u00eatre de la p\u00e9dale), le v\u00e9locip\u00e8de ne s&#8217;arr\u00eatera plus sur le chemin du succ\u00e8s!&#8221;<\/p>\n<h3><span style=\"color: #800000;\">V\u00e9locip\u00e8de \u00e0 cha\u00eene Guilmet et Meyer, 1869<\/span><\/h3>\n<div id=\"attachment_2476\" style=\"width: 310px\" class=\"wp-caption alignleft\"><a href=\"https:\/\/mieux-se-connaitre.com\/wp4\/wp-content\/uploads\/2010\/09\/14014.jpg\"><img aria-describedby=\"caption-attachment-2476\" loading=\"lazy\" class=\"size-medium wp-image-2476\" src=\"https:\/\/mieux-se-connaitre.com\/wp4\/wp-content\/uploads\/2010\/09\/14014-300x225.jpg\" alt=\"bicyclette\" width=\"300\" height=\"225\" srcset=\"https:\/\/mieux-se-connaitre.com\/wp4\/wp-content\/uploads\/2010\/09\/14014-300x225.jpg 300w, https:\/\/mieux-se-connaitre.com\/wp4\/wp-content\/uploads\/2010\/09\/14014-150x112.jpg 150w, https:\/\/mieux-se-connaitre.com\/wp4\/wp-content\/uploads\/2010\/09\/14014.jpg 640w\" sizes=\"(max-width: 300px) 100vw, 300px\" \/><\/a><p id=\"caption-attachment-2476\" class=\"wp-caption-text\">V\u00e9locip\u00e8de de Guilmet et Meyer<\/p><\/div>\n<p>Les d\u00e9buts d&#8217;une grande cha\u00eene!<\/p>\n<p>&#8220;Pour obtenir une plus grande vitesse, il suffit d&#8217;\u00e9tablir une multiplication quelconque sur l&#8217;axe de la roue motrice, au lieu de continuer \u00e0 agrandir la roue avant des v\u00e9locip\u00e8des&#8221;.<\/p>\n<p>L&#8217;horloger Guilmet a depuis longtemps une grande habitude de la cha\u00eene et de la multiplication, il propose \u00e0 son ami le m\u00e9canicien Meyer, qui tenait boutique \u00e0 Paris, au 54 boulevard S\u00e9bastopol, non loin du Conservatoire des Arts et M\u00e9tiers, de construire un &#8220;v\u00e9locip\u00e8de&#8221; \u00e0 cha\u00eene.<\/p>\n<p>Cette nouveaut\u00e9, mod\u00e8le unique prototype, est expos\u00e9e en 1869 ; personne ne le remarque et Guilmet meurt pendant la guerre de 1870.<\/p>\n<p>La cha\u00eene est \u00e0 rouleaux. Les roues Meyer, brevet\u00e9es en 1869, sont enti\u00e8rement m\u00e9talliques et \u00e0 rayons r\u00e9glables, caract\u00e9ristique qu\u2019elles partagent avec les roues du v\u00e9locip\u00e8de Suriray de la m\u00eame \u00e9poque. Leur particularit\u00e9 r\u00e9side dans la disposition des coussinets \u00e0 billes qui, diff\u00e9rence fondamentale avec ceux de Suriray, ne sont pas<br \/>\nsitu\u00e9s sur la fourche arri\u00e8re mais dans le moyeu. Cette disposition, la seule qui permette de d\u00e9monter rapidement une roue, est adopt\u00e9e aujourd\u2019hui sur toutes les bicyclettes.<\/p>\n<p>Ce prototype du premier v\u00e9locip\u00e8de \u00e0 cha\u00eene reste sans lendemain&#8230; jusqu&#8217;au bicycle Lawson, dix ans plus tard.<\/p>\n<p>En 1874, l&#8217;Anglais Harry Lawson d\u00e9pose un brevet de cha\u00eene pour bicycle qui sera commercialis\u00e9 par<br \/>\nl&#8217;industriel Starley, cr\u00e9ateur des premiers mod\u00e8les de bicycles pratiques, s\u00fbrs et appr\u00e9ci\u00e9s.<\/p>\n<p>En1886, le v\u00e9locip\u00e8de se popularise et s&#8217;appelle bicyclette.<\/p>\n<h3><span style=\"color: #800000;\">V\u00e9locip\u00e8de Pickering et Davis, 1869<\/span><\/h3>\n<div id=\"attachment_14401\" style=\"width: 310px\" class=\"wp-caption alignleft\"><a href=\"https:\/\/mieux-se-connaitre.com\/wp4\/wp-content\/uploads\/2020\/01\/18806.jpg\"><img aria-describedby=\"caption-attachment-14401\" loading=\"lazy\" class=\"size-medium wp-image-14401\" src=\"https:\/\/mieux-se-connaitre.com\/wp4\/wp-content\/uploads\/2020\/01\/18806-300x225.jpg\" alt=\"Bicyclette\" width=\"300\" height=\"225\" srcset=\"https:\/\/mieux-se-connaitre.com\/wp4\/wp-content\/uploads\/2020\/01\/18806-300x225.jpg 300w, https:\/\/mieux-se-connaitre.com\/wp4\/wp-content\/uploads\/2020\/01\/18806-150x113.jpg 150w, https:\/\/mieux-se-connaitre.com\/wp4\/wp-content\/uploads\/2020\/01\/18806-600x450.jpg 600w, https:\/\/mieux-se-connaitre.com\/wp4\/wp-content\/uploads\/2020\/01\/18806.jpg 640w\" sizes=\"(max-width: 300px) 100vw, 300px\" \/><\/a><p id=\"caption-attachment-14401\" class=\"wp-caption-text\">V\u00e9locip\u00e8de Pickering et Davis<\/p><\/div>\n<p>Le v\u00e9locip\u00e8de se r\u00e9pand et gagne les \u00c9tats-Unis. Les inventions y suivent la tendance de l&#8217;Europe :soixante-dix brevets d\u00e9livr\u00e9s en 1869.L&#8217;innovation sur ce mod\u00e8le porte sur la r\u00e9duction du frottement dans la direction.La solution adopt\u00e9e est une pi\u00e8ce de bronze qui vient s\u2019emmancher sur le corps du v\u00e9locip\u00e8de et peut recevoir les frottements de l\u2019axe de direction en acier.Les roues m\u00e9talliques \u00e0 rayons tangents et les pneumatiques sont d\u2019une facture probablement post\u00e9rieure.Les roues originales de ce v\u00e9locip\u00e8de \u00e9taient probablement en bois comme le laisse supposer le dessin du brevet.<\/p>\n<h3><span style=\"color: #800000;\">V\u00e9locip\u00e8de Suriray,1869<\/span><\/h3>\n<div id=\"attachment_14403\" style=\"width: 310px\" class=\"wp-caption alignleft\"><a href=\"https:\/\/mieux-se-connaitre.com\/wp4\/wp-content\/uploads\/2020\/01\/14016.jpg\"><img aria-describedby=\"caption-attachment-14403\" loading=\"lazy\" class=\"size-medium wp-image-14403\" src=\"https:\/\/mieux-se-connaitre.com\/wp4\/wp-content\/uploads\/2020\/01\/14016-300x225.jpg\" alt=\"bicyclette\" width=\"300\" height=\"225\" srcset=\"https:\/\/mieux-se-connaitre.com\/wp4\/wp-content\/uploads\/2020\/01\/14016-300x225.jpg 300w, https:\/\/mieux-se-connaitre.com\/wp4\/wp-content\/uploads\/2020\/01\/14016-150x113.jpg 150w, https:\/\/mieux-se-connaitre.com\/wp4\/wp-content\/uploads\/2020\/01\/14016-600x450.jpg 600w, https:\/\/mieux-se-connaitre.com\/wp4\/wp-content\/uploads\/2020\/01\/14016.jpg 640w\" sizes=\"(max-width: 300px) 100vw, 300px\" \/><\/a><p id=\"caption-attachment-14403\" class=\"wp-caption-text\">V\u00e9locip\u00e8de Suriray<\/p><\/div>\n<p>Ce v\u00e9locip\u00e8de est l&#8217;un des premiers \u00e0 poss\u00e9der des paliers \u00e0 billes.Jules Suriray,<br \/>\n&#8220;entrepreneur g\u00e9n\u00e9ral des travaux de la Seine&#8221; prend, le 2 ao\u00fbt 1869, un brevet portant sur un v\u00e9locip\u00e8de dot\u00e9 de roues cercl\u00e9es de caoutchouc, de moyeux garnis de billes et d\u2019un rochet&#8221;.Seul \u00e9l\u00e9ment absent sur ce v\u00e9locip\u00e8de, par rapport \u00e0 la description du brevet : le rochet qui pr\u00e9figure la roue libre.Suriray a peut-\u00eatre rencontr\u00e9 quelques probl\u00e8mes pour appliquer ce principe.<\/p>\n<h3><span style=\"color: #800000;\">Tricycle construit en 1879.<\/span><\/h3>\n<div id=\"attachment_3809\" style=\"width: 310px\" class=\"wp-caption alignleft\"><a href=\"https:\/\/mieux-se-connaitre.com\/wp4\/wp-content\/uploads\/2011\/07\/14028.jpg\"><img aria-describedby=\"caption-attachment-3809\" loading=\"lazy\" class=\"size-medium wp-image-3809\" src=\"https:\/\/mieux-se-connaitre.com\/wp4\/wp-content\/uploads\/2011\/07\/14028-300x225.jpg\" alt=\"Tricycle de 1879 \u00a9 Mus\u00e9e des arts et m\u00e9tiers, l'Album\" width=\"300\" height=\"225\" srcset=\"https:\/\/mieux-se-connaitre.com\/wp4\/wp-content\/uploads\/2011\/07\/14028-300x225.jpg 300w, https:\/\/mieux-se-connaitre.com\/wp4\/wp-content\/uploads\/2011\/07\/14028-150x112.jpg 150w, https:\/\/mieux-se-connaitre.com\/wp4\/wp-content\/uploads\/2011\/07\/14028.jpg 640w\" sizes=\"(max-width: 300px) 100vw, 300px\" \/><\/a><p id=\"caption-attachment-3809\" class=\"wp-caption-text\">Tricycle de 1879 \u00a9 Mus\u00e9e des arts et m\u00e9tiers, l&#8217;Album<\/p><\/div>\n<p>Ce tricycle est m\u00fb par le poids du passager qui doit effectuer un mouvement analogue \u00e0 celui du trot enlev\u00e9 sur<br \/>\nun cheval. La selle, basculante, communique le mouvement au moyeu de la roue arri\u00e8re au moyen de manivelles.<\/p>\n<p>Le freinage se fait &#8220;sur les semelles&#8221;, \u00e0 l&#8217;aide d&#8217;un sabot de bois qui imite la forme du pied ! Le train avant mobile permet de se diriger. Trente ans plus t\u00f4t un Fran\u00e7ais avait d\u00e9j\u00e0 fait breveter un &#8220;pond\u00e9rif\u00e8re&#8221;.<\/p>\n<h2><span style=\"color: #800000;\">Les impasses technologiques<\/span><\/h2>\n<div id=\"attachment_2477\" style=\"width: 310px\" class=\"wp-caption alignleft\"><a href=\"https:\/\/mieux-se-connaitre.com\/wp4\/wp-content\/uploads\/2010\/09\/14066.jpg\"><img aria-describedby=\"caption-attachment-2477\" loading=\"lazy\" class=\"size-medium wp-image-2477\" src=\"https:\/\/mieux-se-connaitre.com\/wp4\/wp-content\/uploads\/2010\/09\/14066-300x225.jpg\" alt=\"Grand Bi Rudge\" width=\"300\" height=\"225\" srcset=\"https:\/\/mieux-se-connaitre.com\/wp4\/wp-content\/uploads\/2010\/09\/14066-300x225.jpg 300w, https:\/\/mieux-se-connaitre.com\/wp4\/wp-content\/uploads\/2010\/09\/14066-150x112.jpg 150w, https:\/\/mieux-se-connaitre.com\/wp4\/wp-content\/uploads\/2010\/09\/14066.jpg 640w\" sizes=\"(max-width: 300px) 100vw, 300px\" \/><\/a><p id=\"caption-attachment-2477\" class=\"wp-caption-text\">Grand Bi Rudge<\/p><\/div>\n<h3><span style=\"color: #800000;\">Grand bi Rudge, 1887<\/span><\/h3>\n<p>Dans la comp\u00e9tition que se livrent, jusque dans les ann\u00e9es 1890, partisans du grand bi, \u00e0 transmission directe, et partisans de la bicyclette \u00e0 cha\u00eene (sur le principe brevet\u00e9 par Lawson en 1879), ce grand bi de taille moyenne (diam\u00e8tre de la roue 1,33 m), a de nombreux atouts :<br \/>\n\u2013 l\u00e9g\u00e8ret\u00e9 \u00e9tonnante compar\u00e9e aux bicyclettes de la m\u00eame \u00e9poque,<\/p>\n<p>\u2013 simplicit\u00e9 de la transmission directe, qui r\u00e9duit au strict minimum le nombre de pi\u00e8ces en mouvement et donc les pannes, avantage d\u00e9cisif lorsque l\u2019on conna\u00eet la fragilit\u00e9 des premi\u00e8res cha\u00eenes,<\/p>\n<p>\u2013 position du cycliste, tr\u00e8s proche de celle du cavalier,<\/p>\n<p>\u2013 enfin beaut\u00e9 minimaliste du design.<\/p>\n<p>L&#8217;inconv\u00e9nient majeur : cette roue que l&#8217;on a d\u00e9mesur\u00e9ment agrandie pour obtenir un d\u00e9veloppement significatif par transmission directe, pose au cycliste des probl\u00e8mes d\u2019\u00e9quilibre et de s\u00e9curit\u00e9. Avec la disparition du grand bi dans les<br \/>\nann\u00e9es 1890, c\u2019est une forme de privil\u00e8ge qui tombe : celui du sport acrobatique, souvent r\u00e9serv\u00e9 aux hommes, et pratiqu\u00e9 dans les clubs. Le grand bi forme la plus aboutie de la lign\u00e9e des v\u00e9locip\u00e8des mais sera supplant\u00e9 par la lign\u00e9e concurrente de la bicyclette.<\/p>\n<h3><span style=\"color: #800000;\">Dicycle &#8220;Safety&#8221; de l&#8217;Anglais E.C.T. Otto, brevet de 1879<\/span><\/h3>\n<div id=\"attachment_2478\" style=\"width: 310px\" class=\"wp-caption alignleft\"><a href=\"https:\/\/mieux-se-connaitre.com\/wp4\/wp-content\/uploads\/2010\/09\/14015.jpg\"><img aria-describedby=\"caption-attachment-2478\" loading=\"lazy\" class=\"size-medium wp-image-2478\" src=\"https:\/\/mieux-se-connaitre.com\/wp4\/wp-content\/uploads\/2010\/09\/14015-300x225.jpg\" alt=\"bicyclette\" width=\"300\" height=\"225\" srcset=\"https:\/\/mieux-se-connaitre.com\/wp4\/wp-content\/uploads\/2010\/09\/14015-300x225.jpg 300w, https:\/\/mieux-se-connaitre.com\/wp4\/wp-content\/uploads\/2010\/09\/14015-150x112.jpg 150w, https:\/\/mieux-se-connaitre.com\/wp4\/wp-content\/uploads\/2010\/09\/14015.jpg 640w\" sizes=\"(max-width: 300px) 100vw, 300px\" \/><\/a><p id=\"caption-attachment-2478\" class=\"wp-caption-text\">Dicycle Safety<\/p><\/div>\n<p>On baptise &#8220;dicycle&#8221; cet engin, &#8220;ni bicycle, ni tricycle&#8221; et &#8220;otto\u00efstes\u00a0\u00bb, ses adeptes.<br \/>\nPlus stable que le grand bi, malgr\u00e9 une f\u00e2cheuse tendance \u00e0 piquer du nez lorsque l\u2019on commence \u00e0 appuyer sur les p\u00e9dales, le dicycle Otto est particuli\u00e8rement recommand\u00e9 aux<br \/>\ndames! En 10 ans, la Birmingham Smallarms Co limited en vendra un millier d\u2019exemplaires.L\u2019originalit\u00e9 de cet appareil est de proposer un nouvel \u00e9quilibre sur deux roues: au lieu de la stabilit\u00e9 longitudinale et de l\u2019instabilit\u00e9 transversale propre au bicycle, Otto propose un engin stable transversalement, et instable longitudinalement. Derri\u00e8re la selle de la machine se trouve une b\u00e9quille munie d\u2019une petite roulette qui permet \u00e0 l\u2019otto\u00efste de s\u2019asseoir sans danger de se retourner avec la machine. Une fois lanc\u00e9 le conducteur maintient son si\u00e8ge en \u00e9quilibre sur l\u2019axe des roues tout en p\u00e9dalant. Le mouvement du p\u00e9dalier est transmis aux roues par deux courroies m\u00e9talliques.Les poign\u00e9es situ\u00e9es de part et d\u2019autre de la selle commandent le frein de la roue<br \/>\nadjacente et d\u00e9tendent la courroie de la roue oppos\u00e9e.On prend les virages en actionnant le frein d\u2019une roue, la courroie m\u00e9tallique de l\u2019autre roue d\u00e9rape et permet au v\u00e9hicule de tourner autour de l\u2019axe constitu\u00e9 par la roue immobile. Sur ce principe de direction on r\u00e9alisera des tricycles et des quadricycles. Ultime r\u00e9surgence du m\u00eame principe: la direction d\u2019un char d\u2019assaut qui se fait en freinant l\u2019une ou l\u2019autre des chenilles.<\/p>\n<h2><span style=\"color: #800000;\">Les inventeurs<\/span><\/h2>\n<h3><span style=\"color: #800000;\">Karl Friedrich Drais, baron von Sauerbronn1785 (Karlsruhe) &#8211; 1851 (Karlsruhe), m\u00e9canicien badois.<\/span><\/h3>\n<p>Un personnage portant la redingote verte du service des eaux et for\u00eats du grand-duch\u00e9 de Bade, fait son entr\u00e9e dans les rues de Mannheim : juch\u00e9 sur un \u00e9trange v\u00e9hicule \u00e0 deux roues, il se propulse alternativement du pied droit et du pied gauche, progressant \u00e0 l&#8217;allure du cheval au trot ; c&#8217;est Karl Drais von Sauerbronn.<\/p>\n<p>Pour avoir effectu\u00e9 sans chute le trajet Karlsruhe-Strasbourg en quatre heures, le quart du temps n\u00e9cessaire en diligence, il obtient un brevet, limit\u00e9 cependant au duch\u00e9 de Bade.1817 : passionn\u00e9 de m\u00e9canique, l&#8217;inspecteur des eaux et for\u00eats met au point une machine, un v\u00e9hicule dont l&#8217;avant n&#8217;est plus mont\u00e9 directement sur la poutre du\u00a0 support du cavalier,\u00a0 mais qui s&#8217;articule directement sur cette poutre par un pivot qui lui permet d&#8217;osciller \u00e0\u00a0 gauche et \u00e0 droite ; c&#8217;est une pr\u00e9figuration de la bicyclette : la draisienne.<\/p>\n<p>Drais poss\u00e8de une imagination fertile et une r\u00e9putation d\u2019inventeur: un p\u00e9riscope, une m\u00e9thode pour l\u2019\u00e9criture rapide, un syst\u00e8me de calcul binaire, une machine reproduisant automatiquement en notes \u00e9crites les improvisations jou\u00e9es par un musicien.<\/p>\n<p>La draisienne, construite par le baron, est exhib\u00e9e\u00a0 par son domestique en 1818, devant les badauds des jardins de Tivoli. Mais celui-ci, faute d&#8217;entra\u00eenement, fait pi\u00e8tre figure dans sa d\u00e9monstration et s&#8217;attire les ricanements des spectateurs. Quand il rentre faire son rapport \u00e0 son ma\u00eetre, celui-ci est exasp\u00e9r\u00e9 par cet \u00e9chec et d\u00e9sesp\u00e9r\u00e9 par les caricatures qui ridiculisent son invention.<\/p>\n<p>Il d\u00e9cide d&#8217;abandonner son v\u00e9locip\u00e8de, et de se retirer dans un couvent de Karlsruhe. Isol\u00e9 du reste du monde, il meurt en 1851.<\/p>\n<h3><span style=\"color: #800000;\">Pierre Michaux 1813 (Bar-le-Duc) &#8211; 1883 (Bic\u00eatre), m\u00e9canicien fran\u00e7ais<\/span><\/h3>\n<p>Cet ancien constructeur de diligence sans commande se convertit de la carrosserie au v\u00e9hicule \u00e0 deux roues. La bicyclette lui doit l&#8217;invention des p\u00e9dales. Pour transmettre sa propre \u00e9nergie au v\u00e9hicule \u00e0 actionner, Michaux exploite le mouvement circulaire continu de ses p\u00e9dales coud\u00e9es.Les usagers de la draisienne se sont aper\u00e7us d&#8217;un ph\u00e9nom\u00e8ne curieux : dans les descentes, ils peuvent se laisser aller sans toucher terre ; ils sont en \u00e9quilibre sur deux roues dans le m\u00eame plan.Mais cette &#8220;exp\u00e9rience&#8221; les oblige \u00e0 maintenir les jambes \u00e9cart\u00e9es, posture fort incommode.Ernest Michaux, le fils, dont le jeu pr\u00e9f\u00e9r\u00e9 est de descendre le pente des\u00a0 Champs-Elys\u00e9es sur un bicycle, a l&#8217;id\u00e9e de munir la fourche avant de repose-pieds. Le p\u00e8re lui fait remarquer qu&#8217;il serait plus judicieux de remplacer les repose-pieds par une manivelle.<br \/>\nEn 1855, Michaux fait couder l&#8217;essieu de sa roue avant et y ajuste directement les p\u00e9dales au moyeu. Il utilise ainsi l&#8217;appui de ses pieds pendant la descente pour activer le mouvement.<br \/>\nMichaux p\u00e8re est alors constructeur de m\u00e9caniques pour voitures (Cit\u00e9 de Godot de Mauroy, aux Champs-Elys\u00e9es) : il sera le premier constructeur du bicycle \u00e0 p\u00e9dales. Il remplace aussi les pi\u00e8ces de bois du bicycle par des pi\u00e8ces moins volumineuses en fonte mall\u00e9able, m\u00e9tal suffisamment r\u00e9sistant et facile \u00e0 modeler, qu&#8217;il emploie pour ses m\u00e9caniques de voiture. Ainsi na\u00eet la draisienne \u00e0 p\u00e9dales : le v\u00e9locip\u00e8de.<br \/>\nLe v\u00e9locip\u00e8de Michaux conna\u00eet un grand succ\u00e8s durant le Second Empire.L&#8217;ann\u00e9e de son invention, il s&#8217;en vend 2 exemplaires, 142 en 1862 et plus de 400 en 1865.<\/p>\n<h2><span style=\"color: #800000;\">Testez votre confiance en votre partenaire<\/span><\/h2>\n<div id=\"attachment_2463\" style=\"width: 310px\" class=\"wp-caption alignleft\"><a href=\"https:\/\/mieux-se-connaitre.com\/wp4\/wp-content\/uploads\/2010\/09\/20693.jpg\"><img aria-describedby=\"caption-attachment-2463\" loading=\"lazy\" class=\"size-medium wp-image-2463\" src=\"https:\/\/mieux-se-connaitre.com\/wp4\/wp-content\/uploads\/2010\/09\/20693-300x225.jpg\" alt=\"bicyclette\" width=\"300\" height=\"225\" srcset=\"https:\/\/mieux-se-connaitre.com\/wp4\/wp-content\/uploads\/2010\/09\/20693-300x225.jpg 300w, https:\/\/mieux-se-connaitre.com\/wp4\/wp-content\/uploads\/2010\/09\/20693-150x112.jpg 150w, https:\/\/mieux-se-connaitre.com\/wp4\/wp-content\/uploads\/2010\/09\/20693.jpg 640w\" sizes=\"(max-width: 300px) 100vw, 300px\" \/><\/a><p id=\"caption-attachment-2463\" class=\"wp-caption-text\">Tandem<\/p><\/div>\n<p>Le tandem est un v\u00e9ritable juge de paix pour tester les relations que vous avez avec votre partenaire.Faire de la bicyclette \u00e0 deux sur le m\u00eame v\u00e9lo, c\u2019est \u00e0 dire sur un tandem est un merveilleux test de la confiance que vous faites \u00e0 l\u2019autre et \u00e0 vous m\u00eame.<\/p>\n<p>En principe, la place de la dame est devant, galanterie oblige, pour qu\u2019elle soit \u00e0 l\u2019aise, voie mieux la route et profite de sensations plus fortes. Mais l\u2019homme peut \u00e9galement diriger\u2026Et le tandem pour tous existe!<\/p>\n<p>Faites l\u2019essai avec diff\u00e9rents partenaires, vous en apprendrez long sur<br \/>\nvous et sur le partenaire. Ce test est presque aussi efficace que de passer quelques jours en vase clos en bateau par exemple pour tester la confiance que vous faites \u00e0 l\u2019autre, la confiance qu\u2019il vous fait, vos capacit\u00e9s \u00e0 diriger\u2026et \u00e0 suivre sans broncher!<\/p>\n<p>Supportez-vous d&#8217;\u00eatre derri\u00e8re et de ne rien pouvoir diriger, vous ne pouvez que p\u00e9daler et hurler au secours, pouvez-vous \u00eatre devant et supporter tous les faux mouvements de votre partenaire qui est derri\u00e8re et qui se tr\u00e9mousse de peur ou \u00eates-vous capable, devant ou derri\u00e8re d&#8217;\u00eatre parfaitement en harmonie, de p\u00e9daler en rythme et de faire confiance \u00e0 l&#8217;autre sans mourir de peur?<\/p>\n<p>Trouvez un tandem et essayez.<\/p>\n<h2><span style=\"color: #800000;\">Les impasses technologiques reviennent \u00e0 la mode<\/span><\/h2>\n<div id=\"attachment_8441\" style=\"width: 244px\" class=\"wp-caption alignleft\"><a href=\"https:\/\/mieux-se-connaitre.com\/wp4\/wp-content\/uploads\/2014\/11\/motopede.jpg\"><img aria-describedby=\"caption-attachment-8441\" loading=\"lazy\" class=\"size-medium wp-image-8441\" src=\"https:\/\/mieux-se-connaitre.com\/wp4\/wp-content\/uploads\/2014\/11\/motopede-234x300.jpg\" alt=\"motop\u00e8de - Sciences et Voyages 1919\" width=\"234\" height=\"300\" srcset=\"https:\/\/mieux-se-connaitre.com\/wp4\/wp-content\/uploads\/2014\/11\/motopede-234x300.jpg 234w, https:\/\/mieux-se-connaitre.com\/wp4\/wp-content\/uploads\/2014\/11\/motopede-117x150.jpg 117w, https:\/\/mieux-se-connaitre.com\/wp4\/wp-content\/uploads\/2014\/11\/motopede.jpg 625w\" sizes=\"(max-width: 234px) 100vw, 234px\" \/><\/a><p id=\"caption-attachment-8441\" class=\"wp-caption-text\">motop\u00e8de &#8211; Sciences et Voyages 1919<\/p><\/div>\n<p>Pourquoi certaines inventions percent-elles et d&#8217;autre pas? De nombreux facteurs sont en cause comme la maturit\u00e9 technologique mais aussi et surtout l&#8217;imaginaire social. L&#8217;objet doit correspondre non seulement \u00e0 un besoin mais \u00e0 la mani\u00e8re dont on souhaite l&#8217;assouvir.<\/p>\n<p>Il faut croire que le motop\u00e8de, lanc\u00e9 en 1916 aux \u00c9tats-Unis, puis en Angleterre ne correspondait pas \u00e0 la mani\u00e8re dont les citadins avaient envie de se d\u00e9placer.<\/p>\n<p>Pourtant, aujourd&#8217;hui, un motop\u00e8de \u00e9lectrique \u00e0 trois roue que l&#8217;on peut recharger chez soi serait une solution \u00e9cologique au transport urbain, l&#8217;automobile pour tous&#8230;disait-on en 1919.<\/p>\n<p>Les Am\u00e9ricains y croyaient. Ils assuraient que ce v\u00e9hicule commode, peu encombrant, peu co\u00fbteux et peu dangereux permettraient aux ouvriers de se rendre au travail&#8230;mais apparemment ce sont les snobs qui l&#8217;utilisaient sur la plage de Long Beach ou les jeunes Am\u00e9ricains et quelques Anglais de la City se rendant \u00e0 leurs affaires.<br \/>\nLe motop\u00e8de, trottinette am\u00e9lior\u00e9e peut atteindre le 25 \u00e0 30 \u00e0 l&#8217;heure en terrain plat, il monte des pentes douces, est muni d&#8217;amortisseurs. Il est pourvu d&#8217;un moteur \u00e0 essence deux temps\u00a0 et le d\u00e9brayage et le freinage s&#8217;op\u00e8rent en m\u00eame temps en ramenant le guidon en arri\u00e8re. Il existe une version \u00e0 trois roues.<\/p>\n<p>Il ressemble furieusement \u00e0 la trottinette \u00e9lectrique d&#8217;aujourd&#8217;hui!<\/p>\n<!-- google_ad_section_end -->","protected":false},"excerpt":{"rendered":"<!-- google_ad_section_start --><p>Du v\u00e9locip\u00e8de des snobs \u00e0 la bicyclette populaire Lanc\u00e9e par les snobs, la bicyclette, devenue populaire, encourage le sport. D&#8217;abord objet de curiosit\u00e9 et signe d&#8217;originalit\u00e9, la bicyclette devient moyen de transport ; elle invite ainsi \u00e0 l&#8217;\u00e9vasion, au voyage&hellip;<\/p>\n<p class=\"more-link-p\"><a class=\"more-link\" href=\"https:\/\/mieux-se-connaitre.com\/wp4\/2020\/01\/bicyclette-velo-naissance-petite-reine-2\/\">Suite &rarr;<\/a><\/p>\n<!-- google_ad_section_end -->","protected":false},"author":1,"featured_media":0,"comment_status":"open","ping_status":"open","sticky":false,"template":"","format":"standard","meta":[],"categories":[1],"tags":[],"_links":{"self":[{"href":"https:\/\/mieux-se-connaitre.com\/wp4\/wp-json\/wp\/v2\/posts\/14081"}],"collection":[{"href":"https:\/\/mieux-se-connaitre.com\/wp4\/wp-json\/wp\/v2\/posts"}],"about":[{"href":"https:\/\/mieux-se-connaitre.com\/wp4\/wp-json\/wp\/v2\/types\/post"}],"author":[{"embeddable":true,"href":"https:\/\/mieux-se-connaitre.com\/wp4\/wp-json\/wp\/v2\/users\/1"}],"replies":[{"embeddable":true,"href":"https:\/\/mieux-se-connaitre.com\/wp4\/wp-json\/wp\/v2\/comments?post=14081"}],"version-history":[{"count":20,"href":"https:\/\/mieux-se-connaitre.com\/wp4\/wp-json\/wp\/v2\/posts\/14081\/revisions"}],"predecessor-version":[{"id":14406,"href":"https:\/\/mieux-se-connaitre.com\/wp4\/wp-json\/wp\/v2\/posts\/14081\/revisions\/14406"}],"wp:attachment":[{"href":"https:\/\/mieux-se-connaitre.com\/wp4\/wp-json\/wp\/v2\/media?parent=14081"}],"wp:term":[{"taxonomy":"category","embeddable":true,"href":"https:\/\/mieux-se-connaitre.com\/wp4\/wp-json\/wp\/v2\/categories?post=14081"},{"taxonomy":"post_tag","embeddable":true,"href":"https:\/\/mieux-se-connaitre.com\/wp4\/wp-json\/wp\/v2\/tags?post=14081"}],"curies":[{"name":"wp","href":"https:\/\/api.w.org\/{rel}","templated":true}]}}