{"id":1526,"date":"2010-02-18T07:57:34","date_gmt":"2010-02-18T05:57:34","guid":{"rendered":"https:\/\/mieux-se-connaitre.com\/wp4\/?p=1526"},"modified":"2020-05-27T12:58:30","modified_gmt":"2020-05-27T10:58:30","slug":"la-veronique-officinale-ou-le-voile-de-sainte-veronique","status":"publish","type":"post","link":"https:\/\/mieux-se-connaitre.com\/wp4\/2010\/02\/la-veronique-officinale-ou-le-voile-de-sainte-veronique\/","title":{"rendered":"La v\u00e9ronique officinale ou le voile de sainte V\u00e9ronique"},"content":{"rendered":"<!-- google_ad_section_start --><div id=\"attachment_1527\" style=\"width: 310px\" class=\"wp-caption alignleft\"><a href=\"https:\/\/mieux-se-connaitre.com\/wp4\/wp-content\/uploads\/2010\/02\/veroni1.jpg\"><img aria-describedby=\"caption-attachment-1527\" loading=\"lazy\" class=\"wp-image-1527 size-medium\" title=\"veroni1\" src=\"https:\/\/mieux-se-connaitre.com\/wp4\/wp-content\/uploads\/2010\/02\/veroni1-300x263.jpg\" alt=\"V\u00e9ronique - \u00a9 Secrets de plantes\" width=\"300\" height=\"263\" srcset=\"https:\/\/mieux-se-connaitre.com\/wp4\/wp-content\/uploads\/2010\/02\/veroni1-300x263.jpg 300w, https:\/\/mieux-se-connaitre.com\/wp4\/wp-content\/uploads\/2010\/02\/veroni1-150x131.jpg 150w, https:\/\/mieux-se-connaitre.com\/wp4\/wp-content\/uploads\/2010\/02\/veroni1.jpg 487w\" sizes=\"(max-width: 300px) 100vw, 300px\" \/><\/a><p id=\"caption-attachment-1527\" class=\"wp-caption-text\">V\u00e9ronique &#8211; \u00a9 Secrets de plantes<\/p><\/div>\n<p>La v\u00e9ronique officinale ou th\u00e9 d&#8217;Europe ou herbe aux ladres, Veronica officinalis de la famille des <a href=\"https:\/\/mieux-se-connaitre.com\/wp4\/2020\/03\/scrophulariaceae\/\" target=\"_blank\">Scrofulariaceae<\/a>, est peu ramifi\u00e9e et un peu ligneuse, sa tige est couch\u00e9e puis se redresse \u00e0 son extr\u00e9mit\u00e9. Elle porte des feuilles oppos\u00e9es, ovales, finement dent\u00e9es, velues et d&#8217;un vert gris\u00e2tre voire noir\u00e2tre. Ses grappes de fleurs se pr\u00e9sentent en \u00e9pis assez serr\u00e9s \u00e0 l&#8217;axe des feuilles sup\u00e9rieures.<\/p>\n<p>Chaque fleur pr\u00e9sente 4 p\u00e9tales arrondis bleu tendre, soud\u00e9s en tube tr\u00e8s court par leur base, sur lesquels 2 <a href=\"https:\/\/mieux-se-connaitre.com\/wp4\/2020\/02\/les-fleurs-typologie\/\" target=\"_blank\">\u00e9tamines <\/a>blanches saillent comme 2 petits yeux. Le fruit, comme celui des autres v\u00e9roniques, est une capsule aplatie en forme de coeur.<\/p>\n<p>La v\u00e9ronique officinale, appel\u00e9e encore th\u00e9 d&#8217;Europe, est une petite fleur bleue vivace que l&#8217;on rencontre au bord des chemins, sur les talus, dans les clairi\u00e8res, les coupes de bois, ou m\u00eal\u00e9e \u00e0 la bruy\u00e8re. Sa r\u00e9partition s&#8217;\u00e9tend \u00e0 toute l&#8217;Europe (sauf en zone littorale m\u00e9diterran\u00e9enne), \u00e0 l&#8217;Asie occidentale et \u00e0 l&#8217;Am\u00e9rique du nord, mais toujours \u00e0 une altitude inf\u00e9rieure \u00e0 1 000 m.<\/p>\n<h2 style=\"text-align: center;\"><span style=\"color: #800000;\">Usages<\/span><\/h2>\n<div id=\"attachment_11978\" style=\"width: 198px\" class=\"wp-caption alignleft\"><a href=\"https:\/\/mieux-se-connaitre.com\/wp4\/wp-content\/uploads\/2010\/02\/veronique.jpg\"><img aria-describedby=\"caption-attachment-11978\" loading=\"lazy\" class=\"size-medium wp-image-11978\" src=\"https:\/\/mieux-se-connaitre.com\/wp4\/wp-content\/uploads\/2010\/02\/veronique-188x300.jpg\" alt=\"V\u00e9ronique\" width=\"188\" height=\"300\" srcset=\"https:\/\/mieux-se-connaitre.com\/wp4\/wp-content\/uploads\/2010\/02\/veronique-188x300.jpg 188w, https:\/\/mieux-se-connaitre.com\/wp4\/wp-content\/uploads\/2010\/02\/veronique-94x150.jpg 94w, https:\/\/mieux-se-connaitre.com\/wp4\/wp-content\/uploads\/2010\/02\/veronique.jpg 300w\" sizes=\"(max-width: 188px) 100vw, 188px\" \/><\/a><p id=\"caption-attachment-11978\" class=\"wp-caption-text\">V\u00e9ronique<\/p><\/div>\n<p>A la fois am\u00e8res et aromatiques, ses sommit\u00e9s fleuries sont m\u00e9dicinales.<br \/>\nLes m\u00e9decins botanistes allemands du XVIe s. la consid\u00e9raient comme une panac\u00e9e, alors qu&#8217;elle fut assez inusit\u00e9e dans l&#8217;Antiquit\u00e9 et au moyen \u00e2ge.<br \/>\nLa v\u00e9ronique poss\u00e8de des propri\u00e9t\u00e9s anti-diarrh\u00e9iques. Elle est \u00e9galement r\u00e9put\u00e9e expectorante, stomachique et ap\u00e9ritive.La v\u00e9ronique est efficace dans le traitement des crampes d&#8217;estomac et des maux de t\u00eate. Elle est particuli\u00e8rement recommand\u00e9e dans les affections des voies respiratoires (toux s\u00e8che, asthme&#8230;).<br \/>\nElle b\u00e9n\u00e9ficie par ailleurs de vertus cicatrisantes et anti-inflammatoires.<br \/>\nSon suc frais est utile pour combattre la goutte et les rhumatismes.<br \/>\nIl est \u00e9galement employ\u00e9 par voie externe pour apaiser les probl\u00e8mes cutan\u00e9s chroniques.<br \/>\nLes infus\u00e9s de v\u00e9ronique sont conseill\u00e9s pour soulager le yeux irrit\u00e9s et fatigu\u00e9s.<br \/>\nEn cosm\u00e9tique, on recommande les extraits de v\u00e9ronique pour leurs propri\u00e9t\u00e9s astringentes, adoucissantes et hydratantes.<\/p>\n<h2 style=\"text-align: center;\"><\/h2>\n<h2 style=\"text-align: center;\"><span style=\"color: #800000;\">Composition chimique et usages actuels<\/span><\/h2>\n<p>Les sommit\u00e9s fleuries contiennent :<br \/>\n&#8211; des glucides : oses (mannitol) et osides (gomme)<br \/>\n&#8211; des protides, particuli\u00e8rement des enzymes (diastase)<br \/>\n&#8211; des acides organiques : acide citrique, acide lactique, acide malique, acide tartrique<br \/>\n&#8211; des compos\u00e9s ph\u00e9noliques repr\u00e9sent\u00e9s par :<br \/>\n. des acides ph\u00e9noliques : acide caf\u00e9ique, acide chlorog\u00e9nique<br \/>\n. des flavono\u00efdes de type flavones : lut\u00e9oline<br \/>\n. des tanins<br \/>\n&#8211; des terp\u00e9no\u00efdes parmi lesquels :<br \/>\n. 0,5 \u00e0 1 % d&#8217;irido\u00efdes (aucuboside, catalpol, v\u00e9ronicoside, verproside, ladroside)<br \/>\n. des triterp\u00e8nes : saponines et st\u00e9ro\u00efdes (sitost\u00e9rol)<br \/>\n&#8211; des alcalo\u00efdes<br \/>\n&#8211; une huile essentielle<br \/>\nLa v\u00e9ronique poss\u00e8de des propri\u00e9t\u00e9s anti-diarrh\u00e9iques. Elle est \u00e9galement r\u00e9put\u00e9e expectorante.<br \/>\nElle b\u00e9n\u00e9ficie par ailleurs de vertus cicatrisantes et anti-inflammatoires.<br \/>\nElle est enfin stomachique et ap\u00e9ritive.<\/p>\n<p><a href=\"https:\/\/mieux-se-connaitre.com\/wp4\/2020\/03\/sante-beaute-les-plantes\/\" target=\"_blank\"><span style=\"color: #800000;\"><strong>Usages pharmaceutiques<\/strong><\/span><\/a><br \/>\nLa v\u00e9ronique est efficace dans le traitement des crampes d&#8217;estomac et des maux de t\u00eate. Elle est particuli\u00e8rement recommand\u00e9e dans les affections des voies respiratoires (toux s\u00e8che, asthme&#8230;).<br \/>\nLe suc frais est utile pour combattre la goutte et les rhumatismes. Il est \u00e9galement employ\u00e9 par voie externe pour apaiser les probl\u00e8mes cutan\u00e9s chroniques.<br \/>\nLes infus\u00e9s de v\u00e9ronique sont conseill\u00e9s pour soulager le yeux irrit\u00e9s et fatigu\u00e9s.<\/p>\n<p><span style=\"color: #800000;\"><strong>Usages cosm\u00e9tiques<\/strong><\/span><br \/>\nOn recommande les extraits de v\u00e9ronique pour leurs propri\u00e9t\u00e9s astringentes, adoucissantes et hydratantes.<br \/>\nIls trouvent une application dans :<\/p>\n<p>&#8211; des shampooings pour cheveux normaux ou gras<br \/>\n&#8211; des cr\u00e8mes hydratantes pour le contour des yeux<br \/>\n&#8211; des produits pour le corps<br \/>\n&#8211; des cr\u00e8mes pour les mains<br \/>\n&#8211; des soins pour la peau des b\u00e9b\u00e9s<br \/>\n&#8211; des cr\u00e8mes astringentes pour peaux grasses<br \/>\n&#8211; des soins hydratants pour peaux s\u00e8ches, ab\u00eem\u00e9es et fragiles<\/p>\n<h2 style=\"text-align: center;\"><span style=\"color: #800000;\">Folklore<\/span><\/h2>\n<p>Le nom de la v\u00e9ronique est attribu\u00e9 \u00e0 la comparaison que l\u2019on fait de l\u2019aspect de sa corolle avec le voile dont sainte V\u00e9ronique essuya le visage de J\u00e9sus et qui en garda l&#8217;empreinte. Sur la fleur de v\u00e9ronique, on reconna\u00eet parfois le dessin d&#8217;un visage dont les 2 anth\u00e8res sont les yeux. La v\u00e9ronique est \u00e9galement appel\u00e9e &#8220;bonne-femme&#8221;, par allusion \u00e0 la forme d&#8217;un gentil minois f\u00e9minin qu&#8217;elle pourrait \u00e9voquer.<br \/>\nOfferte, la v\u00e9ronique peut signifier &#8220;je vous offre mon coeur&#8221; aussi bien que &#8220;saintet\u00e9 et fid\u00e9lit\u00e9&#8221;.<\/p>\n<h2 style=\"text-align: center;\"><span style=\"color: #800000;\">Recettes<\/span><\/h2>\n<p><strong>Tisane<\/strong><\/p>\n<p>30g par litre d\u2019eau, infuser 3 minutes, prendre, par jour, 1 tasse apr\u00e8s chacun des trois repas.<\/p>\n<p><strong><a href=\"https:\/\/mieux-se-connaitre.com\/wp4\/2020\/03\/plantes-algues-mode-demploi\/\" target=\"_blank\">D\u00e9coction<\/a><\/strong><\/p>\n<p>50 g de plante fleurie par litre d\u2019eau<br \/>\nLavage des ulc\u00e8res et des dartres.<\/p>\n<!-- google_ad_section_end -->","protected":false},"excerpt":{"rendered":"<!-- google_ad_section_start --><p>La v\u00e9ronique officinale ou th\u00e9 d&#8217;Europe ou herbe aux ladres, Veronica officinalis de la famille des Scrofulariaceae, est peu ramifi\u00e9e et un peu ligneuse, sa tige est couch\u00e9e puis se redresse \u00e0 son extr\u00e9mit\u00e9. Elle porte des feuilles oppos\u00e9es, ovales,&hellip;<\/p>\n<p class=\"more-link-p\"><a class=\"more-link\" href=\"https:\/\/mieux-se-connaitre.com\/wp4\/2010\/02\/la-veronique-officinale-ou-le-voile-de-sainte-veronique\/\">Suite &rarr;<\/a><\/p>\n<!-- google_ad_section_end -->","protected":false},"author":1,"featured_media":0,"comment_status":"open","ping_status":"open","sticky":false,"template":"","format":"standard","meta":[],"categories":[8],"tags":[],"_links":{"self":[{"href":"https:\/\/mieux-se-connaitre.com\/wp4\/wp-json\/wp\/v2\/posts\/1526"}],"collection":[{"href":"https:\/\/mieux-se-connaitre.com\/wp4\/wp-json\/wp\/v2\/posts"}],"about":[{"href":"https:\/\/mieux-se-connaitre.com\/wp4\/wp-json\/wp\/v2\/types\/post"}],"author":[{"embeddable":true,"href":"https:\/\/mieux-se-connaitre.com\/wp4\/wp-json\/wp\/v2\/users\/1"}],"replies":[{"embeddable":true,"href":"https:\/\/mieux-se-connaitre.com\/wp4\/wp-json\/wp\/v2\/comments?post=1526"}],"version-history":[{"count":5,"href":"https:\/\/mieux-se-connaitre.com\/wp4\/wp-json\/wp\/v2\/posts\/1526\/revisions"}],"predecessor-version":[{"id":13244,"href":"https:\/\/mieux-se-connaitre.com\/wp4\/wp-json\/wp\/v2\/posts\/1526\/revisions\/13244"}],"wp:attachment":[{"href":"https:\/\/mieux-se-connaitre.com\/wp4\/wp-json\/wp\/v2\/media?parent=1526"}],"wp:term":[{"taxonomy":"category","embeddable":true,"href":"https:\/\/mieux-se-connaitre.com\/wp4\/wp-json\/wp\/v2\/categories?post=1526"},{"taxonomy":"post_tag","embeddable":true,"href":"https:\/\/mieux-se-connaitre.com\/wp4\/wp-json\/wp\/v2\/tags?post=1526"}],"curies":[{"name":"wp","href":"https:\/\/api.w.org\/{rel}","templated":true}]}}