{"id":1636,"date":"2010-03-11T07:56:25","date_gmt":"2010-03-11T05:56:25","guid":{"rendered":"https:\/\/mieux-se-connaitre.com\/wp4\/?p=1636"},"modified":"2020-05-27T15:02:34","modified_gmt":"2020-05-27T13:02:34","slug":"celebrites","status":"publish","type":"post","link":"https:\/\/mieux-se-connaitre.com\/wp4\/2010\/03\/celebrites\/","title":{"rendered":"Testez vos connaissances sur quelques c\u00e9l\u00e9brit\u00e9s"},"content":{"rendered":"<!-- google_ad_section_start --><div id=\"attachment_1637\" style=\"width: 310px\" class=\"wp-caption alignleft\"><a href=\"https:\/\/mieux-se-connaitre.com\/wp4\/2013\/04\/6254\/\"><img aria-describedby=\"caption-attachment-1637\" loading=\"lazy\" class=\"wp-image-1637 size-medium\" title=\"EVT430\" src=\"https:\/\/mieux-se-connaitre.com\/wp4\/wp-content\/uploads\/2010\/03\/EVT430-300x225.jpg\" alt=\"Balzac par Auguste Rodin\" width=\"300\" height=\"225\" srcset=\"https:\/\/mieux-se-connaitre.com\/wp4\/wp-content\/uploads\/2010\/03\/EVT430-300x225.jpg 300w, https:\/\/mieux-se-connaitre.com\/wp4\/wp-content\/uploads\/2010\/03\/EVT430-150x112.jpg 150w, https:\/\/mieux-se-connaitre.com\/wp4\/wp-content\/uploads\/2010\/03\/EVT430.jpg 640w\" sizes=\"(max-width: 300px) 100vw, 300px\" \/><\/a><p id=\"caption-attachment-1637\" class=\"wp-caption-text\">Balzac par Auguste Rodin<\/p><\/div>\n<p>Testez vos connaissances sur quelques c\u00e9l\u00e9brit\u00e9s historiques, de celles dont la renomm\u00e9e \u00e0 travers\u00e9 les si\u00e8cles.<\/p>\n<p>Lorsque j&#8217;ai travaill\u00e9 pour le mus\u00e9e d&#8217;Orsay sur &#8220;1948-1914, Toute une histoire!&#8221;, j&#8217;ai \u00e9t\u00e9 frapp\u00e9e, en consultant la presse et les archives du XIXe de constater l&#8217;\u00e9norme proportion de &#8220;une&#8221; des journaux occup\u00e9es par des personnages et des \u00e9v\u00e9nements de la vie politique, artistique ou industrielle que nous avons totalement oubli\u00e9s. Inversement, lorsqu&#8217;on cherchait dans la presse des articles sur des \u00e9v\u00e9nements ou des personnalit\u00e9 dont l&#8217;oeuvre a marqu\u00e9 les si\u00e8cles, il \u00e9tait parfois difficile de trouver le moindre article sur eux. Et certains ont \u00e9t\u00e9 \u00e0 la fois c\u00e9l\u00e8bres de leur vivant et ont travers\u00e9 les si\u00e8cles.<\/p>\n<p>L&#8217;Histoire les a oubli\u00e9s, ils ont pourtant impr\u00e9gn\u00e9 la soci\u00e9t\u00e9 d&#8217;une \u00e9poque et ne sont sans doute pas totalement anodins.<\/p>\n<p>On apprend des dates, on retient les batailles et les chefs d&#8217;\u00e9tat, mais qui apprend qu&#8217;en 1881, trois hommes pr\u00e9tendaient au poste de ministre de l&#8217;instruction publique: Paul Bert qui souhaitait que l&#8217;\u00e9cole apprenne \u00e0 apprendre, apprenne \u00e0 juger, Jean Jaur\u00e8s qui souhaitait que l&#8217;\u00e9cole forme des \u00eatres sociaux, capable de vivre ensemble et <a href=\"https:\/\/mieux-se-connaitre.com\/wp4\/2011\/03\/les-racines-xixe-siecle-de-notre-systeme-educatif\/\">Jules Ferry<\/a>, qui a eu le poste et qui voulait que l&#8217;\u00e9cole fabrique de bons citoyens (qui iront se faire casser la figure en 1914!).<\/p>\n<link type=\"text\/css\" rel=\"stylesheet\" href=\"https:\/\/mieux-se-connaitre.com\/wp4\/wp-content\/plugins\/quizzin\/style.css\" \/>\n<script type=\"text\/javascript\" src=\"https:\/\/mieux-se-connaitre.com\/wp4\/wp-includes\/js\/jquery\/jquery.js\"><\/script>\n<script type=\"text\/javascript\" src=\"https:\/\/mieux-se-connaitre.com\/wp4\/wp-content\/plugins\/quizzin\/script.js\"><\/script>\n\n<div class=\"quiz-area single-page-quiz\">\n<form action=\"\" method=\"post\" class=\"quiz-form\" id=\"quiz-15\">\n<div class='quizzin-question' id='question-1'><div class='question-content'>Qui a dit, dans un c\u00e9l\u00e8bre discours, \"Ich bin ein Berliner\"?<\/div><br \/><input type='hidden' name='question_id[]' value='116' \/><input type='radio' name='answer-116' id='answer-id-500' class='answer answer-1 ' value='500' \/><label for='answer-id-500' id='answer-label-500' class=' answer label-1'><span>Charles De Gaulle<\/span><\/label><br \/><input type='radio' name='answer-116' id='answer-id-501' class='answer answer-1 ' value='501' \/><label for='answer-id-501' id='answer-label-501' class=' answer label-1'><span>Adolf Hitler<\/span><\/label><br \/><input type='radio' name='answer-116' id='answer-id-502' class='answer answer-1 ' value='502' \/><label for='answer-id-502' id='answer-label-502' class=' answer label-1'><span>John Fitzgerald Kennedy<\/span><\/label><br \/><input type='radio' name='answer-116' id='answer-id-503' class='answer answer-1 ' value='503' \/><label for='answer-id-503' id='answer-label-503' class=' answer label-1'><span>Conrad Adenauer<\/span><\/label><br \/><\/div><div class='quizzin-question' id='question-2'><div class='question-content'>Qui prononce le discours de Fulton le 5 mars 1946, marquant officiellement l'entr\u00e9e dans la \"Guerre froide\"?<\/div><br \/><input type='hidden' name='question_id[]' value='117' \/><input type='radio' name='answer-117' id='answer-id-504' class='answer answer-2 ' value='504' \/><label for='answer-id-504' id='answer-label-504' class=' answer label-2'><span>Winston Churchill<\/span><\/label><br \/><input type='radio' name='answer-117' id='answer-id-505' class='answer answer-2 ' value='505' \/><label for='answer-id-505' id='answer-label-505' class=' answer label-2'><span>Joseph Staline<\/span><\/label><br \/><input type='radio' name='answer-117' id='answer-id-506' class='answer answer-2 ' value='506' \/><label for='answer-id-506' id='answer-label-506' class=' answer label-2'><span>Franklin Delano Roosevelt<\/span><\/label><br \/><input type='radio' name='answer-117' id='answer-id-507' class='answer answer-2 ' value='507' \/><label for='answer-id-507' id='answer-label-507' class=' answer label-2'><span>Fidel Castro<\/span><\/label><br \/><\/div><div class='quizzin-question' id='question-3'><div class='question-content'>De quel dictateur Fidel Castro prend-il la place?<\/div><br \/><input type='hidden' name='question_id[]' value='118' \/><input type='radio' name='answer-118' id='answer-id-508' class='answer answer-3 ' value='508' \/><label for='answer-id-508' id='answer-label-508' class=' answer label-3'><span>Pinochet<\/span><\/label><br \/><input type='radio' name='answer-118' id='answer-id-509' class='answer answer-3 ' value='509' \/><label for='answer-id-509' id='answer-label-509' class=' answer label-3'><span>Trujillo<\/span><\/label><br \/><input type='radio' name='answer-118' id='answer-id-510' class='answer answer-3 ' value='510' \/><label for='answer-id-510' id='answer-label-510' class=' answer label-3'><span>Duvallier<\/span><\/label><br \/><input type='radio' name='answer-118' id='answer-id-511' class='answer answer-3 ' value='511' \/><label for='answer-id-511' id='answer-label-511' class=' answer label-3'><span>Batista<\/span><\/label><br \/><\/div><div class='quizzin-question' id='question-4'><div class='question-content'>Victor Hugo a \u00e9crit ses chefs-d'oeuvre litt\u00e9raires pendant son exil. Pendant combien d'ann\u00e9es s'est-il exil\u00e9?<\/div><br \/><input type='hidden' name='question_id[]' value='119' \/><input type='radio' name='answer-119' id='answer-id-512' class='answer answer-4 ' value='512' \/><label for='answer-id-512' id='answer-label-512' class=' answer label-4'><span>2 ans<\/span><\/label><br \/><input type='radio' name='answer-119' id='answer-id-513' class='answer answer-4 ' value='513' \/><label for='answer-id-513' id='answer-label-513' class=' answer label-4'><span>8 ans<\/span><\/label><br \/><input type='radio' name='answer-119' id='answer-id-514' class='answer answer-4 ' value='514' \/><label for='answer-id-514' id='answer-label-514' class=' answer label-4'><span>19 ans<\/span><\/label><br \/><input type='radio' name='answer-119' id='answer-id-515' class='answer answer-4 ' value='515' \/><label for='answer-id-515' id='answer-label-515' class=' answer label-4'><span>25 ans<\/span><\/label><br \/><\/div><div class='quizzin-question' id='question-5'><div class='question-content'>Qui a peint \"les mangeurs de pommes de terre\" en 1885?<\/div><br \/><input type='hidden' name='question_id[]' value='120' \/><input type='radio' name='answer-120' id='answer-id-516' class='answer answer-5 ' value='516' \/><label for='answer-id-516' id='answer-label-516' class=' answer label-5'><span>James Ensor<\/span><\/label><br \/><input type='radio' name='answer-120' id='answer-id-517' class='answer answer-5 ' value='517' \/><label for='answer-id-517' id='answer-label-517' class=' answer label-5'><span>Vincent Van Gogh<\/span><\/label><br \/><input type='radio' name='answer-120' id='answer-id-518' class='answer answer-5 ' value='518' \/><label for='answer-id-518' id='answer-label-518' class=' answer label-5'><span>Rosa Bonheur<\/span><\/label><br \/><input type='radio' name='answer-120' id='answer-id-519' class='answer answer-5 ' value='519' \/><label for='answer-id-519' id='answer-label-519' class=' answer label-5'><span>Jean-Fran\u00e7ois Millet<\/span><\/label><br \/><\/div><div class='quizzin-question' id='question-6'><div class='question-content'>Au XIXe si\u00e8cle, quelques oeuvres ont d\u00e9fray\u00e9 la chronique, \u00e9tant censur\u00e9es ou saisies chez l'\u00e9diteur, mais quelle est celle qui  a valu un proc\u00e8s \u00e0 son auteur en 1857 pour \"atteinte \u00e0 la morale publique\"?<\/div><br \/><input type='hidden' name='question_id[]' value='121' \/><input type='radio' name='answer-121' id='answer-id-520' class='answer answer-6 ' value='520' \/><label for='answer-id-520' id='answer-label-520' class=' answer label-6'><span>Le portrait de Dorian Gray d'Oscar Wilde<\/span><\/label><br \/><input type='radio' name='answer-121' id='answer-id-521' class='answer answer-6 ' value='521' \/><label for='answer-id-521' id='answer-label-521' class=' answer label-6'><span>Les caprices de Marianne de Musset<\/span><\/label><br \/><input type='radio' name='answer-121' id='answer-id-522' class='answer answer-6 ' value='522' \/><label for='answer-id-522' id='answer-label-522' class=' answer label-6'><span>Madame Bovary de Flaubert<\/span><\/label><br \/><input type='radio' name='answer-121' id='answer-id-523' class='answer answer-6 ' value='523' \/><label for='answer-id-523' id='answer-label-523' class=' answer label-6'><span>Les diaboliques de Barbey d'Aurevilly<\/span><\/label><br \/><\/div><div class='quizzin-question' id='question-7'><div class='question-content'>Quel est le premier pr\u00e9sident de la IIIe r\u00e9publique?<\/div><br \/><input type='hidden' name='question_id[]' value='122' \/><input type='radio' name='answer-122' id='answer-id-524' class='answer answer-7 ' value='524' \/><label for='answer-id-524' id='answer-label-524' class=' answer label-7'><span>g\u00e9n\u00e9ral Mac-Mahon<\/span><\/label><br \/><input type='radio' name='answer-122' id='answer-id-525' class='answer answer-7 ' value='525' \/><label for='answer-id-525' id='answer-label-525' class=' answer label-7'><span>Adolphe Thiers<\/span><\/label><br \/><input type='radio' name='answer-122' id='answer-id-526' class='answer answer-7 ' value='526' \/><label for='answer-id-526' id='answer-label-526' class=' answer label-7'><span>Jules Gr\u00e9vy<\/span><\/label><br \/><input type='radio' name='answer-122' id='answer-id-527' class='answer answer-7 ' value='527' \/><label for='answer-id-527' id='answer-label-527' class=' answer label-7'><span>L\u00e9on Gambetta<\/span><\/label><br \/><\/div><div class='quizzin-question' id='question-8'><div class='question-content'>On dit que Cl\u00e9ment Ader est p\u00e8re de l'aviation. En tout cas il a invent\u00e9 le mot \"avion\" pour d\u00e9signer un engin volant \"plus lourd que l'air\" (par opposition aux dirigeables et ballons, gonfl\u00e9s, plus l\u00e9gers que l'air). Son engin \"l'\u00c9ole\" d\u00e9colle le 9 octobre 1890. Sur combien de m\u00e8tres l'\u00c9ole a-t-il vol\u00e9 avant de s'\u00e9craser? <\/div><br \/><input type='hidden' name='question_id[]' value='123' \/><input type='radio' name='answer-123' id='answer-id-528' class='answer answer-8 ' value='528' \/><label for='answer-id-528' id='answer-label-528' class=' answer label-8'><span>3 m\u00e8tres<\/span><\/label><br \/><input type='radio' name='answer-123' id='answer-id-529' class='answer answer-8 ' value='529' \/><label for='answer-id-529' id='answer-label-529' class=' answer label-8'><span>50 m\u00e8tres<\/span><\/label><br \/><input type='radio' name='answer-123' id='answer-id-530' class='answer answer-8 ' value='530' \/><label for='answer-id-530' id='answer-label-530' class=' answer label-8'><span>500 m\u00e8tres<\/span><\/label><br \/><input type='radio' name='answer-123' id='answer-id-531' class='answer answer-8 ' value='531' \/><label for='answer-id-531' id='answer-label-531' class=' answer label-8'><span>3 km<\/span><\/label><br \/><\/div><div class='quizzin-question' id='question-9'><div class='question-content'>Quel est le dernier roi de France?<\/div><br \/><input type='hidden' name='question_id[]' value='124' \/><input type='radio' name='answer-124' id='answer-id-532' class='answer answer-9 ' value='532' \/><label for='answer-id-532' id='answer-label-532' class=' answer label-9'><span>Louis XVI<\/span><\/label><br \/><input type='radio' name='answer-124' id='answer-id-533' class='answer answer-9 ' value='533' \/><label for='answer-id-533' id='answer-label-533' class=' answer label-9'><span>Louis-Philippe<\/span><\/label><br \/><input type='radio' name='answer-124' id='answer-id-534' class='answer answer-9 ' value='534' \/><label for='answer-id-534' id='answer-label-534' class=' answer label-9'><span>Charles X<\/span><\/label><br \/><input type='radio' name='answer-124' id='answer-id-535' class='answer answer-9 ' value='535' \/><label for='answer-id-535' id='answer-label-535' class=' answer label-9'><span>Louis XVIII<\/span><\/label><br \/><\/div><div class='quizzin-question' id='question-10'><div class='question-content'>Tout le monde se souvient de Lafayette, mais qui se souvient du maire de Paris auquel il s'oppose en juillet 1791?<\/div><br \/><input type='hidden' name='question_id[]' value='125' \/><input type='radio' name='answer-125' id='answer-id-536' class='answer answer-10 ' value='536' \/><label for='answer-id-536' id='answer-label-536' class=' answer label-10'><span>H\u00e9bert<\/span><\/label><br \/><input type='radio' name='answer-125' id='answer-id-537' class='answer answer-10 ' value='537' \/><label for='answer-id-537' id='answer-label-537' class=' answer label-10'><span>Simoneau<\/span><\/label><br \/><input type='radio' name='answer-125' id='answer-id-538' class='answer answer-10 ' value='538' \/><label for='answer-id-538' id='answer-label-538' class=' answer label-10'><span>Mirabeau<\/span><\/label><br \/><input type='radio' name='answer-125' id='answer-id-539' class='answer answer-10 ' value='539' \/><label for='answer-id-539' id='answer-label-539' class=' answer label-10'><span>Bailly<\/span><\/label><br \/><\/div><br \/>\n<input type=\"button\" id=\"next-question\" value=\"Next &gt;\"  \/><br \/>\n\n<input type=\"submit\" name=\"action\" id=\"action-button\" value=\"R\u00e9sultats\"  \/>\n<input type=\"hidden\" name=\"quiz_id\" value=\"15\" \/>\n<\/form>\n<\/div>\n\n\n<h2><span style=\"color: #800000;\">Avec quelles c\u00e9l\u00e9brit\u00e9s \u00eates-vous en osmose?<\/span><\/h2>\n<p>Lorsque vous lisez la biographie de certaines c\u00e9l\u00e9brit\u00e9s, lorsque vous vous confrontez \u00e0 leur oeuvre, vous les comprenez, vous leur ressemblez et parfois, vous souhaiteriez vous glisser dans l&#8217;histoire comme elles.<\/p>\n<p><form name=\"post\" action=\"https:\/\/mieux-se-connaitre.com\/wp4\/2010\/03\/celebrites\/\" method=\"post\" id=\"post\" style=\"text-align: left;\">\r\n\r\n<ol>\r\n<p><li>Si vous \u00e9tiez un Dieu latin...<\/li>\n    <input type=\"radio\" name=\"answer[0]\" id=\"answer-0-2\" value=\"2\" \/> <label for=\"answer-0-2\">Neptune<\/label><br \/>\n    <input type=\"radio\" name=\"answer[0]\" id=\"answer-0-3\" value=\"3\" \/> <label for=\"answer-0-3\">Apollon<\/label><br \/>\n    <input type=\"radio\" name=\"answer[0]\" id=\"answer-0-1\" value=\"1\" \/> <label for=\"answer-0-1\">Minerve<\/label><br \/>\n    <input type=\"radio\" name=\"answer[0]\" id=\"answer-0-0\" value=\"0\" \/> <label for=\"answer-0-0\">V\u00e9nus<\/label><br \/>\n    <input type=\"radio\" name=\"answer[0]\" id=\"answer-0-5\" value=\"5\" \/> <label for=\"answer-0-5\">Vesta<\/label><br \/>\n    <input type=\"radio\" name=\"answer[0]\" id=\"answer-0-4\" value=\"4\" \/> <label for=\"answer-0-4\">Junon<\/label><br \/>\n<\/p>\n<p><li>Si vous \u00e9tiez un personnage de roman<\/li>\n    <input type=\"radio\" name=\"answer[1]\" id=\"answer-1-1\" value=\"1\" \/> <label for=\"answer-1-1\">d&#039;Artagnan<\/label><br \/>\n    <input type=\"radio\" name=\"answer[1]\" id=\"answer-1-5\" value=\"5\" \/> <label for=\"answer-1-5\">P\u00e9n\u00e9lope<\/label><br \/>\n    <input type=\"radio\" name=\"answer[1]\" id=\"answer-1-2\" value=\"2\" \/> <label for=\"answer-1-2\">Harpagon<\/label><br \/>\n    <input type=\"radio\" name=\"answer[1]\" id=\"answer-1-0\" value=\"0\" \/> <label for=\"answer-1-0\">Marianne (Marivaux)<\/label><br \/>\n    <input type=\"radio\" name=\"answer[1]\" id=\"answer-1-3\" value=\"3\" \/> <label for=\"answer-1-3\">Hernani<\/label><br \/>\n    <input type=\"radio\" name=\"answer[1]\" id=\"answer-1-4\" value=\"4\" \/> <label for=\"answer-1-4\">Othello<\/label><br \/>\n<\/p>\n<p><li>vous \u00eates plut\u00f4t...<\/li>\n    <input type=\"radio\" name=\"answer[2]\" id=\"answer-2-2\" value=\"2\" \/> <label for=\"answer-2-2\">entre possessivit\u00e9 et id\u00e9alisation<\/label><br \/>\n    <input type=\"radio\" name=\"answer[2]\" id=\"answer-2-0\" value=\"0\" \/> <label for=\"answer-2-0\">entre sensibilit\u00e9 et mat\u00e9rialit\u00e9<\/label><br \/>\n    <input type=\"radio\" name=\"answer[2]\" id=\"answer-2-5\" value=\"5\" \/> <label for=\"answer-2-5\">entre id\u00e9alisation et sensibilit\u00e9<\/label><br \/>\n    <input type=\"radio\" name=\"answer[2]\" id=\"answer-2-3\" value=\"3\" \/> <label for=\"answer-2-3\">entre sensibilit\u00e9 et manifestation de soi<\/label><br \/>\n    <input type=\"radio\" name=\"answer[2]\" id=\"answer-2-4\" value=\"4\" \/> <label for=\"answer-2-4\">entre possessivit\u00e9 et activit\u00e9 du vouloir<\/label><br \/>\n    <input type=\"radio\" name=\"answer[2]\" id=\"answer-2-1\" value=\"1\" \/> <label for=\"answer-2-1\">entre id\u00e9alisation et manifestation de soi<\/label><br \/>\n<\/p>\n<p><li>en amour, vous \u00eates plut\u00f4t<\/li>\n    <input type=\"radio\" name=\"answer[3]\" id=\"answer-3-4\" value=\"4\" \/> <label for=\"answer-3-4\">jaloux (se)<\/label><br \/>\n    <input type=\"radio\" name=\"answer[3]\" id=\"answer-3-0\" value=\"0\" \/> <label for=\"answer-3-0\">s\u00e9ducteur (trice)<\/label><br \/>\n    <input type=\"radio\" name=\"answer[3]\" id=\"answer-3-2\" value=\"2\" \/> <label for=\"answer-3-2\">despote<\/label><br \/>\n    <input type=\"radio\" name=\"answer[3]\" id=\"answer-3-3\" value=\"3\" \/> <label for=\"answer-3-3\">passionn\u00e9(e)<\/label><br \/>\n    <input type=\"radio\" name=\"answer[3]\" id=\"answer-3-1\" value=\"1\" \/> <label for=\"answer-3-1\">romanesque<\/label><br \/>\n    <input type=\"radio\" name=\"answer[3]\" id=\"answer-3-5\" value=\"5\" \/> <label for=\"answer-3-5\">fid\u00e8le<\/label><br \/>\n<\/p>\n<p><li>votre attitude dans la vie est plut\u00f4t<\/li>\n    <input type=\"radio\" name=\"answer[4]\" id=\"answer-4-0\" value=\"0\" \/> <label for=\"answer-4-0\">jouisseur (euse)<\/label><br \/>\n    <input type=\"radio\" name=\"answer[4]\" id=\"answer-4-3\" value=\"3\" \/> <label for=\"answer-4-3\">artiste<\/label><br \/>\n    <input type=\"radio\" name=\"answer[4]\" id=\"answer-4-2\" value=\"2\" \/> <label for=\"answer-4-2\">ambitieux (se)<\/label><br \/>\n    <input type=\"radio\" name=\"answer[4]\" id=\"answer-4-5\" value=\"5\" \/> <label for=\"answer-4-5\">sage<\/label><br \/>\n    <input type=\"radio\" name=\"answer[4]\" id=\"answer-4-1\" value=\"1\" \/> <label for=\"answer-4-1\">avnturier (\u00e8re)<\/label><br \/>\n    <input type=\"radio\" name=\"answer[4]\" id=\"answer-4-4\" value=\"4\" \/> <label for=\"answer-4-4\">s\u00e9v\u00e8re<\/label><br \/>\n<\/p>\n<\/ol>\r\n\r\n<p class=\"submit\">\r\n<input type=\"submit\" name=\"submit\" style=\"font-weight: bold;\" value=\"Valider\" \/>\r\n<\/p>\r\n\r\n<input type=\"hidden\" name=\"quiz_id\" id=\"quiz_id\" value=\"38\" \/>\r\n\r\n<\/form><\/p>\n<!-- google_ad_section_end -->","protected":false},"excerpt":{"rendered":"<!-- google_ad_section_start --><p>Testez vos connaissances sur quelques c\u00e9l\u00e9brit\u00e9s historiques, de celles dont la renomm\u00e9e \u00e0 travers\u00e9 les si\u00e8cles. Lorsque j&#8217;ai travaill\u00e9 pour le mus\u00e9e d&#8217;Orsay sur &#8220;1948-1914, Toute une histoire!&#8221;, j&#8217;ai \u00e9t\u00e9 frapp\u00e9e, en consultant la presse et les archives du XIXe&hellip;<\/p>\n<p class=\"more-link-p\"><a class=\"more-link\" href=\"https:\/\/mieux-se-connaitre.com\/wp4\/2010\/03\/celebrites\/\">Suite &rarr;<\/a><\/p>\n<!-- google_ad_section_end -->","protected":false},"author":1,"featured_media":0,"comment_status":"open","ping_status":"open","sticky":false,"template":"","format":"standard","meta":[],"categories":[9,3],"tags":[],"_links":{"self":[{"href":"https:\/\/mieux-se-connaitre.com\/wp4\/wp-json\/wp\/v2\/posts\/1636"}],"collection":[{"href":"https:\/\/mieux-se-connaitre.com\/wp4\/wp-json\/wp\/v2\/posts"}],"about":[{"href":"https:\/\/mieux-se-connaitre.com\/wp4\/wp-json\/wp\/v2\/types\/post"}],"author":[{"embeddable":true,"href":"https:\/\/mieux-se-connaitre.com\/wp4\/wp-json\/wp\/v2\/users\/1"}],"replies":[{"embeddable":true,"href":"https:\/\/mieux-se-connaitre.com\/wp4\/wp-json\/wp\/v2\/comments?post=1636"}],"version-history":[{"count":7,"href":"https:\/\/mieux-se-connaitre.com\/wp4\/wp-json\/wp\/v2\/posts\/1636\/revisions"}],"predecessor-version":[{"id":13269,"href":"https:\/\/mieux-se-connaitre.com\/wp4\/wp-json\/wp\/v2\/posts\/1636\/revisions\/13269"}],"wp:attachment":[{"href":"https:\/\/mieux-se-connaitre.com\/wp4\/wp-json\/wp\/v2\/media?parent=1636"}],"wp:term":[{"taxonomy":"category","embeddable":true,"href":"https:\/\/mieux-se-connaitre.com\/wp4\/wp-json\/wp\/v2\/categories?post=1636"},{"taxonomy":"post_tag","embeddable":true,"href":"https:\/\/mieux-se-connaitre.com\/wp4\/wp-json\/wp\/v2\/tags?post=1636"}],"curies":[{"name":"wp","href":"https:\/\/api.w.org\/{rel}","templated":true}]}}