{"id":1770,"date":"2010-04-15T07:56:11","date_gmt":"2010-04-15T05:56:11","guid":{"rendered":"https:\/\/mieux-se-connaitre.com\/wp4\/?p=1770"},"modified":"2020-06-26T19:03:05","modified_gmt":"2020-06-26T17:03:05","slug":"lorsque-la-perception-nous-joue-des-tours","status":"publish","type":"post","link":"https:\/\/mieux-se-connaitre.com\/wp4\/2010\/04\/lorsque-la-perception-nous-joue-des-tours\/","title":{"rendered":"Lorsque la perception nous joue des tours"},"content":{"rendered":"<!-- google_ad_section_start --><div id=\"attachment_1771\" style=\"width: 270px\" class=\"wp-caption alignleft\"><img aria-describedby=\"caption-attachment-1771\" loading=\"lazy\" class=\"size-medium wp-image-1771\" title=\"taches\" src=\"https:\/\/mieux-se-connaitre.com\/wp4\/wp-content\/uploads\/2010\/04\/taches-260x300.jpg\" alt=\"Taches de soleil sur la terrasse, Maurice Denis - Mus\u00e9e d'Orsay\" width=\"260\" height=\"300\" srcset=\"https:\/\/mieux-se-connaitre.com\/wp4\/wp-content\/uploads\/2010\/04\/taches-260x300.jpg 260w, https:\/\/mieux-se-connaitre.com\/wp4\/wp-content\/uploads\/2010\/04\/taches-130x150.jpg 130w, https:\/\/mieux-se-connaitre.com\/wp4\/wp-content\/uploads\/2010\/04\/taches.jpg 520w\" sizes=\"(max-width: 260px) 100vw, 260px\" \/><p id=\"caption-attachment-1771\" class=\"wp-caption-text\">Taches de soleil sur la terrasse, Maurice Denis &#8211; Mus\u00e9e d&#8217;Orsay<\/p><\/div>\n<h2><span style=\"color: #800000;\">Contraste simultan\u00e9<\/span><\/h2>\n<p>Dans <em>Tache de soleil sur la terrasse<\/em>, Maurice Denis joue sur le contraste color\u00e9 des couleurs. Il juxtapose les compl\u00e9mentaires. Les <a href=\"https:\/\/mieux-se-connaitre.com\/wp4\/2012\/08\/cercle-chromatique-couleurs-primaires-couleurs-complementaires\/\">couleurs<\/a> paraissent ainsi plus vives et plus pures. Par un autre effet du contraste simultan\u00e9, la nappe orang\u00e9e du sol agit sur la plage de couleur rouge et rehausse son \u00e9clat bien qu&#8217;elle soit d&#8217;une teinte plus claire.<\/p>\n<p>Le contraste simultan\u00e9 est l&#8217;influence r\u00e9ciproque qui s&#8217;exerce sur diff\u00e9rentes couleurs juxtapos\u00e9es. Les couleurs contigu\u00ebs interagissent les unes sur les autres.<\/p>\n<p>Le c\u00e9l\u00e8bre chimiste M. E. Chevreul a fait sur ce qu\u2019il a appel\u00e9 le contraste simultan\u00e9 de nombreuses exp\u00e9riences\u00a0: &#8220;Lorsqu&#8217;il est dit que telle couleur plac\u00e9e \u00e0 c\u00f4t\u00e9 de telle autre en re\u00e7oit une telle modification, cette mani\u00e8re de parler s&#8217;applique \u00e0 la modification qui se passe en nous lorsque nous percevons la sensation simultan\u00e9e de ces deux couleurs.&#8221; (1835).<\/p>\n<p>Testez votre perception.<\/p>\n<p>&nbsp;<\/p>\n<div id=\"attachment_1772\" style=\"width: 310px\" class=\"wp-caption alignleft\"><img aria-describedby=\"caption-attachment-1772\" loading=\"lazy\" class=\"size-medium wp-image-1772\" title=\"csimul\" src=\"https:\/\/mieux-se-connaitre.com\/wp4\/wp-content\/uploads\/2010\/04\/csimul-300x175.jpg\" alt=\"contraste simultan\u00e9\" width=\"300\" height=\"175\" srcset=\"https:\/\/mieux-se-connaitre.com\/wp4\/wp-content\/uploads\/2010\/04\/csimul-300x175.jpg 300w, https:\/\/mieux-se-connaitre.com\/wp4\/wp-content\/uploads\/2010\/04\/csimul-150x87.jpg 150w, https:\/\/mieux-se-connaitre.com\/wp4\/wp-content\/uploads\/2010\/04\/csimul.JPG 512w\" sizes=\"(max-width: 300px) 100vw, 300px\" \/><p id=\"caption-attachment-1772\" class=\"wp-caption-text\">contraste simultan\u00e9<\/p><\/div>\n<p>Les deux carr\u00e9s gris sont identiques, mais \u00e0 gauche, le fond bleu modifie la perception de la couleur par l\u2019effet du contraste simultan\u00e9.<\/p>\n<p>Copiez l&#8217;image dans photoshop et essayez de reproduire \u00e0 l\u2019aide du s\u00e9lecteur de couleur le gris per\u00e7u sur le fond bleu (pour cela vous s\u00e9lectionnez uniquement le carr\u00e9 gris de droite pour le modifier). Vous verrez que l&#8217;illusion du contraste simultan\u00e9 est trompeur.<\/p>\n<p>Le gris plac\u00e9 au centre du carr\u00e9 bleu semble teint\u00e9 d\u2019orang\u00e9 (compl\u00e9mentaire du bleu); la perception joue des tours.<\/p>\n<p>&nbsp;<\/p>\n<h2><span style=\"color: #800000;\">Testez votre perception<\/span><\/h2>\n<div id=\"attachment_4646\" style=\"width: 310px\" class=\"wp-caption alignleft\"><a href=\"https:\/\/mieux-se-connaitre.com\/wp4\/wp-content\/uploads\/2012\/02\/F1208c.jpg\"><img aria-describedby=\"caption-attachment-4646\" loading=\"lazy\" class=\"size-medium wp-image-4646\" src=\"https:\/\/mieux-se-connaitre.com\/wp4\/wp-content\/uploads\/2012\/02\/F1208c-300x225.jpg\" alt=\"plage de La Fourberie\" width=\"300\" height=\"225\" srcset=\"https:\/\/mieux-se-connaitre.com\/wp4\/wp-content\/uploads\/2012\/02\/F1208c-300x225.jpg 300w, https:\/\/mieux-se-connaitre.com\/wp4\/wp-content\/uploads\/2012\/02\/F1208c-150x112.jpg 150w, https:\/\/mieux-se-connaitre.com\/wp4\/wp-content\/uploads\/2012\/02\/F1208c.jpg 800w\" sizes=\"(max-width: 300px) 100vw, 300px\" \/><\/a><p id=\"caption-attachment-4646\" class=\"wp-caption-text\">plage de La Fourberie<\/p><\/div>\n<p>Il n&#8217;y a pas que la perception des couleurs qui nous joue des tours, celles de la temp\u00e9rature aussi.<\/p>\n<p>Vos sensations et vos r\u00e9actions d\u00e9pendent de la situation dans laquelle vous vous trouvez mais aussi de vos intentions par rapport \u00e0 cette situation.<\/p>\n<p>Essayez, pendant cette semaine de tester votre perception en vous pla\u00e7ant dans des situations analogues avec des intentions diff\u00e9rentes.<\/p>\n<p>La causalit\u00e9 entre \u00e9tat psychique et sensation r\u00e9v\u00e8lent la complexit\u00e9 du traitement des informations par le cerveau.<\/p>\n<p>Un exemple : vous vous promenez sur la c\u00f4te de Bretagne nord au mois de mai, l\u2019eau est entre 14 et 15 degr\u00e9s (\u00e0 peine). Vous voyez sur la plage trois jeunes emmitoufl\u00e9s et un jeune homme en short, dans l\u2019eau jusqu\u2019aux genoux, les autres lui criant \u201csi t\u2019y vas pas, on dira \u00e0 tous tes potes de Sciences Po que t\u2019es pas cap de te mouiller! Mauvais pour un futur politique.\u201d<\/p>\n<p>A ce moment l\u00e0, vous qui \u00eates emmitoufl\u00e9(e) aussi, vous descendez sur la plage, retirez tout (sauf le slip) et vous plongez dans l\u2019eau. Vous la trouvez divinement bonne, surtout lorsque le jeune homme ne peut pas faire autrement que de vous imiter!<\/p>\n<p>Le lendemain, seul(e) sur la plage, vous vous dites que d\u00e9cid\u00e9ment l\u2019eau \u00e9tait bonne et vous allez vous baigner. Vous la trouvez atrocement froide agressive et d\u00e9sagr\u00e9able.<\/p>\n<p>La situation a modifi\u00e9 votre perception du froid.<\/p>\n<p>Le vent aussi, c&#8217;est bien connu peut modifier la temp\u00e9rature ressentie.<\/p>\n<p>M\u00e9ditez sur la diff\u00e9rence de sensation que vous a procur\u00e9 la m\u00eame eau \u00e0 la m\u00eame temp\u00e9rature selon que vous avez un public pour vous admirer ou non.<\/p>\n<p>Et ceci n&#8217;est pas seulement valable pour la temp\u00e9rature de l&#8217;eau.<\/p>\n<div id=\"attachment_1759\" style=\"width: 214px\" class=\"wp-caption alignleft\"><a href=\"https:\/\/mieux-se-connaitre.com\/wp4\/wp-content\/uploads\/2010\/04\/mondenvers.jpg\"><img aria-describedby=\"caption-attachment-1759\" loading=\"lazy\" class=\"size-medium wp-image-1759\" src=\"https:\/\/mieux-se-connaitre.com\/wp4\/wp-content\/uploads\/2010\/04\/mondenvers-204x300.jpg\" alt=\"\u00a9 Montagne passion\" width=\"204\" height=\"300\" srcset=\"https:\/\/mieux-se-connaitre.com\/wp4\/wp-content\/uploads\/2010\/04\/mondenvers-204x300.jpg 204w, https:\/\/mieux-se-connaitre.com\/wp4\/wp-content\/uploads\/2010\/04\/mondenvers-102x150.jpg 102w, https:\/\/mieux-se-connaitre.com\/wp4\/wp-content\/uploads\/2010\/04\/mondenvers.jpg 370w\" sizes=\"(max-width: 204px) 100vw, 204px\" \/><\/a><p id=\"caption-attachment-1759\" class=\"wp-caption-text\">\u00a9 Montagne passion<\/p><\/div>\n<h2><span style=\"color: #800000;\">Exp\u00e9rimentez le monde \u00e0 l&#8217;envers<\/span><\/h2>\n<p>L&#8217;image de ce que nous voyons se forme \u00e0 l&#8217;envers sur notre r\u00e9tine, mais comme vous le constatez, \u00e7a n&#8217;est pas un probl\u00e8me pour le cerveau.<\/p>\n<p>Faites-vous faire des lunettes qui renversent l&#8217;image pour qu&#8217;elle se forme \u00e0 l&#8217;endroit sur votre r\u00e9tine. Vous allez bien s\u00fbr voir le monde la t\u00eate en bas! \u00c9valuez le temps que votre cerveau va mettre \u00e0 d\u00e9coder l&#8217;image invers\u00e9e pour vous permettre de voir de nouveau le monde \u00e0 l&#8217;endroit.<\/p>\n<p>De nombreuses \u00e9tudes ont \u00e9t\u00e9 faites sur le sujet et ont montr\u00e9 que le cerveau s&#8217;adapte tr\u00e8s vite&#8230;les sujets &#8220;voyaient \u00e0 l&#8217;endroit&#8221; en moins de 15 jours avec de telles lunettes. Mais comme vous ne serez pas dans des conditions exp\u00e9rimentales, ne vous aventurez pas trop loin dans ce petit jeu!<\/p>\n<p>Suite \u00e0 des AVC , certains sujets tr\u00e8s motiv\u00e9s retrouvent une vie normale en mobilisant des ressources inexplor\u00e9es de leur cerveau. Cette semaine, inventez-vous un handicap (par exemple: ne pas vous servir de votre main droite, ne pas pouvoir plier la jambe gauche, fermer les yeux d\u00e8s que vous rentrez chez vous) et exp\u00e9rimentez les ressources que vous mettez en oeuvre pour pallier cet handicap et vivre normalement.<\/p>\n<h2><span style=\"color: #800000;\">Quelques r\u00e9flexions \u00e9parses sur la causalit\u00e9.<\/span><\/h2>\n<p>Les causes ext\u00e9rieures qui peuvent ramener une \u00e9motion pass\u00e9e sont celles qui font entrer en r\u00e9sonance la conscience d\u00e9j\u00e0 acquise.<\/p>\n<p>Par exemple, un com\u00e9dien, pour transmettre une \u00e9motion se cr\u00e9e des rapprochements causals pavloviens, les v\u00e9ritables n&#8217;\u00e9tant pas toujours accessibles.<br \/>\nEx\u00a0 : faire monter les larmes. Chaque fois que l&#8217;on pleure, regarder un objet. Le jour o\u00f9 l&#8217;on veut pleurer, se d\u00e9contracter, puis regarder l&#8217;objet, les larmes montent.<br \/>\nIl faut une certaine simplicit\u00e9 pour contr\u00f4ler son psychisme.<\/p>\n<p>Pourquoi oublie-t-on souvent les choses, les lectures et les musiques qui nous ont fait le plus d&#8217;effet.<\/p>\n<p>Comme si ce qu&#8217;elles ont engendr\u00e9 dans le cerveau lib\u00e9rait la m\u00e9moire de leur souvenir direct.<\/p>\n<p>Borg\u00e8s, <em>le jardin des sentiers qui bifurquent<\/em>\u00a0 : &#8220;il croyait \u00e0 des s\u00e9ries infinies de temps, \u00e0 un r\u00e9seau croissant et vertigineux de temps divergents, convergents et parall\u00e8les. Nous n&#8217;existons pas dans la majorit\u00e9 des ces temps, dans quelques uns vous existez et moi pas&#8230;&#8221;<br \/>\nL&#8217;expression est \u00e0 la causalit\u00e9 ce qu&#8217;est la thermodynamique \u00e0 la m\u00e9canique statistique. La Darstellungswelt.<\/p>\n<p>D\u00e8s qu&#8217;il s&#8217;agit du comportement humain, il faut se garder des relations de cause \u00e0 effet <a href=\"https:\/\/fr.wikipedia.org\/wiki\/B%C3%A9haviorisme\">behavioristes<\/a> qui font fi de la complexit\u00e9 du cerveau humain.<\/p>\n<p>&nbsp;<\/p>\n<!-- google_ad_section_end -->","protected":false},"excerpt":{"rendered":"<!-- google_ad_section_start --><p>Contraste simultan\u00e9 Dans Tache de soleil sur la terrasse, Maurice Denis joue sur le contraste color\u00e9 des couleurs. Il juxtapose les compl\u00e9mentaires. Les couleurs paraissent ainsi plus vives et plus pures. Par un autre effet du contraste simultan\u00e9, la nappe&hellip;<\/p>\n<p class=\"more-link-p\"><a class=\"more-link\" href=\"https:\/\/mieux-se-connaitre.com\/wp4\/2010\/04\/lorsque-la-perception-nous-joue-des-tours\/\">Suite &rarr;<\/a><\/p>\n<!-- google_ad_section_end -->","protected":false},"author":1,"featured_media":0,"comment_status":"open","ping_status":"open","sticky":false,"template":"","format":"standard","meta":[],"categories":[158,1,9],"tags":[],"_links":{"self":[{"href":"https:\/\/mieux-se-connaitre.com\/wp4\/wp-json\/wp\/v2\/posts\/1770"}],"collection":[{"href":"https:\/\/mieux-se-connaitre.com\/wp4\/wp-json\/wp\/v2\/posts"}],"about":[{"href":"https:\/\/mieux-se-connaitre.com\/wp4\/wp-json\/wp\/v2\/types\/post"}],"author":[{"embeddable":true,"href":"https:\/\/mieux-se-connaitre.com\/wp4\/wp-json\/wp\/v2\/users\/1"}],"replies":[{"embeddable":true,"href":"https:\/\/mieux-se-connaitre.com\/wp4\/wp-json\/wp\/v2\/comments?post=1770"}],"version-history":[{"count":9,"href":"https:\/\/mieux-se-connaitre.com\/wp4\/wp-json\/wp\/v2\/posts\/1770\/revisions"}],"predecessor-version":[{"id":13957,"href":"https:\/\/mieux-se-connaitre.com\/wp4\/wp-json\/wp\/v2\/posts\/1770\/revisions\/13957"}],"wp:attachment":[{"href":"https:\/\/mieux-se-connaitre.com\/wp4\/wp-json\/wp\/v2\/media?parent=1770"}],"wp:term":[{"taxonomy":"category","embeddable":true,"href":"https:\/\/mieux-se-connaitre.com\/wp4\/wp-json\/wp\/v2\/categories?post=1770"},{"taxonomy":"post_tag","embeddable":true,"href":"https:\/\/mieux-se-connaitre.com\/wp4\/wp-json\/wp\/v2\/tags?post=1770"}],"curies":[{"name":"wp","href":"https:\/\/api.w.org\/{rel}","templated":true}]}}