{"id":1862,"date":"2010-05-06T07:59:44","date_gmt":"2010-05-06T05:59:44","guid":{"rendered":"https:\/\/mieux-se-connaitre.com\/wp4\/?p=1862"},"modified":"2020-07-15T18:20:30","modified_gmt":"2020-07-15T16:20:30","slug":"le-premier-mai","status":"publish","type":"post","link":"https:\/\/mieux-se-connaitre.com\/wp4\/2010\/05\/le-premier-mai\/","title":{"rendered":"Le premier mai"},"content":{"rendered":"<!-- google_ad_section_start --><div id=\"attachment_1864\" style=\"width: 310px\" class=\"wp-caption alignleft\"><a href=\"https:\/\/mieux-se-connaitre.com\/wp4\/wp-content\/uploads\/2010\/05\/EVT352A.jpg\"><img aria-describedby=\"caption-attachment-1864\" loading=\"lazy\" class=\"wp-image-1864 size-medium\" title=\"EVT352A\" src=\"https:\/\/mieux-se-connaitre.com\/wp4\/wp-content\/uploads\/2010\/05\/EVT352A-300x225.jpg\" alt=\"Les participants de la 2e Internationale\" width=\"300\" height=\"225\" srcset=\"https:\/\/mieux-se-connaitre.com\/wp4\/wp-content\/uploads\/2010\/05\/EVT352A-300x225.jpg 300w, https:\/\/mieux-se-connaitre.com\/wp4\/wp-content\/uploads\/2010\/05\/EVT352A-150x112.jpg 150w, https:\/\/mieux-se-connaitre.com\/wp4\/wp-content\/uploads\/2010\/05\/EVT352A.jpg 640w\" sizes=\"(max-width: 300px) 100vw, 300px\" \/><\/a><p id=\"caption-attachment-1864\" class=\"wp-caption-text\">Les participants de la 2e Internationale<\/p><\/div>\n<h2><span style=\"color: #800000;\">La Seconde Internationale Ouvri\u00e8re:<\/span><\/h2>\n<p>Un seul ennemi, le capital priv\u00e9 !<\/p>\n<p>A l&#8217;occasion du centenaire de la prise de la Bastille, deux congr\u00e8s socialistes parall\u00e8les et rivaux se r\u00e9unissent \u00e0 Paris : le congr\u00e8s &#8220;marxiste&#8221; dit de la salle P\u00e9trelle, le congr\u00e8s &#8220;possibiliste&#8221; dit de la rue de Lancry ; le premier se r\u00e9unira \u00e0 nouveau en 1891 \u00e0 Bruxelles. &#8221; Vous \u00eates tous des fr\u00e8res et n&#8217;avez qu&#8217;un seul ennemi, le capital priv\u00e9, qu&#8217;il soit prussien, anglais ou chinois&#8221;, dit Lafargue. Les questions \u00e0 l&#8217;ordre du jour :<\/p>\n<p>. abolition des arm\u00e9es permanentes<\/p>\n<p>. l\u00e9gislation internationale du travail<\/p>\n<p>. journ\u00e9e de huit heures<\/p>\n<p>. bases de la f\u00eate socialiste internationale du 1er mai.<\/p>\n<p>La IIe Internationale est n\u00e9e mais personne ne l&#8217;appelle ainsi, on dit l&#8217;Internationale ouvri\u00e8re. On y d\u00e9lib\u00e8re mais chacun garde son ind\u00e9pendance. &#8221; Une petite \u00e2me dans un grand corps&#8221; qui s&#8217;\u00e9tend \u00e0 toute l&#8217;Europe, puis la d\u00e9borde.<\/p>\n<p>Des congr\u00e8s de plus en plus majestueux, un noyau qui se renforce. En 1900, sera cr\u00e9\u00e9 le Bureau Socialiste International dans lequel si\u00e9geront entre autres, Jaur\u00e8s, Bebel, Vandervelde, L\u00e9nine.<\/p>\n<p>L&#8217;\u00e2me aussi se transforme. De nouvelles questions naissent : que faire devant l&#8217;\u00e9migration ? Que faire aux colonies ? Que faire contre la guerre ? L&#8217;Internationale se divise sur des questions essentielles. En 1914, elle renoncera \u00e0 agir et ne dispara\u00eetra pas pour autant.<\/p>\n<div id=\"attachment_1866\" style=\"width: 239px\" class=\"wp-caption alignleft\"><a href=\"https:\/\/mieux-se-connaitre.com\/wp4\/wp-content\/uploads\/2010\/05\/EVT363_2.jpg\"><img aria-describedby=\"caption-attachment-1866\" loading=\"lazy\" class=\"wp-image-1866 size-medium\" title=\"EVT363_2\" src=\"https:\/\/mieux-se-connaitre.com\/wp4\/wp-content\/uploads\/2010\/05\/EVT363_2-229x300.jpg\" alt=\"Premier mai\" width=\"229\" height=\"300\" srcset=\"https:\/\/mieux-se-connaitre.com\/wp4\/wp-content\/uploads\/2010\/05\/EVT363_2-229x300.jpg 229w, https:\/\/mieux-se-connaitre.com\/wp4\/wp-content\/uploads\/2010\/05\/EVT363_2-114x150.jpg 114w, https:\/\/mieux-se-connaitre.com\/wp4\/wp-content\/uploads\/2010\/05\/EVT363_2.jpg 367w\" sizes=\"(max-width: 229px) 100vw, 229px\" \/><\/a><p id=\"caption-attachment-1866\" class=\"wp-caption-text\">Affiche du premier mai<\/p><\/div>\n<h2><span style=\"color: #800000;\">1890 : la premi\u00e8re manifestation du premier mai<\/span><\/h2>\n<p><strong>En souvenir des martyrs de Chicago: 1er mai 1886<\/strong><\/p>\n<p><em>&#8220;De m\u00eame que les grognards du Premier Empire se f\u00e9licitaient par la suite d&#8217;avoir combattu \u00e0 Austerlitz, de m\u00eame, camarades, vous pourrez dire plus tard : j&#8217;\u00e9tais du premier 1er mai&#8221;<\/em><\/p>\n<p>Jules Guesde, 1er mai 1890 au soir.<\/p>\n<p>Il y a eu quelques dizaines de milliers de ch\u00f4meurs et de manifestants \u00e0 Paris o\u00f9 les quartiers bourgeois ont eu grand&#8217;peur &#8211; pour rien ! -, des manifestations aussi dans pr\u00e8s de 140 villes en province.<\/p>\n<p>R\u00e9unions et d\u00e9monstrations aussi dans un grand nombre de pays europ\u00e9ens.<\/p>\n<p>L&#8217;appel lanc\u00e9 en 1889 sur proposition du politique bordelais Lavigne, un ami de Guesde, lors du congr\u00e8s socialiste de la salle P\u00e9trelle, fondateur de la IIe Internationale, s&#8217;adressait aux travailleurs du monde entier.<\/p>\n<div id=\"attachment_1867\" style=\"width: 310px\" class=\"wp-caption alignleft\"><img aria-describedby=\"caption-attachment-1867\" loading=\"lazy\" class=\"size-medium wp-image-1867\" title=\"EVT363_4\" src=\"https:\/\/mieux-se-connaitre.com\/wp4\/wp-content\/uploads\/2010\/05\/EVT363_4-300x225.jpg\" alt=\"Arrestation au cours d'une manifestation du premier mai\" width=\"300\" height=\"225\" srcset=\"https:\/\/mieux-se-connaitre.com\/wp4\/wp-content\/uploads\/2010\/05\/EVT363_4-300x225.jpg 300w, https:\/\/mieux-se-connaitre.com\/wp4\/wp-content\/uploads\/2010\/05\/EVT363_4-150x112.jpg 150w, https:\/\/mieux-se-connaitre.com\/wp4\/wp-content\/uploads\/2010\/05\/EVT363_4.jpg 640w\" sizes=\"(max-width: 300px) 100vw, 300px\" \/><p id=\"caption-attachment-1867\" class=\"wp-caption-text\">Arrestation au cours d&#8217;une manifestation du premier mai<\/p><\/div>\n<p>&#8220;Il sera organis\u00e9 une grande manifestation internationale, \u00e0 date fixe, de mani\u00e8re que, dans tous les pays et dans toutes les villes \u00e0 la fois, le m\u00eame jour convenu, les travailleurs mettent les pouvoirs publics en demeure de r\u00e9duire l\u00e9galement \u00e0 huit heures la journ\u00e9e de travail.&#8221;<\/p>\n<p>Pourquoi le 1er mai ? Une proposition des syndicalistes am\u00e9ricains en souvenir du 1er mai 1886. Ce jour l\u00e0, \u00e0 Chicago, lors d&#8217;une manifestation ouvri\u00e8re pour la journ\u00e9e de 8 heures, une bombe avait \u00e9clat\u00e9 d\u00e9clenchant une r\u00e9pression hyst\u00e9rique : sept anarchistes pendus sans aucune preuve, les &#8220;martyrs de Chicago&#8221;.<\/p>\n<p>Ainsi le 1er mai, vise-t-il d\u00e8s ses origines \u00e0 exprimer la solidarit\u00e9 internationale des travailleurs pour leurs revendications et contre la r\u00e9pression. Peu d&#8217;\u00e9cho en 1889. Par la suite, cette date est devenue un symbole des luttes ouvri\u00e8res.<\/p>\n<div id=\"attachment_1868\" style=\"width: 257px\" class=\"wp-caption alignleft\"><img aria-describedby=\"caption-attachment-1868\" loading=\"lazy\" class=\"size-medium wp-image-1868\" title=\"CD40_16\" src=\"https:\/\/mieux-se-connaitre.com\/wp4\/wp-content\/uploads\/2010\/05\/CD40_16-247x300.jpg\" alt=\"Fr\u00e9miet, Jeanne d'Arc (Mus\u00e9e d'Orsay)\" width=\"247\" height=\"300\" srcset=\"https:\/\/mieux-se-connaitre.com\/wp4\/wp-content\/uploads\/2010\/05\/CD40_16-247x300.jpg 247w, https:\/\/mieux-se-connaitre.com\/wp4\/wp-content\/uploads\/2010\/05\/CD40_16-123x150.jpg 123w, https:\/\/mieux-se-connaitre.com\/wp4\/wp-content\/uploads\/2010\/05\/CD40_16.jpg 396w\" sizes=\"(max-width: 247px) 100vw, 247px\" \/><p id=\"caption-attachment-1868\" class=\"wp-caption-text\">Fr\u00e9miet, Jeanne d&#8217;Arc (Mus\u00e9e d&#8217;Orsay)<\/p><\/div>\n<h2><span style=\"color: #800000;\">L&#8217;autre f\u00eate de mai: Jeanne d&#8217;Arc<\/span><\/h2>\n<p><strong>Sauver la France<\/strong><\/p>\n<p>Fille d&#8217;un paysan Jacques Darc qui habite la Lorraine, Jeanne est tr\u00e8s pieuse d\u00e8s son plus jeune \u00e2ge. Elle entend des voix qu&#8217;elle reconna\u00eet \u00eatre celles de saint Michel, sainte Catherine, sainte Marguerite. Convaincue que sa mission est de sauver la France aux heures sombres de la guerre de Cent Ans, elle s&#8217;engage aupr\u00e8s de Charles VII pour chasser l&#8217;ennemi.<\/p>\n<p>Apr\u00e8s la <a href=\"https:\/\/mieux-se-connaitre.com\/wp4\/2010\/05\/le-dernier-jour-de-la-semaine-sanglante\/\">d\u00e9faite de Sedan en 1870<\/a>, la France bless\u00e9e retrouve une ferveur johannique que l&#8217;amputation de l&#8217;Alsace et d&#8217;une partie de la Lorraine amplifie.<\/p>\n<p><a href=\"https:\/\/mieux-se-connaitre.com\/wp4\/2012\/01\/eglise-papaute-et-laicite-au-xixe-siecle\/\">Jeanne d&#8217;Arc b\u00e9atifi\u00e9e<\/a> en 1909, sera canonis\u00e9e en 1920 par le pape Beno\u00eet XV. Le Parlement fran\u00e7ais d\u00e9cide alors d&#8217;une f\u00eate nationale en son honneur, chaque ann\u00e9e, le deuxi\u00e8me dimanche de mai.<\/p>\n<h2><span style=\"color: #800000;\">F\u00eate du travail, le premier mai, ne faites rien ou sanctifiez votre travail<\/span><\/h2>\n<p>Pour la premier mai, choisissez entre deux options:<\/p>\n<p>Ne faites rien de la journ\u00e9e, ni les courses, ni la cuisine, ni le m\u00e9nage, ni rien des t\u00e2ches quotidiennes.<\/p>\n<p>Observez votre travail autrement. Comment en prenez-vous soin? Comment l\u2019aimez-vous? Si vous bichonnez votre travail, il vous le rendra. Si vous ne l\u2019aimez pas, changez-en et si vous ne pouvez pas en changer, \u00e9vitez de lui faire des sc\u00e8nes de m\u00e9nage et apprenez \u00e0 cohabiter. Votre travail vous en saura gr\u00e9 et vous valorisera.<\/p>\n<!-- google_ad_section_end -->","protected":false},"excerpt":{"rendered":"<!-- google_ad_section_start --><p>La Seconde Internationale Ouvri\u00e8re: Un seul ennemi, le capital priv\u00e9 ! A l&#8217;occasion du centenaire de la prise de la Bastille, deux congr\u00e8s socialistes parall\u00e8les et rivaux se r\u00e9unissent \u00e0 Paris : le congr\u00e8s &#8220;marxiste&#8221; dit de la salle P\u00e9trelle,&hellip;<\/p>\n<p class=\"more-link-p\"><a class=\"more-link\" href=\"https:\/\/mieux-se-connaitre.com\/wp4\/2010\/05\/le-premier-mai\/\">Suite &rarr;<\/a><\/p>\n<!-- google_ad_section_end -->","protected":false},"author":1,"featured_media":0,"comment_status":"open","ping_status":"open","sticky":false,"template":"","format":"standard","meta":[],"categories":[7,150],"tags":[],"_links":{"self":[{"href":"https:\/\/mieux-se-connaitre.com\/wp4\/wp-json\/wp\/v2\/posts\/1862"}],"collection":[{"href":"https:\/\/mieux-se-connaitre.com\/wp4\/wp-json\/wp\/v2\/posts"}],"about":[{"href":"https:\/\/mieux-se-connaitre.com\/wp4\/wp-json\/wp\/v2\/types\/post"}],"author":[{"embeddable":true,"href":"https:\/\/mieux-se-connaitre.com\/wp4\/wp-json\/wp\/v2\/users\/1"}],"replies":[{"embeddable":true,"href":"https:\/\/mieux-se-connaitre.com\/wp4\/wp-json\/wp\/v2\/comments?post=1862"}],"version-history":[{"count":10,"href":"https:\/\/mieux-se-connaitre.com\/wp4\/wp-json\/wp\/v2\/posts\/1862\/revisions"}],"predecessor-version":[{"id":14235,"href":"https:\/\/mieux-se-connaitre.com\/wp4\/wp-json\/wp\/v2\/posts\/1862\/revisions\/14235"}],"wp:attachment":[{"href":"https:\/\/mieux-se-connaitre.com\/wp4\/wp-json\/wp\/v2\/media?parent=1862"}],"wp:term":[{"taxonomy":"category","embeddable":true,"href":"https:\/\/mieux-se-connaitre.com\/wp4\/wp-json\/wp\/v2\/categories?post=1862"},{"taxonomy":"post_tag","embeddable":true,"href":"https:\/\/mieux-se-connaitre.com\/wp4\/wp-json\/wp\/v2\/tags?post=1862"}],"curies":[{"name":"wp","href":"https:\/\/api.w.org\/{rel}","templated":true}]}}