{"id":2095,"date":"2010-06-24T07:56:33","date_gmt":"2010-06-24T05:56:33","guid":{"rendered":"https:\/\/mieux-se-connaitre.com\/wp4\/?p=2095"},"modified":"2020-06-10T16:45:53","modified_gmt":"2020-06-10T14:45:53","slug":"lorchestre-de-lopera-dedgar-degas","status":"publish","type":"post","link":"https:\/\/mieux-se-connaitre.com\/wp4\/2010\/06\/lorchestre-de-lopera-dedgar-degas\/","title":{"rendered":"L&#8217;orchestre de l&#8217;Op\u00e9ra d&#8217;Edgar Degas"},"content":{"rendered":"<!-- google_ad_section_start --><div id=\"attachment_2096\" style=\"width: 249px\" class=\"wp-caption alignleft\"><a href=\"https:\/\/mieux-se-connaitre.com\/wp4\/wp-content\/uploads\/2010\/06\/opera.jpg\"><img aria-describedby=\"caption-attachment-2096\" loading=\"lazy\" class=\"wp-image-2096 size-medium\" title=\"opera\" src=\"https:\/\/mieux-se-connaitre.com\/wp4\/wp-content\/uploads\/2010\/06\/opera-239x300.jpg\" alt=\"Degas\" width=\"239\" height=\"300\" srcset=\"https:\/\/mieux-se-connaitre.com\/wp4\/wp-content\/uploads\/2010\/06\/opera-239x300.jpg 239w, https:\/\/mieux-se-connaitre.com\/wp4\/wp-content\/uploads\/2010\/06\/opera-119x150.jpg 119w, https:\/\/mieux-se-connaitre.com\/wp4\/wp-content\/uploads\/2010\/06\/opera.jpg 600w\" sizes=\"(max-width: 239px) 100vw, 239px\" \/><\/a><p id=\"caption-attachment-2096\" class=\"wp-caption-text\">L&#8217;orchestre de l&#8217;Op\u00e9ra, Edgar Degas &#8211; Mus\u00e9e d&#8217;Orsay<\/p><\/div>\n<h2><span style=\"color: #800000;\"><strong>Cadrage moderne et portrait<\/strong><\/span><\/h2>\n<p>Ann\u00e9e : vers 1870<br \/>\nDimensions: 56, 5 &#8211; 46, 2cm<\/p>\n<p style=\"margin-bottom: 0cm;\" align=\"JUSTIFY\">\u00ab\u00a0Faire des portraits dans des attitudes famili\u00e8res et typiques, surtout donner \u00e0 leur figure les m\u00eames choix d\u2019expression qu\u2019on donne au corps\u00a0\u00bb, voil\u00e0 ce qui enthousiasme Edgar Degas.<\/p>\n<p style=\"margin-bottom: 0cm;\" align=\"JUSTIFY\">La musique monte en danseuse. Au-dessus des oreilles et des mains en habits noirs et blancs s\u2019agitent des jambes et des bras en tutus roses et bleus.<\/p>\n<p style=\"margin-bottom: 0cm;\" align=\"JUSTIFY\">Juxtaposition de deux mondes, fascination pour deux corps de m\u00e9tier\u00a0: les danseuses sous les feux de la rampe et les musiciens assis dans la fosse. D\u2019o\u00f9 se d\u00e9tache le portrait du bassoniste. Y a-t-il un seul sujet dans ce tableau\u00a0?<\/p>\n<h2 style=\"text-align: center;\"><span style=\"color: #800000;\">Sujet<\/span><\/h2>\n<p style=\"margin-bottom: 0cm; text-align: left;\">Ce tableau est \u00e0 la fois un portrait de groupe, les musiciens de l\u2019orchestre de l\u2019Op\u00e9ra qui sont ici identifiables, avec au centre D\u00e9sir\u00e9 Dihau le bassoniste et une sc\u00e8ne de la vie contemporaine.<br \/>\nCe tableau contient un portrait, celui de son destinataire D\u00e9sir\u00e9 Dihau, mais on ne peut pas le consid\u00e9rer comme un portrait du musicien, celui-ci fait parti de cet orchestre, comme tout autre musicien, il est seulement mis en \u00e9vidence, mais cela n\u2019est clair que pour ceux qui savent l\u2019intention de Degas. Cette \u0153uvre est donc une sorte de compromis r\u00e9ussi dont le sujet r\u00e9el est la musique, mais attention, la musique en tant qu\u2019elle est un \u00e9l\u00e9ment de cette chose qui fascine Degas : les arts de la sc\u00e8ne\u00a0 et comme on le sait par l\u2019ensemble de sa peinture, particuli\u00e8rement la danse.<br \/>\nDegas fait figurer dans la loge de gauche la compositeur Emmanuel Chabrier, il a d\u2019ailleurs soign\u00e9 les musiciens de l\u2019orchestre dont on distingue les visages. Sur chacun on peut mettre un nom, c\u2019est une collection de portraits avec avantage au bassoniste, D\u00e9sir\u00e9 Dihau.<\/p>\n<h2 style=\"text-align: center;\"><span style=\"color: #800000;\">Composition<\/span><\/h2>\n<p style=\"margin-bottom: 0cm; text-align: left;\">On peut distinguer trois espaces d\u00e9limit\u00e9s par <a href=\"https:\/\/mieux-se-connaitre.com\/wp4\/2012\/10\/composition\/\">deux horizontales<\/a>, l\u2019espace des spectateurs au premier plan, la fosse d\u2019orchestre et la sc\u00e8ne o\u00f9 les <a href=\"https:\/\/mieux-se-connaitre.com\/wp4\/2011\/12\/danseuses-montant-un-escalier-dedgar-degas\/\">danseuses<\/a> ont les jambes et les t\u00eates coup\u00e9es. Les diagonales (basson et manche de la contrebasse), ainsi que les verticales du violoncelle et de la harpe relient ces espaces entre eux ; en bas une zone neutre, la balustrade qui marque la limite du territoire de des musiciens ; puis la partie du sujet \u00e0 proprement parler, l\u2019orchestre enfin une partie de la sc\u00e8ne tr\u00e8s \u00e9clair\u00e9e celle-ci et d\u2019une apparence tout \u00e0 fait autre.<\/p>\n<p style=\"margin-bottom: 0cm; text-align: left;\">La fosse est faite de visages et d\u2019habits noirs, la sc\u00e8ne de corps et de tutus de toute les couleurs.<\/p>\n<p style=\"margin-bottom: 0cm; text-align: left;\">Degas met en jeu deux \u00e9l\u00e9ments \u00e9trangers ce qui s\u2019\u00e9coute et ce qui se regarde.<\/p>\n<p style=\"margin-bottom: 0cm; text-align: left;\">Au premier correspond les mains et les oreilles, tr\u00e8s pr\u00e9sentes car les musiciens sont tous de profil, m\u00eame le contrebassiste qui de dos tourne la t\u00eate vers nous comme pour \u00e9couter la salle ; au second, les jambes et les bras qu\u2019on voit s\u2019agiter d\u2019une mani\u00e8re en apparence d\u00e9sordonn\u00e9e.<br \/>\nDeux \u00e9l\u00e9ments font partie des deux espace optiquement : Le manche de la contrebasse qui traverse en biais la sc\u00e8ne, et la t\u00eate dor\u00e9e de la harpe juste \u00e0 c\u00f4t\u00e9 de celle de <a href=\"https:\/\/mieux-se-connaitre.com\/wp4\/2012\/01\/lopera-et-loperette-au-xixe-siecle\/\">Chabrier<\/a>.<\/p>\n<h2 style=\"text-align: center;\"><span style=\"color: #800000;\">Couleur, lumi\u00e8re<\/span><\/h2>\n<p style=\"margin-bottom: 0cm; text-align: left;\"><a href=\"https:\/\/mieux-se-connaitre.com\/wp4\/2012\/11\/la-lumiere-dans-les-tableaux\/\">Clair-obscur<\/a> de la sc\u00e8ne, \u00e9clairage artificiel.<br \/>\nContrastes des couleurs et lumi\u00e8res entre sc\u00e8ne et fosse d\u2019orchestre.<br \/>\nContraste entre la f\u00e9erie du spectacle et le\u00a0 naturalisme des portraits.<br \/>\nDegas aime ces double lumi\u00e8res du th\u00e9\u00e2tre qu\u2019il a beaucoup pratiqu\u00e9 d\u2019une mani\u00e8re unique, surtout dans ses extraordinaires pastels, o\u00f9 il fait du tableau une v\u00e9ritable sc\u00e8ne, communicant au plus vrai et au plus proche la magie du spectacle. L\u2019ombre chaude que la sc\u00e8ne d\u00e9verse sur l\u2019orchestre \u00e9voque les couleurs des instruments \u00e0 corde dont on ne voit l\u00e0 d\u2019ailleurs que les archers et quelques manches. C\u2019est un univers noir brun et cuivr\u00e9 dont la production musicale, les sonorit\u00e9s, sont \u00e9voqu\u00e9es par le colorisme de la sc\u00e8ne, tout l\u2019\u00e9clat de couleur est donn\u00e9 par les bas des danseuses et leur tutus ; la lumi\u00e8re venant de la rampe \u00e9clairant par en dessous, fait un clair obscur magnifique sur les bras des danseuses.<br \/>\nDegas a laiss\u00e9 un endroit vide en bas du tableau qui nous \u00e9loigne des musiciens et nous met \u00e0 l\u2019ext\u00e9rieur de cet univers ; cet endroit est dans une couleur brune ; elle \u00e9chappe compl\u00e8tement \u00e0 la lumi\u00e8re et se situe entre les coloris les plus sombres et les coloris de valeur moyenne, le peintre a r\u00e9serv\u00e9 les extr\u00eames pour l\u2019orchestre (le noir des v\u00eatements) et pour la sc\u00e8ne (les couleurs des jambes des danseuses).<\/p>\n<h2 style=\"text-align: center;\"><span style=\"color: #800000;\">Mati\u00e8re, forme<\/span><\/h2>\n<p style=\"margin-bottom: 0cm; text-align: left;\">La peinture de Degas change pendant les ann\u00e9es soixante dix, ce tableau appartient \u00e0 la premi\u00e8re p\u00e9riode du peintre, il est encore dans l\u2019esth\u00e9tique de <a href=\"https:\/\/mieux-se-connaitre.com\/wp4\/2010\/12\/la-famille-bellelli-dedgar-degas\/\"><em>La famille Bellelli<\/em><\/a>, mais d\u00e9j\u00e0 appara\u00eet une mani\u00e8re diff\u00e9rente dans le traitement des danseuses qui deviendra par la suite un de ses th\u00e8mes essentiels. En effet le travail sur les musiciens qui est en v\u00e9rit\u00e9 une s\u00e9rie de portraits, a cette qualit\u00e9 et perfection de facture de la premi\u00e8re partie du si\u00e8cle. Cette autre mani\u00e8re qui s\u2019annonce dans les danseuses fait un contraste tr\u00e8s r\u00e9ussi dans l\u2019ensemble du tableau, il s\u00e9pare les deux univers , la sc\u00e8ne et la fosse, ajoutant une superbe irr\u00e9alit\u00e9 \u00e0 ce qui se passe sur cette derni\u00e8re.<br \/>\nEn effet il n\u2019y a pas de rupture brusque dans la peinture de Degas, insensiblement, \u00e0 pas feutr\u00e9s, pourrait-on dire, son style \u00e9volue, jusqu\u2019aux deux danseuses au repos de 1910 o\u00f9 le dessin semble se d\u00e9faire dans la couleur mais ne serait-ce pas plut\u00f4t dans la lumi\u00e8re.<\/p>\n<!-- google_ad_section_end -->","protected":false},"excerpt":{"rendered":"<!-- google_ad_section_start --><p>Cadrage moderne et portrait Ann\u00e9e : vers 1870 Dimensions: 56, 5 &#8211; 46, 2cm \u00ab\u00a0Faire des portraits dans des attitudes famili\u00e8res et typiques, surtout donner \u00e0 leur figure les m\u00eames choix d\u2019expression qu\u2019on donne au corps\u00a0\u00bb, voil\u00e0 ce qui enthousiasme&hellip;<\/p>\n<p class=\"more-link-p\"><a class=\"more-link\" href=\"https:\/\/mieux-se-connaitre.com\/wp4\/2010\/06\/lorchestre-de-lopera-dedgar-degas\/\">Suite &rarr;<\/a><\/p>\n<!-- google_ad_section_end -->","protected":false},"author":1,"featured_media":0,"comment_status":"open","ping_status":"open","sticky":false,"template":"","format":"standard","meta":[],"categories":[245,158],"tags":[],"_links":{"self":[{"href":"https:\/\/mieux-se-connaitre.com\/wp4\/wp-json\/wp\/v2\/posts\/2095"}],"collection":[{"href":"https:\/\/mieux-se-connaitre.com\/wp4\/wp-json\/wp\/v2\/posts"}],"about":[{"href":"https:\/\/mieux-se-connaitre.com\/wp4\/wp-json\/wp\/v2\/types\/post"}],"author":[{"embeddable":true,"href":"https:\/\/mieux-se-connaitre.com\/wp4\/wp-json\/wp\/v2\/users\/1"}],"replies":[{"embeddable":true,"href":"https:\/\/mieux-se-connaitre.com\/wp4\/wp-json\/wp\/v2\/comments?post=2095"}],"version-history":[{"count":4,"href":"https:\/\/mieux-se-connaitre.com\/wp4\/wp-json\/wp\/v2\/posts\/2095\/revisions"}],"predecessor-version":[{"id":13607,"href":"https:\/\/mieux-se-connaitre.com\/wp4\/wp-json\/wp\/v2\/posts\/2095\/revisions\/13607"}],"wp:attachment":[{"href":"https:\/\/mieux-se-connaitre.com\/wp4\/wp-json\/wp\/v2\/media?parent=2095"}],"wp:term":[{"taxonomy":"category","embeddable":true,"href":"https:\/\/mieux-se-connaitre.com\/wp4\/wp-json\/wp\/v2\/categories?post=2095"},{"taxonomy":"post_tag","embeddable":true,"href":"https:\/\/mieux-se-connaitre.com\/wp4\/wp-json\/wp\/v2\/tags?post=2095"}],"curies":[{"name":"wp","href":"https:\/\/api.w.org\/{rel}","templated":true}]}}