{"id":3234,"date":"2011-03-10T07:59:30","date_gmt":"2011-03-10T05:59:30","guid":{"rendered":"https:\/\/mieux-se-connaitre.com\/wp4\/?p=3234"},"modified":"2020-06-12T17:08:00","modified_gmt":"2020-06-12T15:08:00","slug":"colonialisme-revoltes","status":"publish","type":"post","link":"https:\/\/mieux-se-connaitre.com\/wp4\/2011\/03\/colonialisme-revoltes\/","title":{"rendered":"Colonialisme, oppression et r\u00e9voltes au XIXe"},"content":{"rendered":"<!-- google_ad_section_start --><div id=\"attachment_3279\" style=\"width: 310px\" class=\"wp-caption alignleft\"><a href=\"https:\/\/mieux-se-connaitre.com\/wp4\/wp-content\/uploads\/2011\/03\/THE042_1.jpg\"><img aria-describedby=\"caption-attachment-3279\" loading=\"lazy\" class=\"wp-image-3279 size-medium\" title=\"THE042_1\" src=\"https:\/\/mieux-se-connaitre.com\/wp4\/wp-content\/uploads\/2011\/03\/THE042_1-300x225.jpg\" alt=\"colonialisme\" width=\"300\" height=\"225\" srcset=\"https:\/\/mieux-se-connaitre.com\/wp4\/wp-content\/uploads\/2011\/03\/THE042_1-300x225.jpg 300w, https:\/\/mieux-se-connaitre.com\/wp4\/wp-content\/uploads\/2011\/03\/THE042_1-150x112.jpg 150w, https:\/\/mieux-se-connaitre.com\/wp4\/wp-content\/uploads\/2011\/03\/THE042_1.jpg 640w\" sizes=\"(max-width: 300px) 100vw, 300px\" \/><\/a><p id=\"caption-attachment-3279\" class=\"wp-caption-text\">Exp\u00e9dition au Congo<\/p><\/div>\n<h2><span style=\"color: #800000;\">Au XIXe si\u00e8cle, \u00e2ge d&#8217;or du colonialisme,<\/span><\/h2>\n<p>les r\u00e9voltes des peuples grondent d\u00e9j\u00e0.<\/p>\n<p>La notion de <a href=\"https:\/\/mieux-se-connaitre.com\/wp4\/2010\/01\/identite-nationale-et-droit-des-peuples-a-disposer-deux-memes\/\" target=\"_blank\">droit des peuples \u00e0 disposer d&#8217;eux-m\u00eames<\/a> se fait jour, mais la France qui pr\u00f4ne ce droit, en exclut ses colonies!<\/p>\n<p>Les exemples ci-dessous \u00e9clairent bien des \u00e9v\u00e9nements d&#8217;aujourd&#8217;hui : la probl\u00e9matique n&#8217;a gu\u00e8re chang\u00e9e : course aux mati\u00e8res premi\u00e8res, contr\u00f4le des positions strat\u00e9giques et lutte pour imposer sa morale et sa religion.<\/p>\n<p>Nous n&#8217;appelons plus &#8220;colonialisme&#8221; ces arrangements entre plus forts, la conqu\u00eate a pris d&#8217;autres formes : maintien des populations dans la pauvret\u00e9, exasp\u00e9ration et provocation de luttes tribales, de querelles religieuses, entretien de la corruption, soutien aux dictateurs tant qu&#8217;ils acceptent les offrandes pour fermer les yeux sur le pillage de leurs pays, etc.<\/p>\n<h2><span style=\"color: #800000;\"><strong>La France et ses colonies au XIXe<\/strong><\/span><\/h2>\n<p>D\u00e8s la Monarchie de Juillet, l&#8217;int\u00e9r\u00eat pour l&#8217;expansion coloniale se concr\u00e9tise : des exp\u00e9ditions sont organis\u00e9es. C&#8217;est la politique des points d&#8217;appuis, ou comptoirs. La seule vraie conqu\u00eate est celle de l&#8217;Alg\u00e9rie.<\/p>\n<p>Sous le Second empire, Napol\u00e9on III donne une impulsion \u00e0 la politique coloniale. On d\u00e9veloppe le commerce au S\u00e9n\u00e9gal. On &#8220;pacifie&#8221; et on peuple une <a href=\"https:\/\/mieux-se-connaitre.com\/wp4\/2014\/12\/algerie-un-longue-histoire-damour-haine\/\" target=\"_blank\">Alg\u00e9rie<\/a> qui devient terre d&#8217;accueil pour les transport\u00e9s, opposants au r\u00e9gime apr\u00e8s le coup d&#8217;Etat.<\/p>\n<p>Au Levant, la pr\u00e9sence fran\u00e7aise existe gr\u00e2ce \u00e0 l&#8217;ouverture du canal de Suez. En Extr\u00eame-Orient, on essaie d&#8217;ouvrir la porte de la Chine pour d\u00e9velopper le commerce, et l&#8217;on \u00e9voque la n\u00e9cessit\u00e9 de prot\u00e9ger les missions catholiques pour occuper Sa\u00efgon, puis \u00e9tablir le <a href=\"https:\/\/mieux-se-connaitre.com\/wp4\/2015\/06\/traite-damitie-ente-la-france-et-le-cambodge-1863\/\" target=\"_blank\">protectorat fran\u00e7ais au Cambodge<\/a> et organiser une exp\u00e9dition au Laos.<\/p>\n<p>Sous la Troisi\u00e8me R\u00e9publique, l&#8217;expansion coloniale est m\u00e9thodiquement organis\u00e9e, l&#8217;Empire devient une r\u00e9alit\u00e9. Les nouvelles industries ont besoin d&#8217;exporter pour investir, l&#8217;\u00e9quilibre europ\u00e9en devient mondial.<\/p>\n<p><strong>&#8220;La politique coloniale est fille de la politique industrielle.&#8221;<\/strong> -Jules Ferry-<\/p>\n<p>On d\u00e9veloppe tous les moyens pour r\u00e9ussir : d\u00e9couverte, exploration, Soci\u00e9t\u00e9 de G\u00e9ographie, conqu\u00eate pacifique et militaire, administration et colonisation agricole. Le parti colonial (1890) est un groupe de pression non n\u00e9gligeable. Les territoires d\u00e9pendent du minist\u00e8re des Colonies, cr\u00e9\u00e9 en 1894.<\/p>\n<p>Sous l&#8217;id\u00e9e de &#8220;civiliser&#8221;, mission de &#8220;race sup\u00e9rieure&#8221; -Jules Ferry-, l&#8217;exploitation est dure : en fait, les colonis\u00e9s sont d\u00e9poss\u00e9d\u00e9s et doivent travailler dans des conditions difficiles. L&#8217;industrie est peu d\u00e9velopp\u00e9e pour ne pas concurrencer celle de la m\u00e9tropole. Le r\u00e9gime douanier protectionniste permet aux industries d\u00e9clinantes de vendre cher sur un march\u00e9 prot\u00e9g\u00e9. On ne tient pas compte des r\u00e9sistances des peuples colonis\u00e9s qui commencent \u00e0 se manifester.<\/p>\n<h2><span style=\"color: #800000;\"><strong>1854 : Vers le Sahara, pour la civilisation.<\/strong><\/span><\/h2>\n<div id=\"attachment_3280\" style=\"width: 310px\" class=\"wp-caption alignleft\"><a href=\"https:\/\/mieux-se-connaitre.com\/wp4\/wp-content\/uploads\/2011\/03\/EVT051_1.jpg\"><img aria-describedby=\"caption-attachment-3280\" loading=\"lazy\" class=\"wp-image-3280 size-medium\" title=\"EVT051_1\" src=\"https:\/\/mieux-se-connaitre.com\/wp4\/wp-content\/uploads\/2011\/03\/EVT051_1-300x225.jpg\" alt=\"colonialisme\" width=\"300\" height=\"225\" srcset=\"https:\/\/mieux-se-connaitre.com\/wp4\/wp-content\/uploads\/2011\/03\/EVT051_1-300x225.jpg 300w, https:\/\/mieux-se-connaitre.com\/wp4\/wp-content\/uploads\/2011\/03\/EVT051_1-150x112.jpg 150w, https:\/\/mieux-se-connaitre.com\/wp4\/wp-content\/uploads\/2011\/03\/EVT051_1.jpg 640w\" sizes=\"(max-width: 300px) 100vw, 300px\" \/><\/a><p id=\"caption-attachment-3280\" class=\"wp-caption-text\">Messe au S\u00e9n\u00e9gal<\/p><\/div>\n<p>Le g\u00e9n\u00e9ral Faidherbe, au S\u00e9n\u00e9gal depuis deux ans, o\u00f9 la France poss\u00e8de des comptoirs sur le littoral et deux postes militaires : Saint-Louis et Gor\u00e9e, est partisan d&#8217;une politique de p\u00e9n\u00e9tration ; il veut cr\u00e9er une liaison saharienne vers l&#8217;Alg\u00e9rie pour constituer &#8220;un bloc fran\u00e7ais&#8221;, h\u00e2ter dans les faits l&#8217;<a href=\"https:\/\/mieux-se-connaitre.com\/wp4\/2011\/06\/labolition-de-lesclavage-et-du-servage-2\/\" target=\"_blank\">abolition de l&#8217;esclavage<\/a> et d\u00e9velopper l&#8217;influence de la &#8220;civilisation&#8221;.<\/p>\n<p>En avril 1854, il obtient 600 volontaires venant de Saint-Louis et, avec eux, conquiert le Tata, r\u00e9put\u00e9 imprenable parce que d\u00e9fendu par 2 000 terribles guerriers. Le gouvernement, soucieux de poursuivre une politique de continuit\u00e9, le nomme gouverneur du S\u00e9n\u00e9gal.<\/p>\n<p>D\u00e8s f\u00e9vrier 1855, le gouverneur Faidherbe attaque les Azouna qu&#8217;il met en d\u00e9route. Les Walo, auparavant opprim\u00e9s par les Azouna, s&#8217;allient avec leurs oppresseurs contre les Fran\u00e7ais. Faidherbe entre dans leur pays et leur inflige une d\u00e9faite qui incite les populations au respect du conqu\u00e9rant. &#8220;Ce ne sont pas des hommes que nous venons de combattre, mais des d\u00e9mons,&#8221; vont-ils crier dans tous les villages.<\/p>\n<p>C&#8217;est le d\u00e9but de la p\u00e9riode expansionniste en Afrique noire.<\/p>\n<h2><span style=\"color: #800000;\"><strong>1857 : La campagne victorieuse de Kabylie ach\u00e8ve la conqu\u00eate de l&#8217;Alg\u00e9rie<\/strong><\/span><\/h2>\n<div id=\"attachment_3299\" style=\"width: 310px\" class=\"wp-caption alignleft\"><a href=\"https:\/\/mieux-se-connaitre.com\/wp4\/wp-content\/uploads\/2011\/03\/EVT078_1.jpg\"><img aria-describedby=\"caption-attachment-3299\" loading=\"lazy\" class=\"wp-image-3299 size-medium\" title=\"EVT078_1\" src=\"https:\/\/mieux-se-connaitre.com\/wp4\/wp-content\/uploads\/2011\/03\/EVT078_1-300x225.jpg\" alt=\"colonialisme\" width=\"300\" height=\"225\" srcset=\"https:\/\/mieux-se-connaitre.com\/wp4\/wp-content\/uploads\/2011\/03\/EVT078_1-300x225.jpg 300w, https:\/\/mieux-se-connaitre.com\/wp4\/wp-content\/uploads\/2011\/03\/EVT078_1-150x112.jpg 150w, https:\/\/mieux-se-connaitre.com\/wp4\/wp-content\/uploads\/2011\/03\/EVT078_1.jpg 640w\" sizes=\"(max-width: 300px) 100vw, 300px\" \/><\/a><p id=\"caption-attachment-3299\" class=\"wp-caption-text\">la Kabylie &#8211; image d&#8217;\u00e9pinal<\/p><\/div>\n<p>Sous la pression du gouverneur Randon, Napol\u00e9on III autorise l&#8217;encerclement du massif montagneux que d\u00e9fendent les tirailleurs kabyles.<\/p>\n<p>La capture de la maraboute qui incarne la r\u00e9sistance nationale met fin aux combats apr\u00e8s quarante cinq jours de lutte et entra\u00eene la soumission des derni\u00e8res tribus ind\u00e9pendantes.<\/p>\n<h2><span style=\"color: #800000;\"><strong>1857 : Les d\u00e9buts de l&#8217;AOF<\/strong><\/span><\/h2>\n<p>Le principal point d&#8217;ancrage de la colonie fran\u00e7aise au S\u00e9n\u00e9gal est encore, \u00e0 cette date, l&#8217;\u00eele de Gor\u00e9e et les commer\u00e7ants s&#8217;y trouvent \u00e0 l&#8217;\u00e9troit.<\/p>\n<p>En 1856, Dakar (en face de l&#8217;\u00eele sur la c\u00f4te) n&#8217;est d\u00e9j\u00e0 plus un village indig\u00e8ne ; le commandant Protet y arbore le drapeau fran\u00e7ais en 1857, favorisant ainsi le d\u00e9veloppement de la ville qui devient peu \u00e0 peu un centre commercial important et, gr\u00e2ce \u00e0 la fondation du port, en 1863, la capitale de l&#8217;Afrique occidentale fran\u00e7aise.<\/p>\n<h2><span style=\"color: #800000;\"><strong>1857 : R\u00e9volte des Cipayes : une population opprim\u00e9e <\/strong><\/span><\/h2>\n<p>(Les Anglais eux aussi ont leurs probl\u00e8mes!)<\/p>\n<div id=\"attachment_3282\" style=\"width: 310px\" class=\"wp-caption alignleft\"><a href=\"https:\/\/mieux-se-connaitre.com\/wp4\/wp-content\/uploads\/2011\/03\/EVT081D.jpg\"><img aria-describedby=\"caption-attachment-3282\" loading=\"lazy\" class=\"wp-image-3282 size-medium\" title=\"EVT081D\" src=\"https:\/\/mieux-se-connaitre.com\/wp4\/wp-content\/uploads\/2011\/03\/EVT081D-300x225.jpg\" alt=\"colonialisme\" width=\"300\" height=\"225\" srcset=\"https:\/\/mieux-se-connaitre.com\/wp4\/wp-content\/uploads\/2011\/03\/EVT081D-300x225.jpg 300w, https:\/\/mieux-se-connaitre.com\/wp4\/wp-content\/uploads\/2011\/03\/EVT081D-150x112.jpg 150w, https:\/\/mieux-se-connaitre.com\/wp4\/wp-content\/uploads\/2011\/03\/EVT081D.jpg 640w\" sizes=\"(max-width: 300px) 100vw, 300px\" \/><\/a><p id=\"caption-attachment-3282\" class=\"wp-caption-text\">la r\u00e9volte des Cipayes<\/p><\/div>\n<p>&#8220;La r\u00e9volte de nos soldats au Bengale n&#8217;a pas \u00e9t\u00e9 celle de troupes qui se l\u00e8vent pour venger une injure particuli\u00e8re ; elle a \u00e9t\u00e9 l&#8217;explosion de ressentiments d&#8217;une population opprim\u00e9e et qui n&#8217;attendait qu&#8217;une occasion pour la faire \u00e9clater.&#8221; -Disraeli \u00e0 la Chambre des Communes-<\/p>\n<p>L&#8217;occasion ou le pr\u00e9texte ? Les nouvelles cartouches qu&#8217;il faut d\u00e9chirer avec les dents seraient graiss\u00e9es \u00e0 la graisse de vache (animal impur aux yeux des Cipayes hindous) ou \u00e0 la graisse de porc (animal impur aux yeux des Cipayes musulmans). Les Cipayes du r\u00e9giment de cavalerie, stationn\u00e9s \u00e0 Meerut, se r\u00e9voltent et massacrent officiers britanniques, femmes et enfants, s&#8217;emparent de Delhi, la capitale et r\u00e9tablissent le vieil empereur, Bahadur Shah.<\/p>\n<p>Les Britanniques, un moment d\u00e9bord\u00e9s parce que surpris, r\u00e9pondent par des repr\u00e9sailles atroces. &#8220;Ce que nous avons \u00e0 apprendre aux partisans de Mahomet, et aux adorateurs de Vichnou, c&#8217;est que, quelles que soient leur foi et leur caste, nous traiterons les meurtriers comme des chiens&#8221; -le Times-. La r\u00e9volte, peu soutenue par le peuple, est vaincue avant qu&#8217;elle ait pu s&#8217;\u00e9tendre g\u00e9ographiquement.<\/p>\n<p>En Europe, l&#8217;\u00e9motion est grande ; assez peu en Inde, disent les observateurs locaux. En Angleterre certains commencent \u00e0 \u00eatre conscients que la Couronne n&#8217;a qu&#8217;un contr\u00f4le th\u00e9orique. &#8220;L&#8217;Inde est pour nous une source de faiblesse politique.&#8221; -Richard Congreve-<\/p>\n<h2><span style=\"color: #800000;\"><strong>1860 : Au nom des n\u00e9cessit\u00e9 du commerce. Le sac du Palais d&#8217;\u00e9t\u00e9 en Chine<\/strong><\/span><\/h2>\n<div id=\"attachment_3284\" style=\"width: 310px\" class=\"wp-caption alignleft\"><a href=\"https:\/\/mieux-se-connaitre.com\/wp4\/wp-content\/uploads\/2011\/03\/EVT572j.jpg\"><img aria-describedby=\"caption-attachment-3284\" loading=\"lazy\" class=\"wp-image-3284 size-medium\" title=\"EVT572j\" src=\"https:\/\/mieux-se-connaitre.com\/wp4\/wp-content\/uploads\/2011\/03\/EVT572j-300x225.jpg\" alt=\"colonialisme\" width=\"300\" height=\"225\" srcset=\"https:\/\/mieux-se-connaitre.com\/wp4\/wp-content\/uploads\/2011\/03\/EVT572j-300x225.jpg 300w, https:\/\/mieux-se-connaitre.com\/wp4\/wp-content\/uploads\/2011\/03\/EVT572j-150x112.jpg 150w, https:\/\/mieux-se-connaitre.com\/wp4\/wp-content\/uploads\/2011\/03\/EVT572j.jpg 640w\" sizes=\"(max-width: 300px) 100vw, 300px\" \/><\/a><p id=\"caption-attachment-3284\" class=\"wp-caption-text\">Le sac du Palais d&#8217;Ete<\/p><\/div>\n<p>La crise dans laquelle entre la Chine et ses 400 millions d&#8217;habitants au milieu du XIXe si\u00e8cle n&#8217;est pas due qu&#8217;aux &#8220;diables d&#8217;\u00e9trangers&#8221;, car &#8220;les principes confuc\u00e9ens qu&#8217;ils avaient cru universels n&#8217;\u00e9taient pas des principes religieux, auxquels le croyant put adh\u00e9rer dans le fond de son c\u0153ur, mais des principes sociaux que seul l&#8217;usage social pouvait pr\u00e9server.&#8221;-Mary Wright, 1957-<\/p>\n<p>Elle est l&#8217;aboutissement d&#8217;une d\u00e9t\u00e9rioration interne : pression d\u00e9mographique, faible popularit\u00e9 de la dynastie mandchoue, vigueur et fr\u00e9quence des r\u00e9voltes paysannes plus ou moins contr\u00f4l\u00e9es par des soci\u00e9t\u00e9s secr\u00e8tes qui recrutent aussi dans la pl\u00e8be urbaine \u00e0 dominante religieuse, au nord regroup\u00e9es autour du Lotus blanc (soci\u00e9t\u00e9 du Grand Couteau, soci\u00e9t\u00e9 des Boxers), plus politiques et nationalistes au sud o\u00f9 le slogan de la Triade est : &#8220;renversons les Qing et restaurons les Ming&#8221;.<\/p>\n<p>S&#8217;\u00e9tend alors dans la Chine tropicale une des plus grandes insurrections de l&#8217;histoire : celle des Tan Ping qui abandonnent la natte, signe de l&#8217;asservissement aux Mandchous, instituent un r\u00e9gime communautaire, \u00e9galitariste et th\u00e9ocratique, puritain et f\u00e9ministe. Capitale : Nankin.<\/p>\n<p>C&#8217;est la r\u00e9gion la plus riche de l&#8217;empire qui fait s\u00e9cession.<\/p>\n<p>Pendant ce temps, les \u00e9tats occidentaux, l&#8217;Angleterre et la France d&#8217;abord, l&#8217;Allemagne et la Russie ensuite, parviennent \u00e0 imposer \u00e0 la Chine affaiblie soit la cession coloniale de certains territoires, soit des &#8220;trait\u00e9s in\u00e9gaux&#8221; (privil\u00e8ges d&#8217;exterritorialit\u00e9, cession \u00e0 bail de zones portuaires actives, droit de percevoir les douanes etc.). C&#8217;est le d\u00e9p\u00e8cement de la Chine (breakup of China).<\/p>\n<p>Les puissances europ\u00e9ennes invoquent, pour se justifier, la raison de protection des missions catholiques implant\u00e9es en Chine et en Indochine. La protection des missionnaires est un devoir qui englobe le commerce et ses n\u00e9cessit\u00e9s.<\/p>\n<p>Une nouvelle exp\u00e9dition conduit les alli\u00e9s occidentaux jusqu&#8217;\u00e0 P\u00e9kin et les soldats envahissent le palais d&#8217;Et\u00e9, saccageant et pillant des lieux chers \u00e0 la m\u00e9moire chinoise. Les Chinois consid\u00e8rent que ces actes qui ont conduit jusqu&#8217;\u00e0 l&#8217;incendie du palais d&#8217;o\u00f9 le souverain chinois s&#8217;est enfui, sont l&#8217;\u0153uvre d&#8217;\u00eatres vils et m\u00e9prisables, mod\u00e8les d&#8217;ignorance et de grossi\u00e8ret\u00e9. Ils sont contraints toutefois de signer un nouveau trait\u00e9 en 1860 (conventions de P\u00e9kin) qui fixe les indemnit\u00e9s \u00e0 payer aux Fran\u00e7ais et aux Anglais, autorise l&#8217;ouverture de l\u00e9gations \u00e0 P\u00e9kin et l&#8217;installation des missions religieuses dans l&#8217;int\u00e9rieur de l&#8217;empire.<\/p>\n<h2><span style=\"color: #800000;\"><strong>1863\u00a0 Insurrection polonaise<\/strong><\/span><\/h2>\n<div id=\"attachment_3283\" style=\"width: 310px\" class=\"wp-caption alignleft\"><a href=\"https:\/\/mieux-se-connaitre.com\/wp4\/wp-content\/uploads\/2011\/03\/EVT131A.jpg\"><img aria-describedby=\"caption-attachment-3283\" loading=\"lazy\" class=\"wp-image-3283 size-medium\" title=\"EVT131A\" src=\"https:\/\/mieux-se-connaitre.com\/wp4\/wp-content\/uploads\/2011\/03\/EVT131A-300x225.jpg\" alt=\"Insurrection\" width=\"300\" height=\"225\" srcset=\"https:\/\/mieux-se-connaitre.com\/wp4\/wp-content\/uploads\/2011\/03\/EVT131A-300x225.jpg 300w, https:\/\/mieux-se-connaitre.com\/wp4\/wp-content\/uploads\/2011\/03\/EVT131A-150x112.jpg 150w, https:\/\/mieux-se-connaitre.com\/wp4\/wp-content\/uploads\/2011\/03\/EVT131A.jpg 640w\" sizes=\"(max-width: 300px) 100vw, 300px\" \/><\/a><p id=\"caption-attachment-3283\" class=\"wp-caption-text\">Insurrection polonaise<\/p><\/div>\n<p>&#8220;On ne tue pas une nation ; la Pologne revivra&#8230;enti\u00e8re, en tous ses membres.&#8221;*<\/p>\n<p>Depuis 1831, un drame lugubre se joue par intermittence en Pologne. En janvier 1863 la pression russe est plus forte que jamais, et pour \u00e9chapper \u00e0 l&#8217;enr\u00f4lement dans l&#8217;arm\u00e9e du tsar, les jeunes Polonais se r\u00e9fugient dans les bois ; les paysans transforment leurs faux en armes redoutables avec la b\u00e9n\u00e9diction du clerg\u00e9 catholique ; et des officiers fran\u00e7ais viennent entra\u00eener les insurg\u00e9s.<\/p>\n<p>&#8220;La Pologne est une digue \u00e9lev\u00e9e contre la Russie. Si vous permettez qu&#8217;elle soit renvers\u00e9e, l&#8217;Europe courra le risque d&#8217;\u00eatre submerg\u00e9e t\u00f4t ou tard&#8221; disent les Fran\u00e7ais.<\/p>\n<p>&#8220;Hachez les Polonais jusqu&#8217;\u00e0 ce qu&#8217;ils en meurent&#8230; chaque victoire du mouvement nationaliste en Pologne est une d\u00e9faite pour la Prusse&#8221;, dit Bismarck.<\/p>\n<p>La r\u00e9pression est sanglante, l&#8217;insurrection est \u00e9cras\u00e9e, les troupes russes campent \u00e0 Varsovie et le tsar, roi de Pologne, m\u00e8ne un politique intense de russification.<\/p>\n<p>*Michelet<\/p>\n<h2><span style=\"color: #800000;\"><strong>1868 : Fondation des P\u00e8res Blancs<\/strong><\/span> :<\/h2>\n<p>la soci\u00e9t\u00e9 des Missionnaires d&#8217;Afrique<\/p>\n<div id=\"attachment_3300\" style=\"width: 310px\" class=\"wp-caption alignleft\"><a href=\"https:\/\/mieux-se-connaitre.com\/wp4\/wp-content\/uploads\/2011\/03\/EVT178a.jpg\"><img aria-describedby=\"caption-attachment-3300\" loading=\"lazy\" class=\"wp-image-3300 size-medium\" title=\"EVT178a\" src=\"https:\/\/mieux-se-connaitre.com\/wp4\/wp-content\/uploads\/2011\/03\/EVT178a-300x225.jpg\" alt=\"colonialisme\" width=\"300\" height=\"225\" srcset=\"https:\/\/mieux-se-connaitre.com\/wp4\/wp-content\/uploads\/2011\/03\/EVT178a-300x225.jpg 300w, https:\/\/mieux-se-connaitre.com\/wp4\/wp-content\/uploads\/2011\/03\/EVT178a-150x112.jpg 150w, https:\/\/mieux-se-connaitre.com\/wp4\/wp-content\/uploads\/2011\/03\/EVT178a.jpg 640w\" sizes=\"(max-width: 300px) 100vw, 300px\" \/><\/a><p id=\"caption-attachment-3300\" class=\"wp-caption-text\">Les P\u00e8res Blancs &#8211; 1868<\/p><\/div>\n<p>1867 : Charles Lavigerie est nomm\u00e9 d\u00e9l\u00e9gu\u00e9 Apostolique du Sahara et du Soudan. Il y va &#8220;comme un soldat va au poste du p\u00e9ril un jour de combat&#8221;. Il est bien d\u00e9cid\u00e9 \u00e0 conqu\u00e9rir la libert\u00e9 d&#8217;apostolat, refus\u00e9e en Afrique depuis 1830. Il a \u00e0 combattre Mac-Mahon, gouverneur d&#8217;Alger, qui lui reproche de vouloir s&#8217;attaquer directement aux sentiments religieux des musulmans, et l&#8217;Empereur lui-m\u00eame.<\/p>\n<p>Napol\u00e9on III &#8220;Il est indispensable que Mgr Lavigerie ne retourne pas en Afrique, la tranquillit\u00e9 de la colonie est \u00e0 ce prix. L&#8217;Alg\u00e9rie n&#8217;est pas une colonie proprement dite, mais un royaume arabe&#8221;.<\/p>\n<p>Lavigerie passe outre et les 90.000 morts caus\u00e9s par le chol\u00e9ra en 1867, les 20.000 morts de faim en 1868 l&#8217;encouragent au nom de la charit\u00e9 chr\u00e9tienne \u00e0 fonder son \u0153uvre nouvelle &#8220;destin\u00e9e \u00e0 fournir des missionnaires aux contr\u00e9es de l&#8217;Afrique du Nord situ\u00e9es en dehors de la domination fran\u00e7aise&#8221;. En fait il s&#8217;agit de relier entre elles les colonies de l&#8217;Alg\u00e9rie et du S\u00e9n\u00e9gal r\u00e9cemment conquis, &#8221; d&#8217;y introduire un \u00e9l\u00e9ment actif d&#8217;assimilation et de conqu\u00eates morales&#8221;.<\/p>\n<h2><span style=\"color: #800000;\"><strong>1876 : Les horreurs de Bulgarie : une victoire de la morale politique<\/strong><\/span><\/h2>\n<div id=\"attachment_3285\" style=\"width: 310px\" class=\"wp-caption alignleft\"><a href=\"https:\/\/mieux-se-connaitre.com\/wp4\/wp-content\/uploads\/2011\/03\/EVT245_1.jpg\"><img aria-describedby=\"caption-attachment-3285\" loading=\"lazy\" class=\"wp-image-3285 size-medium\" title=\"EVT245_1\" src=\"https:\/\/mieux-se-connaitre.com\/wp4\/wp-content\/uploads\/2011\/03\/EVT245_1-300x225.jpg\" alt=\"r\u00e9pression\" width=\"300\" height=\"225\" srcset=\"https:\/\/mieux-se-connaitre.com\/wp4\/wp-content\/uploads\/2011\/03\/EVT245_1-300x225.jpg 300w, https:\/\/mieux-se-connaitre.com\/wp4\/wp-content\/uploads\/2011\/03\/EVT245_1-150x112.jpg 150w, https:\/\/mieux-se-connaitre.com\/wp4\/wp-content\/uploads\/2011\/03\/EVT245_1.jpg 640w\" sizes=\"(max-width: 300px) 100vw, 300px\" \/><\/a><p id=\"caption-attachment-3285\" class=\"wp-caption-text\">les horreurs de Bulgarie<\/p><\/div>\n<p>Des horreurs en Bulgarie ? Les t\u00e9moignages recueillis par le Daily News ne &#8220;sont que des bavardages de caf\u00e9&#8221;, affirme le premier ministre britannique, Disraeli.<\/p>\n<p>&#8220;Malheureusement une r\u00e9alit\u00e9&#8221;, confirme Gladstone, leader de l&#8217;opposition lib\u00e9rale dans un pamphlet, Les Horreurs de Bulgarie et la question d&#8217;Orient: il y d\u00e9crit les atrocit\u00e9s que les Irr\u00e9guliers turcs, les Bachi-bouzouks, font subir aux chr\u00e9tiens des Balkans.<\/p>\n<p>Gladstone pr\u00e9conise la guerre. Ce n&#8217;est pas l&#8217;avis de Disraeli, que soutient la reine Victoria. Il attache, pour sa part, une grande importance \u00e0 l&#8217;int\u00e9grit\u00e9 de l&#8217;empire ottoman qui fait barrage \u00e0 l&#8217;influence russe dans les Balkans et prot\u00e8ge la route des Indes. Il d\u00e9fend cette position au Congr\u00e8s de Berlin pour emp\u00eacher les Russes de conserver les avantages acquis pendant la guerre russo-turque.<\/p>\n<p>Au cours de la campagne \u00e9lectorale qui suit ces \u00e9v\u00e9nements, Gladstone reprend inlassablement le th\u00e8me :&#8221;les exigences morales doivent guider la politique britannique&#8221; et parvient, en provoquant la d\u00e9faite de Disraeli, \u00e0 assurer sa propre victoire.<\/p>\n<h2><span style=\"color: #800000;\"><strong>1878 : le congr\u00e8s de Berlin &#8220;L&#8217;homme malade&#8221; de l&#8217;Europe d\u00e9pec\u00e9<\/strong><\/span><\/h2>\n<div id=\"attachment_3286\" style=\"width: 310px\" class=\"wp-caption alignleft\"><a href=\"https:\/\/mieux-se-connaitre.com\/wp4\/wp-content\/uploads\/2011\/03\/EVT264A.jpg\"><img aria-describedby=\"caption-attachment-3286\" loading=\"lazy\" class=\"wp-image-3286 size-medium\" title=\"EVT264A\" src=\"https:\/\/mieux-se-connaitre.com\/wp4\/wp-content\/uploads\/2011\/03\/EVT264A-300x225.jpg\" alt=\"empire ottoman\" width=\"300\" height=\"225\" srcset=\"https:\/\/mieux-se-connaitre.com\/wp4\/wp-content\/uploads\/2011\/03\/EVT264A-300x225.jpg 300w, https:\/\/mieux-se-connaitre.com\/wp4\/wp-content\/uploads\/2011\/03\/EVT264A-150x112.jpg 150w, https:\/\/mieux-se-connaitre.com\/wp4\/wp-content\/uploads\/2011\/03\/EVT264A.jpg 640w\" sizes=\"(max-width: 300px) 100vw, 300px\" \/><\/a><p id=\"caption-attachment-3286\" class=\"wp-caption-text\">le congr\u00e8s de Berlin de 1878<\/p><\/div>\n<p>La victoire des Russes sur les Turcs provoque un congr\u00e8s r\u00e9uni \u00e0 Berlin par Bismarck. Les Anglais et les Autrichiens s&#8217;inqui\u00e8tent que l&#8217;on touche aux fronti\u00e8res de la Turquie.<\/p>\n<p>La France accepte de se rendre \u00e0 Berlin \u00e0 condition qu&#8217;il n&#8217;y soit pas question de l&#8217;Egypte, du Liban et des Lieux Saints.<\/p>\n<p>Le congr\u00e8s ent\u00e9rine le d\u00e9membrement de l&#8217;empire ottoman : la Serbie et la Roumanie deviennent des \u00e9tats ind\u00e9pendants. Une nouvelle Province autonome, la Roumelie, est cr\u00e9\u00e9e. La Gr\u00e8ce annexe une partie de la Thessalie et de l&#8217;Epire. L&#8217;Autriche occupe la Bosnie et l&#8217;Herz\u00e9govine, la Russie, les r\u00e9gions de Kars, Ardahan et Batoum.<\/p>\n<p>Tous ces accords se font sur le dos de l'&#8221;homme malade&#8221; de l&#8217;Europe : l&#8217;Empire ottoman. L&#8217;Angleterre \u00e0 qui \u00e9choit Chypre en profite pour se mettre d&#8217;accord avec la France et l&#8217;Italie sur le partage de l&#8217;Afrique du Nord.<\/p>\n<h2><span style=\"color: #800000;\"><strong>1879 : souverainet\u00e9 fran\u00e7aise au Congo: &#8220;Le trafic de l&#8217;\u00e9b\u00e8ne et de l&#8217;ivoire&#8221;<\/strong><\/span><\/h2>\n<div id=\"attachment_3287\" style=\"width: 310px\" class=\"wp-caption alignleft\"><a href=\"https:\/\/mieux-se-connaitre.com\/wp4\/wp-content\/uploads\/2011\/03\/EVT269A.jpg\"><img aria-describedby=\"caption-attachment-3287\" loading=\"lazy\" class=\"wp-image-3287 size-medium\" title=\"EVT269A\" src=\"https:\/\/mieux-se-connaitre.com\/wp4\/wp-content\/uploads\/2011\/03\/EVT269A-300x225.jpg\" alt=\"colonialisme\" width=\"300\" height=\"225\" srcset=\"https:\/\/mieux-se-connaitre.com\/wp4\/wp-content\/uploads\/2011\/03\/EVT269A-300x225.jpg 300w, https:\/\/mieux-se-connaitre.com\/wp4\/wp-content\/uploads\/2011\/03\/EVT269A-150x112.jpg 150w, https:\/\/mieux-se-connaitre.com\/wp4\/wp-content\/uploads\/2011\/03\/EVT269A.jpg 640w\" sizes=\"(max-width: 300px) 100vw, 300px\" \/><\/a><p id=\"caption-attachment-3287\" class=\"wp-caption-text\">mission au Congo &#8211; 1879<\/p><\/div>\n<p>Longtemps l&#8217;embouchure du fleuve Congo n&#8217;inspire pas d&#8217;autres activit\u00e9s que le trafic d&#8217;esclaves et d&#8217;ivoire. L&#8217;exploration syst\u00e9matique ne commence vraiment que dans la deuxi\u00e8me moiti\u00e9 du XIXe si\u00e8cle. Elle est l&#8217;\u0153uvre de Savorgnan de Brazza. En trois missions successives : la premi\u00e8re \u00e0 l&#8217;incitation du minist\u00e8re de la Marine, la deuxi\u00e8me financ\u00e9e par l&#8217;Association Internationale Africaine &#8211; section fran\u00e7aise &#8211; pr\u00e9sid\u00e9e par Lesseps, la troisi\u00e8me financ\u00e9e par le minist\u00e8re de l&#8217;Instruction publique. La pr\u00e9sence fran\u00e7aise est solidement \u00e9tablie sur 640 000 km2. Savorgnan sera gouverneur du Congo fran\u00e7ais jusqu&#8217;en 1897.<\/p>\n<p>Premi\u00e8re mission : 1875-78 &#8211; Remonte l&#8217;Ogoou\u00e9, passe dans la vall\u00e9e de l&#8217;Alima, mais ne parvient pas au Congo.<\/p>\n<p>Deuxi\u00e8me mission : 1880 &#8211; Remonte l&#8217;Ogoou\u00e9 &#8211; Cr\u00e9e Franceville et atteint la rive droit du Congo, fonde Brazzaville.<\/p>\n<p>Troisi\u00e8me mission : 1883-85 &#8211; Chavannes cr\u00e9e Leteki &#8211; Exploration Likouala Trait\u00e9 de 1887 : fixe les fronti\u00e8res avec l&#8217;Etat ind\u00e9pendant du Congo belge.<\/p>\n<h2><span style=\"color: #800000;\"><strong>1880 : premi\u00e8re guerre des Boers\u00a0 : l&#8217;h\u00e9g\u00e9monie britannique contest\u00e9e<\/strong><\/span><\/h2>\n<div id=\"attachment_3288\" style=\"width: 310px\" class=\"wp-caption alignleft\"><a href=\"https:\/\/mieux-se-connaitre.com\/wp4\/wp-content\/uploads\/2011\/03\/EVT277_2.jpg\"><img aria-describedby=\"caption-attachment-3288\" loading=\"lazy\" class=\"wp-image-3288 size-medium\" title=\"EVT277_2\" src=\"https:\/\/mieux-se-connaitre.com\/wp4\/wp-content\/uploads\/2011\/03\/EVT277_2-300x225.jpg\" alt=\"r\u00e9voltes\" width=\"300\" height=\"225\" srcset=\"https:\/\/mieux-se-connaitre.com\/wp4\/wp-content\/uploads\/2011\/03\/EVT277_2-300x225.jpg 300w, https:\/\/mieux-se-connaitre.com\/wp4\/wp-content\/uploads\/2011\/03\/EVT277_2-150x112.jpg 150w, https:\/\/mieux-se-connaitre.com\/wp4\/wp-content\/uploads\/2011\/03\/EVT277_2.jpg 640w\" sizes=\"(max-width: 300px) 100vw, 300px\" \/><\/a><p id=\"caption-attachment-3288\" class=\"wp-caption-text\">premi\u00e8re guerre des boers<\/p><\/div>\n<p>Le renforcement de la pr\u00e9sence britannique en Afrique du Sud pousse les Hollandais et les Fran\u00e7ais vers le nord o\u00f9 il fondent l&#8217;\u00e9tat du Natal, sur les c\u00f4tes de l&#8217;Oc\u00e9an indien. En 1845, les Anglais annexent le Natal ; leurs habitants se voient forc\u00e9s de cr\u00e9er deux nouveaux Etats, le Transvaal et l&#8217;Orange, deux r\u00e9publiques &#8220;boers&#8221;. Mais des luttes intestines emp\u00eachent qu&#8217;elles soient vraiment unies et les Anglais en profitent de nouveau, en annexant le Transvaal, d&#8217;autant que la d\u00e9couverte de diamants dans la r\u00e9gion de Kimberley les int\u00e9resse vivement.<\/p>\n<p>Alors que Disraeli est favorable \u00e0 une f\u00e9d\u00e9ration en Afrique du Sud pensant y conserver une h\u00e9g\u00e9monie britannique, la r\u00e9sistance boer s&#8217;organise et obtient, apr\u00e8s la victoire, l&#8217;ind\u00e9pendance du Transvaal.<\/p>\n<h2><span style=\"color: #800000;\"><strong>1881 : Le trait\u00e9 du Bardo : comment pr\u00e9server ses int\u00e9r\u00eats, en souplesse<\/strong><\/span><\/h2>\n<div id=\"attachment_3289\" style=\"width: 310px\" class=\"wp-caption alignleft\"><a href=\"https:\/\/mieux-se-connaitre.com\/wp4\/wp-content\/uploads\/2011\/03\/EVT287B.jpg\"><img aria-describedby=\"caption-attachment-3289\" loading=\"lazy\" class=\"wp-image-3289 size-medium\" title=\"EVT287B\" src=\"https:\/\/mieux-se-connaitre.com\/wp4\/wp-content\/uploads\/2011\/03\/EVT287B-300x225.jpg\" alt=\"colonialisme\" width=\"300\" height=\"225\" srcset=\"https:\/\/mieux-se-connaitre.com\/wp4\/wp-content\/uploads\/2011\/03\/EVT287B-300x225.jpg 300w, https:\/\/mieux-se-connaitre.com\/wp4\/wp-content\/uploads\/2011\/03\/EVT287B-150x112.jpg 150w, https:\/\/mieux-se-connaitre.com\/wp4\/wp-content\/uploads\/2011\/03\/EVT287B.jpg 640w\" sizes=\"(max-width: 300px) 100vw, 300px\" \/><\/a><p id=\"caption-attachment-3289\" class=\"wp-caption-text\">protectorat fran\u00e7ais en Tunisie<\/p><\/div>\n<p>Le trait\u00e9 du Bardo ou comment affirmer sa volont\u00e9 de rester une grande puissance, pr\u00e9server ses int\u00e9r\u00eats en Alg\u00e9rie et contenir l&#8217;Italie en m\u00e9nageant Allemands et Britanniques.<\/p>\n<p>&#8220;Vous ne pouvez pas laisser Carthage aux mains des barbares&#8221;. Cette parole du Secr\u00e9taire d&#8217;\u00c9tat au Foreign Office au gouvernement fran\u00e7ais incite \u00e0 l&#8217;intervention en Tunisie.<\/p>\n<p>Les Fran\u00e7ais l&#8217;occupent donc et imposent un trait\u00e9 de paix, d&#8217;amiti\u00e9 et de commerce entre la R\u00e9publique fran\u00e7aise et Son Altesse le Bey de Tunis. En fait, le trait\u00e9 du Bardo institutionnalise le syst\u00e8me de protectorat ; la souplesse dans le contr\u00f4le, cr\u00e9e un \u00c9tat qui n&#8217;existait pas : la future Tunisie, et reconna\u00eet l&#8217;autorit\u00e9 du bey et l&#8217;existence de la dynastie beylicale.<\/p>\n<h2><span style=\"color: #800000;\"><strong>1882 : Les Anglais occupent Le Caire : L&#8217;Egypte aux Egyptiens !<\/strong><\/span><\/h2>\n<p>Au cri de : &#8220;l&#8217;Egypte aux Egyptiens&#8221;, des manifestants massacrent plusieurs dizaines d&#8217;Europ\u00e9ens. Pour prot\u00e9ger ses r\u00e9sidents, la Grande Bretagne dont la flotte mouille devant Alexandrie bombarde les forts le 11 juillet.<\/p>\n<p>La reine Victoria avait dit &#8220;Si l&#8217;Egypte doit \u00eatre \u00f4t\u00e9e \u00e0 la Turquie, elle ne saurait tomber en d&#8217;autres mains que les n\u00f4tres&#8221;.<\/p>\n<p>Les Britanniques envoient des troupes, occupent Isma\u00eflia, \u00e9crasent Arabi. L&#8217;Egypte tombe ainsi aux mains des Britanniques, l&#8217;Europe laisse faire. La France n&#8217;a pu faire voter les cr\u00e9dits pour l&#8217;exp\u00e9dition. La France paie cher sa politique discontinue : la pusillanimit\u00e9 du gouvernement sert les int\u00e9r\u00eats britanniques, provoque une m\u00e9sentente franco-britannique sans pourtant rapprocher les Fran\u00e7ais des Allemands.<\/p>\n<h2><span style=\"color: #800000;\"><strong>1894 : Le massacre des arm\u00e9niens : le g\u00e9nocide<\/strong><\/span><\/h2>\n<div id=\"attachment_3290\" style=\"width: 310px\" class=\"wp-caption alignleft\"><a href=\"https:\/\/mieux-se-connaitre.com\/wp4\/wp-content\/uploads\/2011\/03\/EVT397_1.jpg\"><img aria-describedby=\"caption-attachment-3290\" loading=\"lazy\" class=\"wp-image-3290 size-medium\" title=\"EVT397_1\" src=\"https:\/\/mieux-se-connaitre.com\/wp4\/wp-content\/uploads\/2011\/03\/EVT397_1-300x225.jpg\" alt=\"g\u00e9nocide\" width=\"300\" height=\"225\" srcset=\"https:\/\/mieux-se-connaitre.com\/wp4\/wp-content\/uploads\/2011\/03\/EVT397_1-300x225.jpg 300w, https:\/\/mieux-se-connaitre.com\/wp4\/wp-content\/uploads\/2011\/03\/EVT397_1-150x112.jpg 150w, https:\/\/mieux-se-connaitre.com\/wp4\/wp-content\/uploads\/2011\/03\/EVT397_1.jpg 640w\" sizes=\"(max-width: 300px) 100vw, 300px\" \/><\/a><p id=\"caption-attachment-3290\" class=\"wp-caption-text\">le massacre des Arm\u00e9niens<\/p><\/div>\n<p>Les Arm\u00e9niens, tr\u00e8s attach\u00e9s \u00e0 leur culture, \u00e0 leurs traditions, \u00e0 leur langue et \u00e0 leur religion (Ordre Gr\u00e9gorien) souffrent du joug que leur impose le gouvernement autoritaire du sultan Abdul-Hamid. Son panislamisme brime les minorit\u00e9s et tout particuli\u00e8rement les chr\u00e9tiens d&#8217;Arm\u00e9nie. Le sultan promet d&#8217;un c\u00f4t\u00e9 et fait massacrer les Arm\u00e9niens de l&#8217;autre avec le plus grand cynisme, utilisant m\u00eame les voisins de l&#8217;Arm\u00e9nie : les Kurdes.<\/p>\n<p>Les populations sont d\u00e9plac\u00e9es, les femmes vendues ; la famine se r\u00e9pand parmi le peuple arm\u00e9nien. 200 000 Arm\u00e9niens mourront entre 1894 et 1896. La r\u00e9sistance organis\u00e9e en partie par le Dachnak (F\u00e9d\u00e9ration R\u00e9volutionnaire arm\u00e9nienne) permet quelques \u00e9migrations vers l&#8217;Arm\u00e9nie russe.<\/p>\n<p>Mais le pire n&#8217;a pas encore eu lieu ; apr\u00e8s une grande esp\u00e9rance en 1908, la R\u00e9volution Jeune Turque organisera impitoyablement les massacres d&#8217;Arm\u00e9niens en 1915-1916. Pris dans l&#8217;engrenage, les Jeunes Turcs sont persuad\u00e9s que les Arm\u00e9niens sont les agents de l&#8217;imp\u00e9rialisme anglais pendant la premi\u00e8re guerre mondiale. Plus d&#8217;un million dispara\u00eetront, un v\u00e9ritable g\u00e9nocide ; on emploie pour la premi\u00e8re fois les mots de &#8220;solution finale&#8221;.<\/p>\n<h2><span style=\"color: #800000;\"><strong>1894 : Exp\u00e9dition fran\u00e7aise \u00e0 Madagascar<\/strong><\/span><\/h2>\n<p>Cr\u00e9dits vot\u00e9s \u00e0 la chambre pour l&#8217;envoi d&#8217;un corps exp\u00e9ditionnaire.<\/p>\n<p>La fi\u00e8vre tue plus de soldats fran\u00e7ais que le combat. Le g\u00e9n\u00e9ral Duchesne progresse lentement vers Tananarive et quand il occupe la ville, il a perdu pr\u00e8s de la moiti\u00e9 de son corps exp\u00e9ditionnaire (6 mille hommes sur 15 mille).<\/p>\n<p>Le trait\u00e9 confirmant le protectorat n&#8217;est pas respect\u00e9 : les Hovas se soul\u00e8vent \u00e0 nouveau et obligent les Fran\u00e7ais \u00e0 annexer Madagascar le 6 ao\u00fbt 1896. Le g\u00e9n\u00e9ral Gallieni sera charg\u00e9 de pacifier l&#8217;\u00eele.<\/p>\n<h2><span style=\"color: #800000;\"><strong>1900 : R\u00e9volte des Boxers en Chine , un pas de plus vers la r\u00e9action<\/strong><\/span><\/h2>\n<div id=\"attachment_3291\" style=\"width: 310px\" class=\"wp-caption alignleft\"><a href=\"https:\/\/mieux-se-connaitre.com\/wp4\/wp-content\/uploads\/2011\/03\/EVT441A.jpg\"><img aria-describedby=\"caption-attachment-3291\" loading=\"lazy\" class=\"wp-image-3291 size-medium\" title=\"EVT441A\" src=\"https:\/\/mieux-se-connaitre.com\/wp4\/wp-content\/uploads\/2011\/03\/EVT441A-300x225.jpg\" alt=\"r\u00e9voltes\" width=\"300\" height=\"225\" srcset=\"https:\/\/mieux-se-connaitre.com\/wp4\/wp-content\/uploads\/2011\/03\/EVT441A-300x225.jpg 300w, https:\/\/mieux-se-connaitre.com\/wp4\/wp-content\/uploads\/2011\/03\/EVT441A-150x112.jpg 150w, https:\/\/mieux-se-connaitre.com\/wp4\/wp-content\/uploads\/2011\/03\/EVT441A.jpg 640w\" sizes=\"(max-width: 300px) 100vw, 300px\" \/><\/a><p id=\"caption-attachment-3291\" class=\"wp-caption-text\">r\u00e9volte des Boxers &#8211; 1900<\/p><\/div>\n<p>La premi\u00e8re guerre sino-japonaise (1894-1895) vient de co\u00fbter aux Chinois la Cor\u00e9e, Formose, les \u00eeles Pescadores et la p\u00e9ninsule du Liao-toung ; la Russie ach\u00e8ve la construction du chemin de fer qui, \u00e0 travers la Mandchourie, conduit \u00e0 Vladivostok ; l&#8217;Allemagne, la France, l&#8217;Angleterre poursuivent leur implantation.<\/p>\n<p>Toutes ces humiliations am\u00e8nent le parti r\u00e9formateur au pouvoir en 1898 ; sans succ\u00e8s car l&#8217;imp\u00e9ratrice Tseu-Hi favorise les soci\u00e9t\u00e9s secr\u00e8tes, traditionalistes et x\u00e9nophobes.<\/p>\n<p>En particulier, la secte politico-religieuse que les occidentaux ont surnomm\u00e9 les &#8220;Boxers&#8221; parce qu&#8217;ils pratiquent une boxe sacr\u00e9e, exploite cette x\u00e9nophobie, cr\u00e9e des incidents et, encourag\u00e9e par l&#8217;imp\u00e9ratrice et l&#8217;arm\u00e9e r\u00e9guli\u00e8re chinoise, franchit un pas suppl\u00e9mentaire dans la r\u00e9action -en cela soutenue par la population de P\u00e9kin- et assi\u00e8ge en juin 1900 le quartier des l\u00e9gations o\u00f9 les Europ\u00e9ens se sont retranch\u00e9s.<\/p>\n<p>Le si\u00e8ge dure, il faut rationner, on vide les caves \u00e0 vin, car l&#8217;eau manque ; on se partage les mules et les chiens errants pour ne pas mourir de faim. Les Chinois chr\u00e9tiens r\u00e9fugi\u00e9s mangent l&#8217;\u00e9corce des arbres du parc. La colonne de secours se fera attendre jusqu&#8217;en ao\u00fbt. L&#8217;imp\u00e9ratrice s&#8217;enfuit. C&#8217;est le premier jalon pos\u00e9 dans la lutte anti-imp\u00e9rialiste men\u00e9e par le peuple chinois.<\/p>\n<h2><span style=\"color: #800000;\"><strong>1904 : Cr\u00e9ation de l&#8217;Afrique Occidentale fran\u00e7aise : l&#8217;Afrique par les fleuves et les lacs jusqu&#8217;aux c\u00f4tes<\/strong><\/span><\/h2>\n<p>Depuis le S\u00e9n\u00e9gal et la vall\u00e9e du Niger, jusqu&#8217;au lac Tchad, depuis le pays des rivi\u00e8res du sud (Guin\u00e9e Fran\u00e7aise) depuis la C\u00f4te d&#8217;Ivoire et la C\u00f4te des Esclaves (Dahomey) les Fran\u00e7ais p\u00e9n\u00e8trent vers l&#8217;int\u00e9rieur pour relier le Haut S\u00e9n\u00e9gal au Niger, gagner la boucle du Niger et contr\u00f4ler les c\u00f4tes. Pour unifier tous ces territoires s\u00e9par\u00e9s, l&#8217;Afrique Occidentale Fran\u00e7aise est cr\u00e9\u00e9e le 16 juin 1895 par d\u00e9cret.<\/p>\n<p>Des am\u00e9nagements internes seront effectu\u00e9s en 1902-04.<\/p>\n<p>Dakar sera la capitale de la f\u00e9d\u00e9ration.<\/p>\n<h2><span style=\"color: #800000;\"><strong>1905 : La R\u00e9volution Russe : une grande r\u00e9p\u00e9tition<\/strong><\/span><\/h2>\n<div id=\"attachment_3292\" style=\"width: 310px\" class=\"wp-caption alignleft\"><a href=\"https:\/\/mieux-se-connaitre.com\/wp4\/wp-content\/uploads\/2011\/03\/EVT477_1.jpg\"><img aria-describedby=\"caption-attachment-3292\" loading=\"lazy\" class=\"wp-image-3292 size-medium\" title=\"EVT477_1\" src=\"https:\/\/mieux-se-connaitre.com\/wp4\/wp-content\/uploads\/2011\/03\/EVT477_1-300x225.jpg\" alt=\"r\u00e9volution russe\" width=\"300\" height=\"225\" srcset=\"https:\/\/mieux-se-connaitre.com\/wp4\/wp-content\/uploads\/2011\/03\/EVT477_1-300x225.jpg 300w, https:\/\/mieux-se-connaitre.com\/wp4\/wp-content\/uploads\/2011\/03\/EVT477_1-150x112.jpg 150w, https:\/\/mieux-se-connaitre.com\/wp4\/wp-content\/uploads\/2011\/03\/EVT477_1.jpg 640w\" sizes=\"(max-width: 300px) 100vw, 300px\" \/><\/a><p id=\"caption-attachment-3292\" class=\"wp-caption-text\">la r\u00e9volte du cuirass\u00e9 Potemkine &#8211; 1905<\/p><\/div>\n<p>Et ils portaient des ic\u00f4nes, ils brandissaient des portraits du Tsar, les ouvriers de Saint-P\u00e9tersbourg. Ils se rendaient en cort\u00e8ge au Palais d&#8217;Hiver pour remettre une p\u00e9tition au Tsar&#8230;<\/p>\n<p>La troupe tire sur cette manifestation pacifique : le Dimanche rouge fait un millier de morts.<\/p>\n<p>L&#8217;\u00e9quipage du cuirass\u00e9 Potemkine se mutine en rade d&#8217;Odessa. L&#8217;agitation s&#8217;accro\u00eet. Des soviets se cr\u00e9ent dans les usines. Le Tsar fait face \u00e0 la gr\u00e8ve g\u00e9n\u00e9rale. Par le manifeste du 30 octobre 1905, il accorde les libert\u00e9s fondamentales et convoque une assembl\u00e9e l\u00e9gislative \u00e9lue.<\/p>\n<p>Les r\u00e9volutionnaires sont r\u00e9prim\u00e9s durement. Les bolcheviks, pour Trotski, ont fait une r\u00e9p\u00e9tition g\u00e9n\u00e9rale. Les probl\u00e8mes politiques et sociaux ne sont pas r\u00e9gl\u00e9s. La Grande Guerre ach\u00e8vera de perdre le r\u00e9gime.<\/p>\n<h2><span style=\"color: #800000;\"><strong>1905 : L&#8217;organisation pour la renaissance de la Chine<\/strong><\/span><\/h2>\n<div id=\"attachment_3293\" style=\"width: 310px\" class=\"wp-caption alignleft\"><a href=\"https:\/\/mieux-se-connaitre.com\/wp4\/wp-content\/uploads\/2011\/03\/EVT487C.jpg\"><img aria-describedby=\"caption-attachment-3293\" loading=\"lazy\" class=\"wp-image-3293 size-medium\" title=\"EVT487C\" src=\"https:\/\/mieux-se-connaitre.com\/wp4\/wp-content\/uploads\/2011\/03\/EVT487C-300x225.jpg\" alt=\"r\u00e9voltes\" width=\"300\" height=\"225\" srcset=\"https:\/\/mieux-se-connaitre.com\/wp4\/wp-content\/uploads\/2011\/03\/EVT487C-300x225.jpg 300w, https:\/\/mieux-se-connaitre.com\/wp4\/wp-content\/uploads\/2011\/03\/EVT487C-150x112.jpg 150w, https:\/\/mieux-se-connaitre.com\/wp4\/wp-content\/uploads\/2011\/03\/EVT487C.jpg 640w\" sizes=\"(max-width: 300px) 100vw, 300px\" \/><\/a><p id=\"caption-attachment-3293\" class=\"wp-caption-text\">le soul\u00e8vement \u00e0 Canton &#8211; 1905<\/p><\/div>\n<p>Apr\u00e8s la tentative avort\u00e9e de r\u00e9forme imp\u00e9riale (1901-08), l&#8217;initiative va passer aux r\u00e9volutionnaires du sud. D\u00e8s 1894, Sun Yat-sen a fond\u00e9 aux Philippines l&#8217;organisation pour la renaissance de la Chine (Xingzonghui) et tent\u00e9 un soul\u00e8vement \u00e0 Canton qui a \u00e9chou\u00e9. Il fonde en 1905 au Japon la Ligue de l&#8217;Union r\u00e9volutionnaire, conf\u00e9d\u00e9ration d&#8217;organisations r\u00e9volutionnaires, d&#8217;associations r\u00e9publicaines et de soci\u00e9t\u00e9s secr\u00e8tes traditionnelles. Premier pas vers l&#8217;unification du mouvement r\u00e9volutionnaire qui aboutira au Kuo-Min-Tang en 1912.<\/p>\n<p>A cette occasion, Sun Yat-sen pr\u00e9cise les grands principes du mouvement :<\/p>\n<p>&#8211; nationalisme : lutte contre les usurpateurs mandchous et l&#8217;imp\u00e9rialisme occidental ;<\/p>\n<p>&#8211; d\u00e9mocratie : cr\u00e9ation d&#8217;une r\u00e9publique ;<\/p>\n<p>&#8211; bien-\u00eatre : r\u00e9formes sociales et agraires.<\/p>\n<p>Il veut instaurer &#8220;un \u00e9tat appartenant \u00e0 tous, contr\u00f4l\u00e9 et gouvern\u00e9 par tous, au profit de tous.&#8221;<\/p>\n<p>Plusieurs tentatives de soul\u00e8vement ont lieu entre 1905 et 1911 et \u00e0 partir d&#8217;octobre de cette m\u00eame ann\u00e9e les provinces centrales et le sud font s\u00e9cession.<\/p>\n<p>La dynastie moribonde va s&#8217;effondrer (1911-12), mais c&#8217;est un chef de guerre Yuan Che-ka\u00ef qui s&#8217;empare du pouvoir soutenu par les banques et les puissances occidentales pour l&#8217;avenir de leur domination. Nul ne sait en 1914 o\u00f9 ira l&#8217;immense Chine.<\/p>\n<h2><span style=\"color: #800000;\"><strong>1907 : Gandhi : r\u00e9sistance passive : l&#8217;\u00e9preuve de force<\/strong><\/span><\/h2>\n<div id=\"attachment_3294\" style=\"width: 310px\" class=\"wp-caption alignleft\"><a href=\"https:\/\/mieux-se-connaitre.com\/wp4\/wp-content\/uploads\/2011\/03\/EVT504a.jpg\"><img aria-describedby=\"caption-attachment-3294\" loading=\"lazy\" class=\"wp-image-3294 size-medium\" title=\"EVT504a\" src=\"https:\/\/mieux-se-connaitre.com\/wp4\/wp-content\/uploads\/2011\/03\/EVT504a-300x287.jpg\" alt=\"Ghandi\" width=\"300\" height=\"287\" srcset=\"https:\/\/mieux-se-connaitre.com\/wp4\/wp-content\/uploads\/2011\/03\/EVT504a-300x287.jpg 300w, https:\/\/mieux-se-connaitre.com\/wp4\/wp-content\/uploads\/2011\/03\/EVT504a-150x143.jpg 150w, https:\/\/mieux-se-connaitre.com\/wp4\/wp-content\/uploads\/2011\/03\/EVT504a.jpg 501w\" sizes=\"(max-width: 300px) 100vw, 300px\" \/><\/a><p id=\"caption-attachment-3294\" class=\"wp-caption-text\">Gandhi<\/p><\/div>\n<p>&#8220;Les Anglais et les Boers commenceront \u00e0 nous respecter le jour o\u00f9 ils comprendront que nous sommes capables de leur r\u00e9sister&#8221; &#8211; Gandhi &#8211; Les Indiens subissent la &#8220;loi asiatique&#8221; malgr\u00e9 les promesses du gouvernement : obligation d&#8217;un certificat d&#8217;identit\u00e9, refus de licence aux commer\u00e7ants, expropriations, quartiers ghetto. Aussi Gandhi appelle-t-il les Indiens \u00e0 ne pas se soumettre : ils refusent d\u00e8s 1906 de se faire inscrire pour la demande de certificat, alors que le d\u00e9lai expire le 31 juillet 1907.<\/p>\n<p>C&#8217;est l&#8217;\u00e9preuve de force : Gandhi la con\u00e7oit en pratiquant la &#8220;r\u00e9sistance passive&#8221;: boycott syst\u00e9matique, d\u00e9sob\u00e9issance civile, refus de coop\u00e9ration, je\u00fbne. Plusieurs fois incarc\u00e9r\u00e9, il est soumis au r\u00e9gime de droit commun et m\u00eame aux travaux forc\u00e9s. Il ne c\u00e9dera jamais . Apr\u00e8s 7 ans de patience et de lutte, les Indiens obtiennent l&#8217;abrogation de la loi asiatique.<\/p>\n<h2><\/h2>\n<h2><span style=\"color: #800000;\"><strong>1908 : La r\u00e9volution Jeune Turque : \u00e9chec \u00e0 la r\u00e9volution<\/strong><\/span><\/h2>\n<div id=\"attachment_3295\" style=\"width: 263px\" class=\"wp-caption alignleft\"><a href=\"https:\/\/mieux-se-connaitre.com\/wp4\/wp-content\/uploads\/2011\/03\/EVT509D.jpg\"><img aria-describedby=\"caption-attachment-3295\" loading=\"lazy\" class=\"wp-image-3295 size-medium\" title=\"EVT509D\" src=\"https:\/\/mieux-se-connaitre.com\/wp4\/wp-content\/uploads\/2011\/03\/EVT509D-253x300.jpg\" alt=\"r\u00e9volutions\" width=\"253\" height=\"300\" srcset=\"https:\/\/mieux-se-connaitre.com\/wp4\/wp-content\/uploads\/2011\/03\/EVT509D-253x300.jpg 253w, https:\/\/mieux-se-connaitre.com\/wp4\/wp-content\/uploads\/2011\/03\/EVT509D-126x150.jpg 126w, https:\/\/mieux-se-connaitre.com\/wp4\/wp-content\/uploads\/2011\/03\/EVT509D.jpg 405w\" sizes=\"(max-width: 253px) 100vw, 253px\" \/><\/a><p id=\"caption-attachment-3295\" class=\"wp-caption-text\">R\u00e9volution Jeune Turque<\/p><\/div>\n<p>L&#8217;attitude fig\u00e9e du sultan et la situation de l&#8217;empire turc, &#8220;homme malade de l&#8217;Europe&#8221;, provoque une r\u00e9action chez les intellectuels et les jeunes officiers nationalistes et antimonarchistes ; ils fondent le mouvement Jeunes Turcs qui s&#8217;inspire du po\u00e8te et sociologue Ziya Gokalp.<\/p>\n<p>Le mouvement s&#8217;insurge contre l&#8217;exc\u00e8s de religion qui g\u00e9n\u00e8re la d\u00e9cadence, la confusion des pouvoirs civil et religieux jug\u00e9e n\u00e9faste. Les Jeunes Turcs veulent \u00e9tablir un \u00e9tat la\u00efc pour une nation turque.<\/p>\n<p>La r\u00e9volution qu&#8217;ils m\u00e8nent \u00e0 partir de 1908 conduit \u00e0 la d\u00e9position d&#8217;Abdul Hamid. Ils gouvernent \u00e0 travers son successeur, mais les espoirs des minorit\u00e9s et des lib\u00e9raux qui ont soutenu la r\u00e9volution des Jeunes Turcs seront d\u00e9\u00e7us : les massacres contre les Arm\u00e9niens reprennent d\u00e8s 1909, et la politique de turquification dans les territoires balkaniques est appliqu\u00e9e avec rigueur.<\/p>\n<h2><span style=\"color: #800000;\"><strong>1910 : La r\u00e9volution mexicaine : &#8220;E viva Zapata !&#8221;<\/strong><\/span><\/h2>\n<div id=\"attachment_3296\" style=\"width: 310px\" class=\"wp-caption alignleft\"><a href=\"https:\/\/mieux-se-connaitre.com\/wp4\/wp-content\/uploads\/2011\/03\/CD26_096.jpg\"><img aria-describedby=\"caption-attachment-3296\" loading=\"lazy\" class=\"wp-image-3296 size-medium\" title=\"CD26_096\" src=\"https:\/\/mieux-se-connaitre.com\/wp4\/wp-content\/uploads\/2011\/03\/CD26_096-300x225.jpg\" alt=\"r\u00e9volution\" width=\"300\" height=\"225\" srcset=\"https:\/\/mieux-se-connaitre.com\/wp4\/wp-content\/uploads\/2011\/03\/CD26_096-300x225.jpg 300w, https:\/\/mieux-se-connaitre.com\/wp4\/wp-content\/uploads\/2011\/03\/CD26_096-150x112.jpg 150w, https:\/\/mieux-se-connaitre.com\/wp4\/wp-content\/uploads\/2011\/03\/CD26_096.jpg 640w\" sizes=\"(max-width: 300px) 100vw, 300px\" \/><\/a><p id=\"caption-attachment-3296\" class=\"wp-caption-text\">Zapata et deux de ses r\u00e9volutionnaires &#8211; 1910<\/p><\/div>\n<p>De France, on se fait souvent une image romantique de la r\u00e9volution mexicaine. C&#8217;est en r\u00e9alit\u00e9 un processus exceptionnellement complexe qui s&#8217;ouvre en 1910 \u00e0 la fin du &#8220;Porfiriat&#8221;*.<\/p>\n<p>A cette date, Francisco Madero multiplie les appels pour faire du Mexique une &#8220;v\u00e9ritable d\u00e9mocratie&#8221;. R\u00e9voltes paysannes bien diff\u00e9rentes au nord (Pancho Villa) et au sud (Zapata), mouvements ouvriers modernes notamment dans la r\u00e9gion de Vera Cruz, choix divers de l&#8217;arm\u00e9e et des classes dirigeantes face \u00e0 la volont\u00e9 de contr\u00f4le plus ou moins manifest\u00e9e par &#8220;le grand voisin du nord&#8221;, pratiques h\u00e9rit\u00e9es du caudillisme. C&#8217;est une longue guerre civile qui commence d&#8217;o\u00f9 sort peu \u00e0 peu le Mexique moderne.<\/p>\n<p>*Porfiriat : gouvernement dictatorial de Porfirio Diaz (1876-1910)<\/p>\n<p>1914 : r\u00e9voltes rurales de Zapata et Pancho Villa<\/p>\n<p>1919 : assassinat de Zapata<\/p>\n<h2><span style=\"color: #800000;\"><strong>1911 : Agadir, seconde crise marocaine, regain de tension entre Europ\u00e9ens<\/strong><\/span><\/h2>\n<div id=\"attachment_3297\" style=\"width: 310px\" class=\"wp-caption alignleft\"><a href=\"https:\/\/mieux-se-connaitre.com\/wp4\/wp-content\/uploads\/2011\/03\/EVT534_1.jpg\"><img aria-describedby=\"caption-attachment-3297\" loading=\"lazy\" class=\"wp-image-3297 size-medium\" title=\"EVT534_1\" src=\"https:\/\/mieux-se-connaitre.com\/wp4\/wp-content\/uploads\/2011\/03\/EVT534_1-300x225.jpg\" alt=\"colonialisme\" width=\"300\" height=\"225\" srcset=\"https:\/\/mieux-se-connaitre.com\/wp4\/wp-content\/uploads\/2011\/03\/EVT534_1-300x225.jpg 300w, https:\/\/mieux-se-connaitre.com\/wp4\/wp-content\/uploads\/2011\/03\/EVT534_1-150x112.jpg 150w, https:\/\/mieux-se-connaitre.com\/wp4\/wp-content\/uploads\/2011\/03\/EVT534_1.jpg 640w\" sizes=\"(max-width: 300px) 100vw, 300px\" \/><\/a><p id=\"caption-attachment-3297\" class=\"wp-caption-text\">la crise d&#8217;Agadir &#8211; 1911<\/p><\/div>\n<p>&#8220;Il est entendu qu&#8217;il y a des portions d&#8217;humanit\u00e9 dont les grands peuples modernes disposent comme d&#8217;une mati\u00e8re \u00e0 \u00e9change&#8221;*<\/p>\n<p>Crise marocaine entretenue par l&#8217;occupation de Fez par les troupes fran\u00e7aises en mai 1911, effervescence dans les Balkans : la tension est vive entre les Europ\u00e9ens et tout est pr\u00e9texte \u00e0 affrontement. Guillaume II n&#8217;avait accept\u00e9 qu&#8217;a contrec\u0153ur les clauses de la conf\u00e9rence d&#8217;Algesiras.<\/p>\n<p>L&#8217;envoi en rade d&#8217;Agadir de la canonni\u00e8re Panther sous le couvert de prot\u00e9ger les int\u00e9r\u00eats allemands situ\u00e9s dans le sud marocain que l&#8217;agitation des tribus rend vuln\u00e9rable, provoque une r\u00e9action tr\u00e8s vive de l&#8217;opinion fran\u00e7aise, que le pr\u00e9sident du conseil Joseph Caillaux s&#8217;efforce d&#8217;apaiser.<\/p>\n<p>Un accord intervient le 4 novembre 1911 : l&#8217;Allemagne reconna\u00eet le protectorat fran\u00e7ais au Maroc, et obtient en \u00e9change des avantages territoriaux au Congo. Mais les tensions subsistent et les nationalistes des deux c\u00f4t\u00e9s se sentent frustr\u00e9s.<\/p>\n<p>*Jaur\u00e8s- Chambre des d\u00e9put\u00e9s le 20 d\u00e9cembre 1911<\/p>\n<h2><span style=\"color: #800000;\"><strong>1912 : Protectorat au Maroc : une fermet\u00e9 qui demande beaucoup de docilit\u00e9 et de souplesse<\/strong><\/span><\/h2>\n<div id=\"attachment_3298\" style=\"width: 310px\" class=\"wp-caption alignleft\"><a href=\"https:\/\/mieux-se-connaitre.com\/wp4\/wp-content\/uploads\/2011\/03\/EVT539E.jpg\"><img aria-describedby=\"caption-attachment-3298\" loading=\"lazy\" class=\"wp-image-3298 size-medium\" title=\"EVT539E\" src=\"https:\/\/mieux-se-connaitre.com\/wp4\/wp-content\/uploads\/2011\/03\/EVT539E-300x225.jpg\" alt=\"colonialisme\" width=\"300\" height=\"225\" srcset=\"https:\/\/mieux-se-connaitre.com\/wp4\/wp-content\/uploads\/2011\/03\/EVT539E-300x225.jpg 300w, https:\/\/mieux-se-connaitre.com\/wp4\/wp-content\/uploads\/2011\/03\/EVT539E-150x112.jpg 150w, https:\/\/mieux-se-connaitre.com\/wp4\/wp-content\/uploads\/2011\/03\/EVT539E.jpg 640w\" sizes=\"(max-width: 300px) 100vw, 300px\" \/><\/a><p id=\"caption-attachment-3298\" class=\"wp-caption-text\">protectorat fran\u00e7ais au Maroc &#8211; 1912<\/p><\/div>\n<p>&#8220;Je ne suis pas et ne pourrai jamais \u00eatre le sultan qu&#8217;il vous faut. Je me suis rendu compte de ce qu&#8217;\u00e9tait un protectorat. Quels que soient les formes et les m\u00e9nagements que vous y apportiez, je sens que je ne serai plus le sultan qu&#8217;ont \u00e9t\u00e9 mes a\u00efeux.&#8221;<\/p>\n<p>Moulay Hafid, port\u00e9 au pouvoir en 1907 pour chasser les Fran\u00e7ais du Maroc, avoue son \u00e9chec en pronon\u00e7ant ces paroles. Ses fils ayant \u00e9t\u00e9 \u00e9cart\u00e9s, il est remplac\u00e9 par son fr\u00e8re Moulay Youssef, beaucoup plus souple et docile ; il sera un excellent instrument dans les mains fermes et habiles du g\u00e9n\u00e9ral Lyautey, premier r\u00e9sident g\u00e9n\u00e9ral.<\/p>\n<p>Depuis plusieurs ann\u00e9es, la p\u00e9n\u00e9tration militaire, la pacification et la pr\u00e9sence fran\u00e7aise se sont d\u00e9velopp\u00e9es syst\u00e9matiquement. La Convention de F\u00e8s, impos\u00e9e \u00e0 Moulay Hafid, institue le protectorat, tr\u00e8s semblable \u00e0 celui conclu avec la Tunisie. Le r\u00e9sident g\u00e9n\u00e9ral gouverne en fait le Maroc.<\/p>\n<h2><strong><span style=\"color: #800000;\">La question de l&#8217;empire Ottoman <\/span><\/strong><\/h2>\n<p>Les Anglais veulent maintenir l&#8217;expansion russe pour pr\u00e9server la route des Indes qu&#8217;ils contr\u00f4lent depuis la fin du XVIIIe si\u00e8cle, les Fran\u00e7ais souhaitent prot\u00e9ger leurs positions en Afrique du nord, les Autrichiens garder leur influence sur les Balkans; l&#8217;Empire est bien au centre de ces enjeux qu&#8217;on appelle la &#8220;question d&#8217;orient&#8221;.<\/p>\n<p>Au d\u00e9but du XIXe si\u00e8cle, en dehors des conflits aux fronti\u00e8res avec l&#8217;Autriche et la Russie, l&#8217;Empire ottoman doit faire face \u00e0 des r\u00e9bellions dans plusieurs provinces (Syrie, Bulgarie, Serbie) et \u00e0 une crise en Egypte.<\/p>\n<p>Le sultan Abdul-Medjid inaugure alors un \u00e8re de r\u00e9formes avec la promulgation de &#8220;l&#8217;\u00e9dit auguste&#8221; de G\u00fcl-Han\u00e9j(1839) qui consacre l&#8217;\u00e9galit\u00e9 de tous les sujets de l&#8217;Empire sans distinction de religion ou de nationalit\u00e9; s&#8217;y joignent des r\u00e9formes de l&#8217;imp\u00f4t (plus juste), du service militaire (tirage au sort pour tous) et de l&#8217;enseignement (plus populaire). Mais apr\u00e8s une courte p\u00e9riode d&#8217;accalmie, la crise des Lieux saints conduit \u00e0 la guerre de Crim\u00e9e (1854-55).<\/p>\n<p>Trait\u00e9 de Paris (1856), paix de San Stefano avec les Russes (mars 1878), Congr\u00e8s de Berlin (juin 1878) contribuent au d\u00e9membrement relatif de l&#8217;Empire : la Roumanie et la Serbie deviennent des \u00e9tats ind\u00e9pendants, la Roum\u00e9lie orientale est sacr\u00e9e province autonome, Chypre revient aux Anglais ; la France et l&#8217;Angleterre se partagent l&#8217;Afrique du nord. L&#8217;Empire ottoman est bien l'&#8221;homme malade de l&#8217;Europe&#8221;.<\/p>\n<p>Abdul-Hamid II, port\u00e9 au pouvoir par les r\u00e9formistes, reprend vite les r\u00eanes du pouvoir absolu et pr\u00f4ne une politique panislamiste tourn\u00e9 contre les minorit\u00e9s et en particulier le peuple arm\u00e9nien (massacres de 1894-96).<\/p>\n<p>Des difficult\u00e9s d&#8217;ordre financier et administratif, aggrav\u00e9es par la pression des grandes puissances qui ne r\u00eavent que de concessions mini\u00e8res ou p\u00e9troli\u00e8res, affaiblissent le pouvoir central en but \u00e0 une insurrection en Cr\u00e8te, \u00e0 un diff\u00e9rend avec la Russie sur la Bulgarie, \u00e0 la question de la Mac\u00e9doine et donc \u00e0 la &#8220;question balkanique&#8221; dans son ensemble.<\/p>\n<p>La r\u00e9volution des &#8220;Jeunes Turcs&#8221; essaie alors de constituer un empire lib\u00e9ral pour contrer l&#8217;influence europ\u00e9enne. Tr\u00e8s vite, ils sont contraints de suivre une ligne beaucoup plus autoritaire face aux urgences des guerres balkaniques (1911-12-13). Le soutien germanique, \u00e0 ces occasions, entra\u00eene les Turcs du c\u00f4t\u00e9 allemand dans le conflit mondial de 14-18. L&#8217;armistice de Moudros (1919), l&#8217;occupation de Smyrne par les Alli\u00e9s consacrent la d\u00e9faite turque et le d\u00e9membrement d\u00e9finitif de l&#8217;Empire ottoman.<\/p>\n<!-- google_ad_section_end -->","protected":false},"excerpt":{"rendered":"<!-- google_ad_section_start --><p>Au XIXe si\u00e8cle, \u00e2ge d&#8217;or du colonialisme, les r\u00e9voltes des peuples grondent d\u00e9j\u00e0. La notion de droit des peuples \u00e0 disposer d&#8217;eux-m\u00eames se fait jour, mais la France qui pr\u00f4ne ce droit, en exclut ses colonies! Les exemples ci-dessous \u00e9clairent&hellip;<\/p>\n<p class=\"more-link-p\"><a class=\"more-link\" href=\"https:\/\/mieux-se-connaitre.com\/wp4\/2011\/03\/colonialisme-revoltes\/\">Suite &rarr;<\/a><\/p>\n<!-- google_ad_section_end -->","protected":false},"author":1,"featured_media":0,"comment_status":"open","ping_status":"open","sticky":false,"template":"","format":"standard","meta":[],"categories":[7,150],"tags":[],"_links":{"self":[{"href":"https:\/\/mieux-se-connaitre.com\/wp4\/wp-json\/wp\/v2\/posts\/3234"}],"collection":[{"href":"https:\/\/mieux-se-connaitre.com\/wp4\/wp-json\/wp\/v2\/posts"}],"about":[{"href":"https:\/\/mieux-se-connaitre.com\/wp4\/wp-json\/wp\/v2\/types\/post"}],"author":[{"embeddable":true,"href":"https:\/\/mieux-se-connaitre.com\/wp4\/wp-json\/wp\/v2\/users\/1"}],"replies":[{"embeddable":true,"href":"https:\/\/mieux-se-connaitre.com\/wp4\/wp-json\/wp\/v2\/comments?post=3234"}],"version-history":[{"count":6,"href":"https:\/\/mieux-se-connaitre.com\/wp4\/wp-json\/wp\/v2\/posts\/3234\/revisions"}],"predecessor-version":[{"id":13662,"href":"https:\/\/mieux-se-connaitre.com\/wp4\/wp-json\/wp\/v2\/posts\/3234\/revisions\/13662"}],"wp:attachment":[{"href":"https:\/\/mieux-se-connaitre.com\/wp4\/wp-json\/wp\/v2\/media?parent=3234"}],"wp:term":[{"taxonomy":"category","embeddable":true,"href":"https:\/\/mieux-se-connaitre.com\/wp4\/wp-json\/wp\/v2\/categories?post=3234"},{"taxonomy":"post_tag","embeddable":true,"href":"https:\/\/mieux-se-connaitre.com\/wp4\/wp-json\/wp\/v2\/tags?post=3234"}],"curies":[{"name":"wp","href":"https:\/\/api.w.org\/{rel}","templated":true}]}}