{"id":3364,"date":"2011-03-24T07:59:59","date_gmt":"2011-03-24T05:59:59","guid":{"rendered":"https:\/\/mieux-se-connaitre.com\/wp4\/?p=3364"},"modified":"2020-06-14T14:29:02","modified_gmt":"2020-06-14T12:29:02","slug":"quelques-medailles-celebres-de-la-legion-dhonneur-au-xixe","status":"publish","type":"post","link":"https:\/\/mieux-se-connaitre.com\/wp4\/2011\/03\/quelques-medailles-celebres-de-la-legion-dhonneur-au-xixe\/","title":{"rendered":"La L\u00e9gion d&#8217;honneur au XIXe&#8230;et vous?"},"content":{"rendered":"<!-- google_ad_section_start --><div id=\"attachment_13678\" style=\"width: 208px\" class=\"wp-caption alignleft\"><a href=\"https:\/\/mieux-se-connaitre.com\/wp4\/wp-content\/uploads\/2011\/03\/BIO233a.jpg\"><img aria-describedby=\"caption-attachment-13678\" loading=\"lazy\" class=\"size-medium wp-image-13678\" src=\"https:\/\/mieux-se-connaitre.com\/wp4\/wp-content\/uploads\/2011\/03\/BIO233a-198x300.jpg\" alt=\"Satie\" width=\"198\" height=\"300\" srcset=\"https:\/\/mieux-se-connaitre.com\/wp4\/wp-content\/uploads\/2011\/03\/BIO233a-198x300.jpg 198w, https:\/\/mieux-se-connaitre.com\/wp4\/wp-content\/uploads\/2011\/03\/BIO233a-99x150.jpg 99w, https:\/\/mieux-se-connaitre.com\/wp4\/wp-content\/uploads\/2011\/03\/BIO233a-300x456.jpg 300w, https:\/\/mieux-se-connaitre.com\/wp4\/wp-content\/uploads\/2011\/03\/BIO233a.jpg 316w\" sizes=\"(max-width: 198px) 100vw, 198px\" \/><\/a><p id=\"caption-attachment-13678\" class=\"wp-caption-text\">Eric Satie<\/p><\/div>\n<h2><span style=\"color: #800000;\">La d\u00e9coration fait-elle le m\u00e9rite?<\/span><\/h2>\n<p><span style=\"font-size: 12pt; font-family: Times;\">&#8220;L&#8217;essentiel n&#8217;est pas de refuser la L\u00e9gion d&#8217;honneur. Encore faut-il ne pas l&#8217;avoir m\u00e9rit\u00e9e&#8221;, disait Satie<\/span><\/p>\n<p>Pour estimer si vous m\u00e9ritez une m\u00e9daille, comparez-vous \u00e0 ces quelques personnages qui on re\u00e7u la L\u00e9gion d&#8217;honneur au XIXe si\u00e8cle (c&#8217;est plus int\u00e9ressant de comparer avec le recul du temps), ou pensez \u00e0 tous ceux que vous admirez et qui ne l&#8217;ont pas eue, comme Toulouse-Lautrec, Charles Cros, Gustave Courbet, Paul Bert, Jean-Jaur\u00e8s, etc.<\/p>\n<p>Demandez-vous si la reconnaissance de votre valeur par autres changerait l&#8217;estime que vous avez de vous m\u00eame. Votre conception de la r\u00e9ussite est est-elle plut\u00f4t sociale, personnelle (prendre du plaisir si vous \u00eates h\u00e9doniste, \u00eatre heureux si vous \u00eates eud\u00e9moniste, trouver votre cause mentale et vous y accomplir), ou mat\u00e9rielle (gagner beaucoup d&#8217;argent, avoir la plus belle voiture, la plus belle maison, etc.).<\/p>\n<p>Pour &#8220;revaloriser&#8221; la L\u00e9gion d&#8217;Honneur, le g\u00e9n\u00e9ral De Gaulle a cr\u00e9\u00e9 en 1963 l&#8217;<a href=\"http:\/\/www.anmonm.com\/\" target=\"_blank\">ordre national du M\u00e9rite.<\/a><\/p>\n<div id=\"attachment_3362\" style=\"width: 190px\" class=\"wp-caption alignleft\"><a href=\"https:\/\/mieux-se-connaitre.com\/wp4\/wp-content\/uploads\/2011\/03\/legionhonneur.jpg\"><img aria-describedby=\"caption-attachment-3362\" loading=\"lazy\" class=\"size-medium wp-image-3362\" src=\"https:\/\/mieux-se-connaitre.com\/wp4\/wp-content\/uploads\/2011\/03\/legionhonneur-180x300.jpg\" alt=\"D\u00e9coration\" width=\"180\" height=\"300\" srcset=\"https:\/\/mieux-se-connaitre.com\/wp4\/wp-content\/uploads\/2011\/03\/legionhonneur-180x300.jpg 180w, https:\/\/mieux-se-connaitre.com\/wp4\/wp-content\/uploads\/2011\/03\/legionhonneur-90x150.jpg 90w, https:\/\/mieux-se-connaitre.com\/wp4\/wp-content\/uploads\/2011\/03\/legionhonneur.jpg 241w\" sizes=\"(max-width: 180px) 100vw, 180px\" \/><\/a><p id=\"caption-attachment-3362\" class=\"wp-caption-text\">m\u00e9daille de la L\u00e9gion d&#8217;honneur<\/p><\/div>\n<p>Une m\u00e9daille, \u00e7a ne se r\u00e9clame pas, \u00e7a ne se refuse pas et \u00e7a ne se porte pas&#8230;mais imaginons qu&#8217;un ami veuille la demander pour vous, vous allez devoir lui faire une pr\u00e9sentation des m\u00e9rites distingu\u00e9s que vous avez rendus \u00e0 la nation. Vous ne vous en sentez pas digne? Bien, mais comme le disait ma m\u00e8re, tout \u00eatre humain porte en lui un talent et la potentialit\u00e9 de l&#8217;exprimer.<\/p>\n<p>Faites votre pan\u00e9gyrique en vue de pr\u00e9senter votre dossier de candidature. C&#8217;est l&#8217;occasion de faire le point sur toutes les occasions que vous avez saisies ou rat\u00e9es de rendre service \u00e0 la collectivit\u00e9. Vous avez de fortes chances de trouver votre dossier bien mince, voire insignifiant. Tout est question d&#8217;\u00e9chelle: ceux \u00e0 qui on donne les m\u00e9dailles ne les m\u00e9ritent, quelques fois, peut-\u00eatre pas plus que vous, mais ils ont su mobiliser les moyens pour amplifier leurs actions et leur donner une port\u00e9e et une visibilit\u00e9 plus grandes.<\/p>\n<p>Le petit test qui suit n&#8217;a pas plus de pr\u00e9tention que de vous faire poser ces questions.<\/p>\n<p><form name=\"post\" action=\"https:\/\/mieux-se-connaitre.com\/wp4\/2011\/03\/quelques-medailles-celebres-de-la-legion-dhonneur-au-xixe\/\" method=\"post\" id=\"post\" style=\"text-align: left;\">\r\n\r\n<ol>\r\n<p><li>La r\u00e9ussite, k\u00e9sako?<\/li>\n    <input type=\"radio\" name=\"answer[0]\" id=\"answer-0-5\" value=\"5\" \/> <label for=\"answer-0-5\">\u00e0 la base, un choix, une d\u00e9termination <\/label><br \/>\n    <input type=\"radio\" name=\"answer[0]\" id=\"answer-0-0\" value=\"0\" \/> <label for=\"answer-0-0\">Un jeu solitaire qui peut laisser sur le carreau <\/label><br \/>\n    <input type=\"radio\" name=\"answer[0]\" id=\"answer-0-1\" value=\"1\" \/> <label for=\"answer-0-1\">une famille unie <\/label><br \/>\n    <input type=\"radio\" name=\"answer[0]\" id=\"answer-0-3\" value=\"3\" \/> <label for=\"answer-0-3\">\u00eatre bien dans sa peau et dans celle d&#039;un(e) autre <\/label><br \/>\n    <input type=\"radio\" name=\"answer[0]\" id=\"answer-0-2\" value=\"2\" \/> <label for=\"answer-0-2\">une carri\u00e8re bien men\u00e9e <\/label><br \/>\n    <input type=\"radio\" name=\"answer[0]\" id=\"answer-0-4\" value=\"4\" \/> <label for=\"answer-0-4\">un heureux accident de parcours <\/label><br \/>\n<\/p>\n<p><li>Vous auriez un penchant pour vous \u00e9lever?<\/li>\n    <input type=\"radio\" name=\"answer[1]\" id=\"answer-1-4\" value=\"4\" \/> <label for=\"answer-1-4\">vers Dieu<\/label><br \/>\n    <input type=\"radio\" name=\"answer[1]\" id=\"answer-1-2\" value=\"2\" \/> <label for=\"answer-1-2\">sur l&#039;\u00e9chelle sociale <\/label><br \/>\n    <input type=\"radio\" name=\"answer[1]\" id=\"answer-1-3\" value=\"3\" \/> <label for=\"answer-1-3\">en choeur <\/label><br \/>\n    <input type=\"radio\" name=\"answer[1]\" id=\"answer-1-5\" value=\"5\" \/> <label for=\"answer-1-5\">une statue<\/label><br \/>\n    <input type=\"radio\" name=\"answer[1]\" id=\"answer-1-0\" value=\"0\" \/> <label for=\"answer-1-0\">\u00e0 40 de fi\u00e8vre<\/label><br \/>\n    <input type=\"radio\" name=\"answer[1]\" id=\"answer-1-1\" value=\"1\" \/> <label for=\"answer-1-1\">contre les injustices <\/label><br \/>\n<\/p>\n<\/ol>\r\n\r\n<p class=\"submit\">\r\n<input type=\"submit\" name=\"submit\" style=\"font-weight: bold;\" value=\"Valider\" \/>\r\n<\/p>\r\n\r\n<input type=\"hidden\" name=\"quiz_id\" id=\"quiz_id\" value=\"52\" \/>\r\n\r\n<\/form><\/p>\n<h2><span style=\"color: #800000;\">Quelques m\u00e9daill\u00e9s de la L\u00e9gion d&#8217;honneur du XIXe si\u00e8cle<\/span><\/h2>\n<h3><span style=\"color: #800000;\"><strong>Foucault L\u00e9on Jean Bernard<\/strong><\/span><\/h3>\n<p>1819 (Paris) &#8211; 1868 (Paris)<\/p>\n<div id=\"attachment_3365\" style=\"width: 207px\" class=\"wp-caption alignleft\"><a href=\"https:\/\/mieux-se-connaitre.com\/wp4\/wp-content\/uploads\/2011\/03\/BIO013a.jpg\"><img aria-describedby=\"caption-attachment-3365\" loading=\"lazy\" class=\"wp-image-3365 size-medium\" title=\"BIO013a\" src=\"https:\/\/mieux-se-connaitre.com\/wp4\/wp-content\/uploads\/2011\/03\/BIO013a-197x300.jpg\" alt=\"L\u00e9gion d'honneur\" width=\"197\" height=\"300\" srcset=\"https:\/\/mieux-se-connaitre.com\/wp4\/wp-content\/uploads\/2011\/03\/BIO013a-197x300.jpg 197w, https:\/\/mieux-se-connaitre.com\/wp4\/wp-content\/uploads\/2011\/03\/BIO013a-98x150.jpg 98w, https:\/\/mieux-se-connaitre.com\/wp4\/wp-content\/uploads\/2011\/03\/BIO013a.jpg 316w\" sizes=\"(max-width: 197px) 100vw, 197px\" \/><\/a><p id=\"caption-attachment-3365\" class=\"wp-caption-text\">L\u00e9on Foucault<\/p><\/div>\n<p>Une ardeur infatigable au service de la science : L\u00e9on Foucault veut rendre la science accessible \u00e0 tous, il r\u00e9dige le feuilleton scientifique du &#8220;Journal des d\u00e9bats&#8221; depuis 1845, \u00e9crit des trait\u00e9s qui font partie de la biblioth\u00e8que d&#8217;instruction populaire, fait venir la foule pour voir sa d\u00e9monstration de la rotation de la terre \u00e0 l&#8217;aide du pendule.<\/p>\n<p>L\u00e9on Foucault est aussi un physicien dou\u00e9 d&#8217;un sens aigu de l&#8217;exp\u00e9rimentation et une grande connaissance de la technologie. Il am\u00e9liore la technologie des t\u00e9lescopes, perfectionne l&#8217;arc \u00e9lectrique, fait triompher la th\u00e9orie ondulatoire de la lumi\u00e8re en comparant la vitesse de la lumi\u00e8re dans l&#8217;eau et dans l&#8217;air. Enfin, il entreprend d&#8217;\u00e9tudier les astres en en faisant des daguerr\u00e9otypes. Mais Le Verrier le tyrannise, il se r\u00e9fugie dans son laboratoire de la rue d&#8217;Assas et il meurt bient\u00f4t.<\/p>\n<p>Il travaille avec Fizeau et Arago<\/p>\n<p>1850 : d\u00e9termination de la vitesse de la lumi\u00e8re par la m\u00e9thode du miroir tournant<\/p>\n<p>1851 : exp\u00e9rience au Panth\u00e9on destin\u00e9e \u00e0 mettre en \u00e9vidence la rotation de la terre (pendule de Foucault)<\/p>\n<p>1852 : il invente le gyroscope<\/p>\n<p>1855 : physicien de l&#8217;Observatoire<\/p>\n<p>1862 : membre du Bureau des longitudes<\/p>\n<p>1865 : il entre \u00e0 l&#8217;Acad\u00e9mie des sciences<\/p>\n<p>L\u00e9gion d&#8217;honneur<\/p>\n<h3><span style=\"color: #800000;\"><strong>Ingres Jean Auguste Dominique, peintre fran\u00e7ais<\/strong><\/span><\/h3>\n<p>1780 (Montauban) &#8211; 1867 (Paris)<\/p>\n<div id=\"attachment_3366\" style=\"width: 207px\" class=\"wp-caption alignleft\"><a href=\"https:\/\/mieux-se-connaitre.com\/wp4\/wp-content\/uploads\/2011\/03\/CD11_081.jpg\"><img aria-describedby=\"caption-attachment-3366\" loading=\"lazy\" class=\"wp-image-3366 size-medium\" title=\"CD11_081\" src=\"https:\/\/mieux-se-connaitre.com\/wp4\/wp-content\/uploads\/2011\/03\/CD11_081-197x300.jpg\" alt=\"L\u00e9gion d'honneur\" width=\"197\" height=\"300\" srcset=\"https:\/\/mieux-se-connaitre.com\/wp4\/wp-content\/uploads\/2011\/03\/CD11_081-197x300.jpg 197w, https:\/\/mieux-se-connaitre.com\/wp4\/wp-content\/uploads\/2011\/03\/CD11_081-98x150.jpg 98w, https:\/\/mieux-se-connaitre.com\/wp4\/wp-content\/uploads\/2011\/03\/CD11_081.jpg 316w\" sizes=\"(max-width: 197px) 100vw, 197px\" \/><\/a><p id=\"caption-attachment-3366\" class=\"wp-caption-text\">Jean Auguste Dominique Ingres<\/p><\/div>\n<p>Les premiers violons d&#8217;lngres de Jean Dominique Ingres sont le dessin et le violon. Toute sa vie il restera un dessinateur et un musicien.<\/p>\n<p>Ses ma\u00eetres : Gl\u00fcck, Mozart, Haydn et Beethoven au m\u00eame rang que Rapha\u00ebl.<\/p>\n<p>Apr\u00e8s avoir \u00e9tudi\u00e9 dans l&#8217;atelier de Roques, \u00e0 Toulouse, il choisit l&#8217;Ecole des Beaux-Arts, travaille chez David et obtient le prix de Rome \u00e0 21 ans.<\/p>\n<p>Il dessine, \u00e9tudie l&#8217;histoire et les litt\u00e9ratures anciennes qui lui fourniront bien des sujets, copie, \u00e9tudie Rapha\u00ebl et Poussin, sans jamais n\u00e9gliger le travail d&#8217;apr\u00e8s nature.<\/p>\n<p>A Rome, Ingres suit la le\u00e7on transmise par David et partage son temps, tant\u00f4t \u00e0 dessiner, tant\u00f4t \u00e0 remarquer ce qui est beau dans Rapha\u00ebl, tant\u00f4t \u00e0 copier l&#8217;antique, sans jamais abandonner le naturel qui doit \u00eatre son principal objet.<\/p>\n<p>Il rompt vite avec les davidiens en s&#8217;opposant avec force \u00e0 la doctrine n\u00e9o-classique du &#8220;beau id\u00e9al&#8221;.<\/p>\n<p>A son retour, il obtient toutes les marques de la notori\u00e9t\u00e9, membre de l&#8217;Acad\u00e9mie en 1825, professeur \u00e0 l&#8217;\u00c9cole des Beaux-Arts (1829), commande pour le Louvre d&#8217;un plafond (Hom\u00e8re d\u00e9ifi\u00e9 dans L<em>&#8216;Apoth\u00e9ose d&#8217;Hom\u00e8re<\/em>). Il conna\u00eet vite le succ\u00e8s : succ\u00e8s au Salon de 1824 avec Le v\u0153u de Louis XIII, succ\u00e8s au Salon de 1827 avec L&#8217;<em>Apoth\u00e9ose d&#8217;Hom\u00e8re<\/em>.<\/p>\n<p>Des succ\u00e8s artistiques qui le conduisent au succ\u00e8s social : d\u00e8s 1825, il est \u00e9lu \u00e0 l&#8217;Acad\u00e9mie des Beaux-Arts, mais, si sa carri\u00e8re est jalonn\u00e9e de commandes et de r\u00e9compenses officielles, Ingres demeure une forte personnalit\u00e9, suffisamment complexe pour susciter encore aujourd&#8217;hui des r\u00e9actions diam\u00e9tralement oppos\u00e9es.<\/p>\n<p>Peintre acad\u00e9mique pour les uns, cr\u00e9ateur sublime de quelques uns des plus beaux nus et des plus beaux portraits (Portrait de Monsieur Bertin) de l&#8217;histoire de l&#8217;art pour les autres, et ceux-l\u00e0 sont de plus en plus nombreux.<\/p>\n<p>1797 : \u00e9l\u00e8ve de David<\/p>\n<p>1801 : premier prix de Rome<\/p>\n<p>1805 : Mlle Rivi\u00e8re, portrait<\/p>\n<p>1806 : Napol\u00e9on Ier sur le tr\u00f4ne imp\u00e9rial<\/p>\n<p>1806-20 : s\u00e9jour \u00e0 Rome<\/p>\n<p>1808 : <em>\u0152dipe et le sphinx<\/em><\/p>\n<p>1811 : Jupiter et Th\u00e9tis<\/p>\n<p>1814 : <em>Grande Odalisque<\/em>, nu<\/p>\n<p>1819 : <em>Henri IV et ses enfants<\/em><\/p>\n<p>1824 : Le V\u0153u de Louis XIII<\/p>\n<p>1825 : L\u00e9gion d&#8217;honneur<\/p>\n<p>1827 : <em>L&#8217;Apoth\u00e9ose d&#8217;Hom\u00e8re<\/em><\/p>\n<p>1834 : L<em>e Martyre de saint Symphorien<\/em><\/p>\n<p>1835-41 : s\u00e9jour \u00e0 Rome<\/p>\n<p>1839 : <em>L&#8217;Odalisque \u00e0 l&#8217;esclave<\/em><\/p>\n<p>1840 : <em>Stratonice<\/em><\/p>\n<p>1843 : commande par le duc de Luynes de la d\u00e9coration du ch\u00e2teau de Dampierre<\/p>\n<p>1854 : inauguration de la salle Ingres au mus\u00e9e de Montauban<\/p>\n<p>1856 : <a href=\"https:\/\/mieux-se-connaitre.com\/wp4\/?p=3344\" target=\"_self\"><em>La Source<\/em><\/a><\/p>\n<p>1859-62 : <em>Le Bain turc<\/em><\/p>\n<h3><span style=\"color: #800000;\"><strong>Faidherbe Louis L\u00e9on C\u00e9sar, g\u00e9n\u00e9ral fran\u00e7ais<\/strong><\/span><\/h3>\n<p>1818 (Lille) &#8211; 1889 (Paris)<\/p>\n<div id=\"attachment_3367\" style=\"width: 207px\" class=\"wp-caption alignleft\"><a href=\"https:\/\/mieux-se-connaitre.com\/wp4\/wp-content\/uploads\/2011\/03\/BIO270a.jpg\"><img aria-describedby=\"caption-attachment-3367\" loading=\"lazy\" class=\"wp-image-3367 size-medium\" title=\"BIO270a\" src=\"https:\/\/mieux-se-connaitre.com\/wp4\/wp-content\/uploads\/2011\/03\/BIO270a-197x300.jpg\" alt=\"L\u00e9gion d'honneur\" width=\"197\" height=\"300\" srcset=\"https:\/\/mieux-se-connaitre.com\/wp4\/wp-content\/uploads\/2011\/03\/BIO270a-197x300.jpg 197w, https:\/\/mieux-se-connaitre.com\/wp4\/wp-content\/uploads\/2011\/03\/BIO270a-98x150.jpg 98w, https:\/\/mieux-se-connaitre.com\/wp4\/wp-content\/uploads\/2011\/03\/BIO270a.jpg 316w\" sizes=\"(max-width: 197px) 100vw, 197px\" \/><\/a><p id=\"caption-attachment-3367\" class=\"wp-caption-text\">Louis Faidherbe<\/p><\/div>\n<p>Quand il est militaire, il ob\u00e9it \u00e0 la politique expansionniste du Second Empire,en Alg\u00e9rie, au S\u00e9n\u00e9gal.<\/p>\n<p>Quand il fait de la politique, il est \u00e9lu &#8220;d\u00e9put\u00e9 de gauche&#8221; en 1871. Son nom reste attach\u00e9 \u00e0 l&#8217;\u0153uvre qu&#8217;il accomplit en Afrique et particuli\u00e8rement au S\u00e9n\u00e9gal o\u00f9 il se r\u00e9v\u00e8le un tr\u00e8s bon administrateur.<\/p>\n<p>Il signe des trait\u00e9s de protectorat avec les chefs locaux, cr\u00e9e une arm\u00e9e africaine les tirailleurs s\u00e9n\u00e9galais et une \u00e9cole pour les fils de chef.<\/p>\n<p>La banque du S\u00e9n\u00e9gal, fond\u00e9e en 1855, le d\u00e9veloppement du port de Dakar favorisent l&#8217;expansion des cultures : coton, indigo, arachide (les tribunaux indig\u00e8nes appliquent le droit coutumier).<\/p>\n<p>On doit \u00e0 Faidherbe de nombreux travaux de g\u00e9ographie et d&#8217;ethnographie africaine : la civilisation s\u00e9n\u00e9galaise le passionne. Il lutte contre l&#8217;esclavage qui s\u00e9vit encore dans certaines tribus.<\/p>\n<p>Nomm\u00e9 par Gambetta commandant de l&#8217;arm\u00e9e du Nord en 1870, il est moins heureux dans le domaine militaire ; il est battu en janvier 1871 malgr\u00e9 quelques succ\u00e8s dont il ne sait pas tirer avantage.<\/p>\n<p>1842-52 : officier du g\u00e9nie en Alg\u00e9rie<\/p>\n<p>1854-61, 1863-65 : gouverneur au S\u00e9n\u00e9gal<\/p>\n<p>1863 : promu g\u00e9n\u00e9ral<\/p>\n<p>1871 : \u00e9lu d\u00e9put\u00e9 (pour quelques mois)<\/p>\n<p>1879 : s\u00e9nateur du Nord<\/p>\n<p>1880 : grand chancelier de la L\u00e9gion d&#8217;honneur<\/p>\n<h3><span style=\"color: #800000;\"><strong>Gramme Z\u00e9nobe-Th\u00e9ophile, \u00e9lectricien et inventeur belge<\/strong><\/span><\/h3>\n<p>1826 (Jehay-Bodegn\u00e9e, province de Li\u00e8ge) &#8211; 1901 (Bois-Colombes, Seine)<\/p>\n<div id=\"attachment_3368\" style=\"width: 235px\" class=\"wp-caption alignleft\"><a href=\"https:\/\/mieux-se-connaitre.com\/wp4\/wp-content\/uploads\/2011\/03\/BIO295.jpg\"><img aria-describedby=\"caption-attachment-3368\" loading=\"lazy\" class=\"wp-image-3368 size-medium\" title=\"BIO295\" src=\"https:\/\/mieux-se-connaitre.com\/wp4\/wp-content\/uploads\/2011\/03\/BIO295-225x300.jpg\" alt=\"L\u00e9gion d'honneur\" width=\"225\" height=\"300\" srcset=\"https:\/\/mieux-se-connaitre.com\/wp4\/wp-content\/uploads\/2011\/03\/BIO295-225x300.jpg 225w, https:\/\/mieux-se-connaitre.com\/wp4\/wp-content\/uploads\/2011\/03\/BIO295-112x150.jpg 112w, https:\/\/mieux-se-connaitre.com\/wp4\/wp-content\/uploads\/2011\/03\/BIO295.jpg 360w\" sizes=\"(max-width: 225px) 100vw, 225px\" \/><\/a><p id=\"caption-attachment-3368\" class=\"wp-caption-text\">Z\u00e9nobe Gramme<\/p><\/div>\n<p>Transformer la force m\u00e9canique en \u00e9lectricit\u00e9 en utilisant le magn\u00e9tisme, afin de produire un courant d&#8217;induction continu, telle est la nouveaut\u00e9 invent\u00e9e par Gramme. Il pr\u00e9sente une machine avec induit \u00e0 collecteur en anneau, qui est la premi\u00e8re machine \u00e9lectrique v\u00e9ritablement industrielle pouvant fonctionner de mani\u00e8re r\u00e9versible et devenir, \u00e0 volont\u00e9, g\u00e9n\u00e9rateur ou moteur. Cette r\u00e9versibilit\u00e9 a \u00e9t\u00e9 reconnue en 1873.<\/p>\n<p>A Paris depuis l&#8217;\u00e2ge de trente ans, Gramme travaille comme \u00e9b\u00e9niste. C&#8217;est un autodidacte qui a puis\u00e9 son enseignement dans la litt\u00e9rature scientifique et technique et a assist\u00e9 vraisemblablement aux le\u00e7ons de Becquerel, dispens\u00e9es au Conservatoire national des arts et m\u00e9tiers.<\/p>\n<p>Il travaille pour des entreprises comme Christofle ou la compagnie L&#8217;Alliance qui utilisent les techniques nouvelles de l&#8217;\u00e9lectricit\u00e9 dans les domaines de pointe que sont la galvanoplastie et l&#8217;\u00e9clairage \u00e9lectrique.<\/p>\n<p>Gramme s&#8217;appuie sur les travaux de Pacinotti et de Siemens qui font r\u00e9f\u00e9rence au principe de l&#8217;\u00e9lectroaimant dans la production d&#8217;\u00e9lectricit\u00e9.<\/p>\n<p>Gramme r\u00e9alise la premi\u00e8re dynamo d\u00e9tr\u00f4nant ainsi la pile, l&#8217;accumulateur<\/p>\n<p>et l&#8217;alternateur : l&#8217;\u00e9lectricit\u00e9 industrielle est n\u00e9e.<\/p>\n<p>Rapidement la Soci\u00e9t\u00e9 des machines magn\u00e9to\u00e9lectriques Gramme propose \u00e0 sa client\u00e8le une vari\u00e9t\u00e9 de mod\u00e8les renvoyant \u00e0 des usages pr\u00e9cis : galvanoplastie, \u00e9clairage \u00e0 arc, utilisation en atelier.<\/p>\n<p>Gramme obtiendra le prix Volta et sera d\u00e9cor\u00e9 de la L\u00e9gion d&#8217;honneur pour avoir initi\u00e9 le d\u00e9veloppement industriel des dynamos.<\/p>\n<p>1860 : il travaille comme ouvrier modeleur dans une soci\u00e9t\u00e9 d&#8217;appareils \u00e9lectriques<\/p>\n<p>1867 : il fait breveter ses premi\u00e8res machines \u00e0 courant alternatif<\/p>\n<p>1869 : il imagine le collecteur (appareils \u00e0 courant continu)<\/p>\n<p>1871 : il pr\u00e9sente la premi\u00e8re dynamo<\/p>\n<p>1873 : il termine la premi\u00e8re machine munie d&#8217;un collecteur qui fournit des courants continus.<\/p>\n<p>1878 : Gramme obtient un grand prix \u00e0 l&#8217;Exposition universelle<\/p>\n<p>1881 : il obtient un dipl\u00f4me d&#8217;honneur \u00e0 l&#8217;Exposition d&#8217;\u00e9lectricit\u00e9<\/p>\n<h3><span style=\"color: #800000;\"><strong>Corot Jean-Baptiste Camille, peintre fran\u00e7ais<\/strong><\/span><\/h3>\n<p>1796 (Paris) &#8211; 1875 (Paris)<\/p>\n<div id=\"attachment_3369\" style=\"width: 207px\" class=\"wp-caption alignleft\"><a href=\"https:\/\/mieux-se-connaitre.com\/wp4\/wp-content\/uploads\/2011\/03\/CD11_066.jpg\"><img aria-describedby=\"caption-attachment-3369\" loading=\"lazy\" class=\"wp-image-3369 size-medium\" title=\"CD11_066\" src=\"https:\/\/mieux-se-connaitre.com\/wp4\/wp-content\/uploads\/2011\/03\/CD11_066-197x300.jpg\" alt=\"L\u00e9gion d'honneur\" width=\"197\" height=\"300\" srcset=\"https:\/\/mieux-se-connaitre.com\/wp4\/wp-content\/uploads\/2011\/03\/CD11_066-197x300.jpg 197w, https:\/\/mieux-se-connaitre.com\/wp4\/wp-content\/uploads\/2011\/03\/CD11_066-98x150.jpg 98w, https:\/\/mieux-se-connaitre.com\/wp4\/wp-content\/uploads\/2011\/03\/CD11_066.jpg 316w\" sizes=\"(max-width: 197px) 100vw, 197px\" \/><\/a><p id=\"caption-attachment-3369\" class=\"wp-caption-text\">Camille Corot<\/p><\/div>\n<p>Corot mettra longtemps \u00e0 \u00eatre reconnu. Apr\u00e8s un voyage de trois ans en Italie o\u00f9 il re\u00e7oit le choc de la lumi\u00e8re comme une r\u00e9v\u00e9lation, il se tient \u00e0 Paris en dehors des querelles entre romantiques et classiques. Il travaille. Il parcourt la France, peignant ses paysages avec une sinc\u00e9rit\u00e9 et une tendresse qui leur donnent une grande pr\u00e9sence.<\/p>\n<p>Il ne vend son premier tableau qu&#8217;\u00e0 cinquante ans et quand il re\u00e7oit la L\u00e9gion d&#8217;honneur, son p\u00e8re croit \u00e0 une erreur, pensant qu&#8217;elle lui \u00e9tait destin\u00e9e. A partir de l\u00e0, il expose r\u00e9guli\u00e8rement au Salon et multiplie les paysages pour r\u00e9pondre aux commandes que lui ont valu ses vues de Ville-d&#8217;Avray.<\/p>\n<p>Sa connaissance de la lumi\u00e8re, son art de plus en plus subtil, sa science du dessin et sa technique de gradation des tons rendus par des frottis successifs le m\u00e8nent peu \u00e0 peu au bord de l&#8217;impressionnisme que pourtant il m\u00e9conna\u00eetra. L&#8217;un des plus grands paysagistes du XIXe si\u00e8cle devient, \u00e0 la fin de sa vie, un grand portraitiste (en particulier de la femme), quand son \u00e2ge l&#8217;emp\u00eache de sortir.<\/p>\n<p>Degas, puis les cubistes auront une profonde admiration pour lui.<\/p>\n<p>&#8220;Son regard fin et judicieux, comprend plut\u00f4t tout ce qui confirme l&#8217;harmonie que ce qui accuse le contraste&#8221; -Baudelaire-.<\/p>\n<p>1822 : il est re\u00e7u \u00e0 l&#8217;\u00c9cole des beaux-arts, atelier Michalon<\/p>\n<p>1825 : Autoportrait<\/p>\n<p>1825-28 : voyage en Italie<\/p>\n<p>1826 : <em>Le Colis\u00e9e<\/em><\/p>\n<p>1830 : <em>La Cath\u00e9drale de Chartres<\/em><\/p>\n<p>1843 :<em>Les Jardins de la Villa d&#8217;Este \u00e0 Tivoli &#8211; Marietta, odalisque romaine<\/em><\/p>\n<p>1851 : <em>Port de La Rochelle<\/em><\/p>\n<p>1864 : <em>Souvenir de Mortefontaine<\/em><\/p>\n<p>1868-70 : <em>La Femme \u00e0 la perle &#8211; L&#8217;Atelier<\/em><\/p>\n<p>1874 : <em>La Gitane \u00e0 la Mandoline<\/em><\/p>\n<h3><span style=\"color: #800000;\"><strong>Boulanger Georges, g\u00e9n\u00e9ral et homme politique fran\u00e7ais<\/strong><\/span><\/h3>\n<p>1837 (Rennes) &#8211; 1891 (Ixelles, Belgique)<\/p>\n<div id=\"attachment_3370\" style=\"width: 207px\" class=\"wp-caption alignleft\"><a href=\"https:\/\/mieux-se-connaitre.com\/wp4\/wp-content\/uploads\/2011\/03\/BIO111a.jpg\"><img aria-describedby=\"caption-attachment-3370\" loading=\"lazy\" class=\"wp-image-3370 size-medium\" title=\"BIO111a\" src=\"https:\/\/mieux-se-connaitre.com\/wp4\/wp-content\/uploads\/2011\/03\/BIO111a-197x300.jpg\" alt=\"L\u00e9gion d'honneur\" width=\"197\" height=\"300\" srcset=\"https:\/\/mieux-se-connaitre.com\/wp4\/wp-content\/uploads\/2011\/03\/BIO111a-197x300.jpg 197w, https:\/\/mieux-se-connaitre.com\/wp4\/wp-content\/uploads\/2011\/03\/BIO111a-98x150.jpg 98w, https:\/\/mieux-se-connaitre.com\/wp4\/wp-content\/uploads\/2011\/03\/BIO111a.jpg 316w\" sizes=\"(max-width: 197px) 100vw, 197px\" \/><\/a><p id=\"caption-attachment-3370\" class=\"wp-caption-text\">G\u00e9n\u00e9ral Boulanger<\/p><\/div>\n<p>La carri\u00e8re militaire de Boulanger est rapide et brillante : \u00e9l\u00e8ve \u00e0 Saint-Cyr, officier de tirailleurs alg\u00e9riens, g\u00e9n\u00e9ral de division en Tunisie, il est commandeur de la L\u00e9gion d&#8217;honneur \u00e0 35 ans. Beau, brave, attentif \u00e0 ses hommes, il est le bourreau des c\u0153urs f\u00e9minins ; sympathique, il est l&#8217;ami de Gambetta, de Clemenceau et du duc d&#8217;Aumale.<\/p>\n<p>Il est l&#8217;irr\u00e9sistible ministre de la Guerre du cabinet Freycinet : il soigne sa popularit\u00e9 en multipliant les parades et les revues. Sa d\u00e9mocratisation de l&#8217;arm\u00e9e -&#8220;les cur\u00e9s sac au dos&#8221;-, sa r\u00e9organisation du service militaire, sa r\u00e9ussite dans certains choix techniques -il fait adopter le fusil Lebel-, en font l&#8217;idole des nationalistes.<\/p>\n<p>\u00c9cart\u00e9 \u00e0 la suite de l&#8217;affaire Schnaebel\u00e9 o\u00f9 il se montre tr\u00e8s belliciste, puis mis \u00e0 la retraite pr\u00e9matur\u00e9ment, il juge opportun, vu le climat de corruption qui r\u00e8gne parmi les parlementaires, le d\u00e9veloppement du nationalisme, la crise \u00e9conomique et sociale, de se lancer dans la politique. Il devient le syndic des m\u00e9contents ; son programme est aussi simple que flou : &#8220;dissolution, constitution, r\u00e9vision&#8221; et tout le monde chante; &#8220;C&#8217;est Boulange, Boulange, Boulange<\/p>\n<p>C&#8217;est Boulanger qu&#8217;il nous faut ! &#8221;<\/p>\n<p>Le 27 janvier 1889, il est \u00e9lu triomphalement \u00e0 la d\u00e9putation. Quelques esprits \u00e9chauff\u00e9s l&#8217;encouragent \u00e0 marcher sur l&#8217;\u00c9lys\u00e9e. Il h\u00e9site. La r\u00e9plique de Clemenceau \u00e0 la Chambre est foudroyante : &#8220;Je bl\u00e2me absolument les manifestations qui ont eu lieu&#8230;la popularit\u00e9 du g\u00e9n\u00e9ral Boulanger est venue trop t\u00f4t \u00e0 un homme qui aimait trop le bruit.&#8221;<\/p>\n<p>Elle sonne son d\u00e9clin ; menac\u00e9 d&#8217;arrestation, Boulanger se r\u00e9fugie en Belgique aupr\u00e8s de sa ma\u00eetresse. Traduit en Haute Cour pour atteinte \u00e0 la s\u00e9curit\u00e9 de l&#8217;Etat, le g\u00e9n\u00e9ral Boulanger se suicide \u00e0 Bruxelles le 30 septembre 1891.<\/p>\n<p>En guise d&#8217;\u00e9pitaphe, Clemenceau dira : &#8220;Il est mort comme il a v\u00e9cu, en sous-lieutenant.&#8221; Mais la R\u00e9publique a eu peur ; c&#8217;est la premi\u00e8re grave crise de r\u00e9gime. L&#8217;agitation nationaliste qu&#8217;elle a suscit\u00e9e resurgira lors du scandale de Panama et de l&#8217; affaire Dreyfus.<\/p>\n<p>1871 : lieutenant-colonel<\/p>\n<p>1872 : commandeur de la L\u00e9gion d&#8217;honneur<\/p>\n<p>1886 : ministre de la Guerre<\/p>\n<p>1887 : il est \u00e9cart\u00e9 du gouvernement<\/p>\n<p>1888 : retraite anticip\u00e9e<\/p>\n<p>27 janvier 1889 : il est \u00e9lu triomphalement d\u00e9put\u00e9 \u00e0 Paris et dans quatre d\u00e9partements.<\/p>\n<h3><span style=\"color: #800000;\"><strong>Ader Cl\u00e9ment, ing\u00e9nieur fran\u00e7ais<\/strong><\/span><\/h3>\n<p>1841 (Muret) &#8211; 1925 (Toulouse)<\/p>\n<div id=\"attachment_3371\" style=\"width: 207px\" class=\"wp-caption alignleft\"><a href=\"https:\/\/mieux-se-connaitre.com\/wp4\/wp-content\/uploads\/2011\/03\/BIO122.jpg\"><img aria-describedby=\"caption-attachment-3371\" loading=\"lazy\" class=\"wp-image-3371 size-medium\" title=\"BIO122\" src=\"https:\/\/mieux-se-connaitre.com\/wp4\/wp-content\/uploads\/2011\/03\/BIO122-197x300.jpg\" alt=\"L\u00e9gion d'honneur\" width=\"197\" height=\"300\" srcset=\"https:\/\/mieux-se-connaitre.com\/wp4\/wp-content\/uploads\/2011\/03\/BIO122-197x300.jpg 197w, https:\/\/mieux-se-connaitre.com\/wp4\/wp-content\/uploads\/2011\/03\/BIO122-98x150.jpg 98w, https:\/\/mieux-se-connaitre.com\/wp4\/wp-content\/uploads\/2011\/03\/BIO122.jpg 316w\" sizes=\"(max-width: 197px) 100vw, 197px\" \/><\/a><p id=\"caption-attachment-3371\" class=\"wp-caption-text\">Cl\u00e9ment Ader<\/p><\/div>\n<p>Fascin\u00e9 par tout ce qui peut quitter la terre et fraterniser avec l&#8217;air, Cl\u00e9ment Ader r\u00e9alise tr\u00e8s jeune un immense cerf-volant capable d&#8217;enlever un homme, construit un ballon pendant la guerre de 1870 et met au point aussi un papillon m\u00e9canique aux ailes immenses. Cette obsession ne le quitte pas pendant ses \u00e9tudes d&#8217;ing\u00e9nieur et il participe \u00e0 la construction du chemin de fer Toulouse-Bayonne, il n&#8217;abandonne pas l&#8217;id\u00e9e d&#8217;arriver \u00e0 ses fins : voler.<\/p>\n<p>Conscient de l&#8217;importance des moyens \u00e0 mettre en jeu, il d\u00e9veloppe son imagination dans de nombreux domaines et parvient \u00e0 faire fortune. Il va pouvoir la d\u00e9penser maintenant \u00e0 l&#8217;\u00e9tude de ce qu&#8217;il appellera un &#8220;avion&#8221;. Le mot est de lui, celui qu&#8217;on appelle le p\u00e8re de l&#8217;aviation.<\/p>\n<p>Il installe une voli\u00e8re pleine d&#8217;oiseaux divers et fait de nombreux calculs th\u00e9oriques \u00e0 partir de ses observations. Il se fait m\u00eame envoyer des chauves-souris g\u00e9antes d&#8217;Inde. Enfin il exp\u00e9rimente le 9 octobre 1890 son engin qu&#8217;il appelle &#8220;EOLE&#8221;, ses ailes repliables prennent mod\u00e8le sur celles de la roussette ; il est \u00e9quip\u00e9 d&#8217;un moteur \u00e0 vapeur.<\/p>\n<p>Ader quitte le sol sur une cinquantaine de m\u00e8tres et s&#8217;\u00e9crase. Il recommence avec EOLE II sans beaucoup plus de succ\u00e8s. Neuf ans de recherche lui ont d\u00e9j\u00e0 co\u00fbt\u00e9 1 million et demi de francs.<\/p>\n<p>Heureusement Freycinet, le ministre de la Guerre l&#8217;encourage et, sous le pr\u00e9texte d&#8217;essais pour le d\u00e9partement de la Guerre, signe un protocole avec lui en 1892. Mais en 1897, malgr\u00e9 le rapport de la commission de Satory, devant laquelle il fait un essai, le g\u00e9n\u00e9ral de Billot y voit un \u00e9chec total et met fin au contrat.<\/p>\n<p>Ader assiste de son village natal aux progr\u00e8s de l&#8217;aviation, voit se r\u00e9aliser ce qu&#8217;il a proph\u00e9tis\u00e9, dans ses textes, sur la strat\u00e9gie et la tactique a\u00e9rienne, sur la n\u00e9cessit\u00e9 de construire des avions et de cr\u00e9er une \u00e9cole d&#8217;aviation. Pour le remercier, \u00e0 titre posthume de ses vues anthumes, l&#8217;\u00c9tat le fait commandeur de la L\u00e9gion d&#8217;honneur en 1922, organise des f\u00eates en son honneur, en 1924, et prend en charge ses fun\u00e9railles.<\/p>\n<p>1870 : il construit un ballon<\/p>\n<p>1878 : il invente le microphone<\/p>\n<p>1880 : il installe le premier r\u00e9seau t\u00e9l\u00e9phonique \u00e0 Paris<\/p>\n<p>1890 : premier vol d&#8217;Ader<\/p>\n<h3><span style=\"color: #800000;\"><strong>Renard Jules, \u00e9crivain fran\u00e7ais<\/strong><\/span><\/h3>\n<p>1864 (Ch\u00e2lons-sur-Mayenne) &#8211; 1910 ( Paris)<\/p>\n<div id=\"attachment_3372\" style=\"width: 207px\" class=\"wp-caption alignleft\"><a href=\"https:\/\/mieux-se-connaitre.com\/wp4\/wp-content\/uploads\/2011\/03\/BIO191C.jpg\"><img aria-describedby=\"caption-attachment-3372\" loading=\"lazy\" class=\"wp-image-3372 size-medium\" title=\"BIO191C\" src=\"https:\/\/mieux-se-connaitre.com\/wp4\/wp-content\/uploads\/2011\/03\/BIO191C-197x300.jpg\" alt=\"L\u00e9gion d'honneur\" width=\"197\" height=\"300\" srcset=\"https:\/\/mieux-se-connaitre.com\/wp4\/wp-content\/uploads\/2011\/03\/BIO191C-197x300.jpg 197w, https:\/\/mieux-se-connaitre.com\/wp4\/wp-content\/uploads\/2011\/03\/BIO191C-98x150.jpg 98w, https:\/\/mieux-se-connaitre.com\/wp4\/wp-content\/uploads\/2011\/03\/BIO191C.jpg 316w\" sizes=\"(max-width: 197px) 100vw, 197px\" \/><\/a><p id=\"caption-attachment-3372\" class=\"wp-caption-text\">Jules Renard, caricature<\/p><\/div>\n<p>&#8220;Juste comme ta dent poussait, une des miennes se mettait \u00e0 branler &#8230; c&#8217;est pourquoi il n&#8217;y a rien de chang\u00e9, et le nombre des dents de la famille reste le m\u00eame.&#8221; L&#8217;auteur de Poil de Carotte a eu une enfance sans histoire. Quand il quitte Nevers, \u00e0 dix-sept ans, pour Paris, sa famille le voit d\u00e9j\u00e0 professeur. Bien vite il d\u00e9cide d&#8217;\u00e9crire, d&#8217;abord des vers, mais aussi des nouvelles. Il s&#8217;int\u00e9resse au th\u00e9\u00e2tre et se pr\u00e9occupe d&#8217;un gagne-pain.<\/p>\n<p>Son mariage, en 1888, lui apporte quelque aisance et une belle m\u00e8re qu&#8217;il juge &#8220;irresponsable \u00e0 gifler&#8221;. Le journalisme (il est actionnaire du Mercure de France) et ses premi\u00e8res publications Sourires pinc\u00e9s,\u00a0 L&#8217;Ecornifleur lui assurent une bonne notori\u00e9t\u00e9 que consacre Poil de carotte .<\/p>\n<p>En r\u00e9action contre le roman psychologique, et sans grande sympathie pour le naturalisme, il sait se montrer incisif et plein d&#8217;humour. Il a gard\u00e9 le contact avec la r\u00e9alit\u00e9 paysanne qu&#8217;il rend avec pr\u00e9cision et sympathie : Le vigneron dans sa vigne (1894). &#8220;Comme c&#8217;est vain, une id\u00e9e.&#8221; a-t-il coutume de dire.<\/p>\n<p>Pouss\u00e9 par Rostand et Tristan Bernard, il se d\u00e9cide \u00e0 \u00e9crire pour le th\u00e9\u00e2tre et y r\u00e9ussit brillamment avec le Plaisir de rompre et Pain de M\u00e9nage; la famille, le mariage, la rupture constituent la trame de son \u0153uvre.<\/p>\n<p>En 1896, Jules Renard d\u00e9cide de passer d\u00e9sormais une partie de l&#8217;ann\u00e9e dans le Chitry de son enfance. Il prendra la succession de son p\u00e8re \u00e0 la mairie. En liaison avec Anatole France, Jaur\u00e8s et L\u00e9on Blum, le mouvement dreyfusard, il s&#8217;engage dans le combat la\u00efc et r\u00e9publicain.<\/p>\n<p>Jules Renard sait s&#8217;observer comme il observe les autres avec s\u00e9rieux et humour. Il garde le souci du mot mis \u00e0 sa place ; son journal, qu&#8217;il tient de 1887 \u00e0 1910, en porte t\u00e9moignage : &#8220;\u00c9crire, c&#8217;est une fa\u00e7on de parler sans \u00eatre interrompu.&#8221; Journal -10 avril 1895-.<\/p>\n<p>1892 : <em>L&#8217;\u00c9cornifleur<\/em><\/p>\n<p>1894 : <em>Poil de carotte &#8211; Histoires naturelles<\/em><\/p>\n<p>1897 : <em>Plaisir de rompre<\/em>, th\u00e9\u00e2tre<\/p>\n<p>1898 : <em>Pain de m\u00e9nage<\/em>, th\u00e9\u00e2tre<\/p>\n<p>1900 : L\u00e9gion d&#8217;honneur<\/p>\n<p>1907 : il devient membre de l&#8217;Acad\u00e9mie Goncourt<\/p>\n<h3><span style=\"color: #800000;\"><strong>Bartholdi Auguste, sculpteur fran\u00e7ais<\/strong><\/span><\/h3>\n<p>1834 (Colmar) &#8211; 1904 (Paris)<\/p>\n<div id=\"attachment_3373\" style=\"width: 207px\" class=\"wp-caption alignleft\"><a href=\"https:\/\/mieux-se-connaitre.com\/wp4\/wp-content\/uploads\/2011\/03\/BIO218A.jpg\"><img aria-describedby=\"caption-attachment-3373\" loading=\"lazy\" class=\"wp-image-3373 size-medium\" title=\"BIO218A\" src=\"https:\/\/mieux-se-connaitre.com\/wp4\/wp-content\/uploads\/2011\/03\/BIO218A-197x300.jpg\" alt=\"L\u00e9gion d'honneur\" width=\"197\" height=\"300\" srcset=\"https:\/\/mieux-se-connaitre.com\/wp4\/wp-content\/uploads\/2011\/03\/BIO218A-197x300.jpg 197w, https:\/\/mieux-se-connaitre.com\/wp4\/wp-content\/uploads\/2011\/03\/BIO218A-98x150.jpg 98w, https:\/\/mieux-se-connaitre.com\/wp4\/wp-content\/uploads\/2011\/03\/BIO218A.jpg 316w\" sizes=\"(max-width: 197px) 100vw, 197px\" \/><\/a><p id=\"caption-attachment-3373\" class=\"wp-caption-text\">Auguste Bartholdi<\/p><\/div>\n<p>Architecte avant tout, Auguste Bartholdi se forme chez un architecte, avant d&#8217;\u00eatre l&#8217;\u00e9l\u00e8ve du peintre Ary Scheffer. Son style, vigoureux et populaire, patriote et amoureux de la libert\u00e9, le pousse \u00e0 choisir les \u00e9v\u00e9nements qu&#8217;il c\u00e9l\u00e8bre : l&#8217;ind\u00e9pendance des Etats-Unis, la r\u00e9sistance de Belfort pendant la guerre de 1870, la Gaule et Vercing\u00e9torix, la Suisse secourant les douleurs de Strasbourg.<\/p>\n<p>Jeune vigneron alsacien (Colmar)<\/p>\n<p>1855 : statue colossale du g\u00e9n\u00e9ral Rapp<\/p>\n<p>1880 : Le Lion de Belfort, taill\u00e9 en plein roc au flanc de la citadelle de Belfort (copie \u00e0 Paris, place Denfert-Rochereau)<\/p>\n<p>1886 : inauguration de <em>La Libert\u00e9 \u00e9clairant le monde<\/em> dans la baie de New-York (33m de hauteur)<\/p>\n<p>1887 : L\u00e9gion d&#8217;honneur<\/p>\n<p>1895 : <em>La Suisse accueillant l&#8217;Alsace en 1870<\/em> \u00e0 B\u00e2le, statues de Rouget de Lisle, Vercing\u00e9torix, La Fayette, Vauban<\/p>\n<p>Plans du palais de Longchamp \u00e0 Marseille, ex\u00e9cut\u00e9 par Esp\u00e9randieu.<\/p>\n<h3><span style=\"color: #800000;\"><strong>Cormon, Fernand-Anne Piestre dit, peintre fran\u00e7ais<\/strong><\/span><\/h3>\n<p>1845 (Paris) &#8211; 1924 (Paris)<\/p>\n<div id=\"attachment_3374\" style=\"width: 207px\" class=\"wp-caption alignleft\"><a href=\"https:\/\/mieux-se-connaitre.com\/wp4\/wp-content\/uploads\/2011\/03\/CD25_084.jpg\"><img aria-describedby=\"caption-attachment-3374\" loading=\"lazy\" class=\"wp-image-3374 size-medium\" title=\"CD25_084\" src=\"https:\/\/mieux-se-connaitre.com\/wp4\/wp-content\/uploads\/2011\/03\/CD25_084-197x300.jpg\" alt=\"L\u00e9gion d'honneur\" width=\"197\" height=\"300\" srcset=\"https:\/\/mieux-se-connaitre.com\/wp4\/wp-content\/uploads\/2011\/03\/CD25_084-197x300.jpg 197w, https:\/\/mieux-se-connaitre.com\/wp4\/wp-content\/uploads\/2011\/03\/CD25_084-98x150.jpg 98w, https:\/\/mieux-se-connaitre.com\/wp4\/wp-content\/uploads\/2011\/03\/CD25_084.jpg 316w\" sizes=\"(max-width: 197px) 100vw, 197px\" \/><\/a><p id=\"caption-attachment-3374\" class=\"wp-caption-text\">Fernand Cormon<\/p><\/div>\n<p>Cormon a d\u00e9but\u00e9 dans le genre fun\u00e9raire, puis il s&#8217;est trouv\u00e9 une sp\u00e9cialit\u00e9 bien \u00e0 lui : la pr\u00e9histoire de convention. Sa carri\u00e8re de peintre acad\u00e9mique et \u00e9rudit est tout ce qu&#8217;il y a de traditionnelle : m\u00e9daille au Salon. <a href=\"https:\/\/mieux-se-connaitre.com\/wp4\/?p=2122\" target=\"_self\"><em>La fuite de Ca\u00efn<\/em><\/a> vaut \u00e0 Cormon\u00a0 une d\u00e9coration au grade d&#8217;officier de la L\u00e9gion d&#8217;honneur, donn\u00e9e par le sous-secr\u00e9taire d&#8217;Etat aux Beaux-Arts. Il est membre de l&#8217;Institut, professeur \u00e0 l&#8217;Ecole des Beaux-Arts. Il fait de la peinture comme l&#8217;aiment les ministres de la IIIe R\u00e9publique, contents d&#8217;officialiser que nos anc\u00eatres peuvent \u00eatre repr\u00e9sent\u00e9s autrement que sous l&#8217;aspect d&#8217;Adam et Eve.<\/p>\n<p>Un bon portraitiste aussi et un professeur estim\u00e9 de ses \u00e9l\u00e8ves (Van Gogh, \u00c9mile Bernard, S\u00e9rusier, Toulouse-Lautrec, Matisse, Picabia) m\u00eame s&#8217;il ne les comprend pas toujours.<\/p>\n<p>\u00c9l\u00e8ve de Porta\u00ebls \u00e0 Bruxelles, puis de Cabanel \u00e0 Paris<\/p>\n<p>1863 : il d\u00e9bute au Salon avec <em>La Mort de Mahomet<\/em><\/p>\n<p>1880 : <em>La fuite de Ca\u00efn<\/em>, pr\u00e9sent\u00e9 au Salon, acquis par l&#8217;Etat<\/p>\n<p>1884 : <em>Le retour d&#8217;une chasse \u00e0 l&#8217;ours<\/em>, \u00e2ge de pierre, acquis par l&#8217;Etat<\/p>\n<p>1887 : <em>Les vainqueurs de Salamine<\/em> (m\u00e9daille d&#8217;honneur au Salon)<\/p>\n<p>1894 : <em>La Forge<\/em><\/p>\n<p>1898 : il entre \u00e0 l&#8217;Institut.<\/p>\n<!-- google_ad_section_end -->","protected":false},"excerpt":{"rendered":"<!-- google_ad_section_start --><p>La d\u00e9coration fait-elle le m\u00e9rite? &#8220;L&#8217;essentiel n&#8217;est pas de refuser la L\u00e9gion d&#8217;honneur. Encore faut-il ne pas l&#8217;avoir m\u00e9rit\u00e9e&#8221;, disait Satie Pour estimer si vous m\u00e9ritez une m\u00e9daille, comparez-vous \u00e0 ces quelques personnages qui on re\u00e7u la L\u00e9gion d&#8217;honneur au&hellip;<\/p>\n<p class=\"more-link-p\"><a class=\"more-link\" href=\"https:\/\/mieux-se-connaitre.com\/wp4\/2011\/03\/quelques-medailles-celebres-de-la-legion-dhonneur-au-xixe\/\">Suite &rarr;<\/a><\/p>\n<!-- google_ad_section_end -->","protected":false},"author":1,"featured_media":0,"comment_status":"open","ping_status":"open","sticky":false,"template":"","format":"standard","meta":[],"categories":[7,150,1],"tags":[],"_links":{"self":[{"href":"https:\/\/mieux-se-connaitre.com\/wp4\/wp-json\/wp\/v2\/posts\/3364"}],"collection":[{"href":"https:\/\/mieux-se-connaitre.com\/wp4\/wp-json\/wp\/v2\/posts"}],"about":[{"href":"https:\/\/mieux-se-connaitre.com\/wp4\/wp-json\/wp\/v2\/types\/post"}],"author":[{"embeddable":true,"href":"https:\/\/mieux-se-connaitre.com\/wp4\/wp-json\/wp\/v2\/users\/1"}],"replies":[{"embeddable":true,"href":"https:\/\/mieux-se-connaitre.com\/wp4\/wp-json\/wp\/v2\/comments?post=3364"}],"version-history":[{"count":6,"href":"https:\/\/mieux-se-connaitre.com\/wp4\/wp-json\/wp\/v2\/posts\/3364\/revisions"}],"predecessor-version":[{"id":13680,"href":"https:\/\/mieux-se-connaitre.com\/wp4\/wp-json\/wp\/v2\/posts\/3364\/revisions\/13680"}],"wp:attachment":[{"href":"https:\/\/mieux-se-connaitre.com\/wp4\/wp-json\/wp\/v2\/media?parent=3364"}],"wp:term":[{"taxonomy":"category","embeddable":true,"href":"https:\/\/mieux-se-connaitre.com\/wp4\/wp-json\/wp\/v2\/categories?post=3364"},{"taxonomy":"post_tag","embeddable":true,"href":"https:\/\/mieux-se-connaitre.com\/wp4\/wp-json\/wp\/v2\/tags?post=3364"}],"curies":[{"name":"wp","href":"https:\/\/api.w.org\/{rel}","templated":true}]}}