{"id":4492,"date":"2012-01-12T07:56:26","date_gmt":"2012-01-12T05:56:26","guid":{"rendered":"https:\/\/mieux-se-connaitre.com\/wp4\/?p=4492"},"modified":"2012-01-08T21:24:53","modified_gmt":"2012-01-08T19:24:53","slug":"la-neige-de-jean-francois-daubigny","status":"publish","type":"post","link":"https:\/\/mieux-se-connaitre.com\/wp4\/2012\/01\/la-neige-de-jean-francois-daubigny\/","title":{"rendered":"La neige de Jean Fran\u00e7ois Daubigny"},"content":{"rendered":"<!-- google_ad_section_start --><p><span style=\"color: #800000;\"><strong><\/p>\n<div id=\"attachment_4493\" style=\"width: 310px\" class=\"wp-caption alignleft\"><\/strong><strong><a href=\"https:\/\/mieux-se-connaitre.com\/wp4\/wp-content\/uploads\/2012\/01\/neige.jpg\"><img aria-describedby=\"caption-attachment-4493\" loading=\"lazy\" class=\"size-medium wp-image-4493\" title=\"neige\" src=\"https:\/\/mieux-se-connaitre.com\/wp4\/wp-content\/uploads\/2012\/01\/neige-300x151.jpg\" alt=\"La neige de fran\u00e7ois Daubigny - Mus\u00e9e d'Orsay\" width=\"300\" height=\"151\" srcset=\"https:\/\/mieux-se-connaitre.com\/wp4\/wp-content\/uploads\/2012\/01\/neige-300x151.jpg 300w, https:\/\/mieux-se-connaitre.com\/wp4\/wp-content\/uploads\/2012\/01\/neige-150x75.jpg 150w, https:\/\/mieux-se-connaitre.com\/wp4\/wp-content\/uploads\/2012\/01\/neige.jpg 800w\" sizes=\"(max-width: 300px) 100vw, 300px\" \/><\/a><\/strong><p id=\"caption-attachment-4493\" class=\"wp-caption-text\">La neige de fran\u00e7ois Daubigny - Mus\u00e9e d&#39;Orsay<\/p><\/div>\n<p>D\u00e9solation romantique et cama\u00efeux<\/span><\/p>\n<p>Baudelaire voit dans \u00ab\u00a0les paysages de Daubigny une gr\u00e2ce et une fra\u00eecheur qui fascinent tout d\u2019abord. Ils transmettent tout de suite \u00e0 l\u2019\u00e2me le sentiment originel dont ils sont p\u00e9n\u00e9tr\u00e9s \u00bb.<\/p>\n<p>\u00c7a craille sur les branches d\u00e9nud\u00e9es. Paysage d\u2019hiver, deux chemins traversent la plaine, des corbeaux tournent, la lumi\u00e8re de neige tombe. Cama\u00efeux soign\u00e9s, noir profond des plumes et des arbres, beigre-brun de la terre, gris du lointain, d\u00e9solent le blanc translucide et glac\u00e9. Comment les couleurs expriment-elles la tristesse de cette saison\u00a0?<\/p>\n<p>1873 &#8211; 90 cm x 120 cm<!--more--><\/p>\n<h2 style=\"text-align: center;\"><span style=\"color: #800000;\"><strong>Sujet<\/strong><\/span><\/h2>\n<p>La grande plaine d&#8217;Auvers-sur-Oise sous un ciel nuageux et recouverte de neige, pendant l&#8217;hiver 1872-1873. Charles Daubigny est un des paysagistes de l&#8217;\u00c9cole de Barbizon qui a le plus marqu\u00e9 la g\u00e9n\u00e9ration des impressionnistes en les incitant \u00e0 peindre en plein air sur le motif. En 1873, lorsqu&#8217;il pr\u00e9sente <em>La neige<\/em> au Salon, cette influence s&#8217;est invers\u00e9e et la critique s&#8217;\u00e9l\u00e8ve contre la derni\u00e8re mani\u00e8re de l&#8217;artiste qui doit beaucoup \u00e0 la nouvelle \u00e9cole. Daubigny avait rencontr\u00e9 Monet en 1870 et durant ce m\u00eame hiver 1872-1873, Pissarro et C\u00e9zanne peignaient tous deux des effets de neige \u00e0 Auvers-sur-Oise.<\/p>\n<h2 style=\"text-align: center;\"><span style=\"color: #800000;\"> <strong>Composition<\/strong><\/span><\/h2>\n<p>C\u2019est une toile \u00e0 la composition tr\u00e8s simple, un paysage d\u2019hiver, un ciel un horizon, o\u00f9 figure une colline qui monte et rompt la monotonie d\u2019un horizon plat. Une grande diagonale coupe le paysage, elle part du bas enneig\u00e9 et suit la pente de la colline, c\u2019est un chemin agricole dirait-on maintenant, cisaill\u00e9 profond\u00e9ment par les roues des chars.<\/p>\n<p>Un autre diagonale la contredit qui monte, un peu arrondie jusqu\u2019\u00e0 la hauteur des arbres. Ce sont les deux lignes de construction avec celle modul\u00e9e de l\u2019horizon qui font la composition de ce tableau.<\/p>\n<p>L&#8217;arbre d\u00e9pouill\u00e9 de ses feuilles sur lequel sont pos\u00e9s les corbeaux et qui attire le regard est l\u00e9g\u00e8rement d\u00e9centr\u00e9.<\/p>\n<p><strong> <\/strong><\/p>\n<h2 style=\"text-align: center;\"><span style=\"color: #800000;\"><strong>Couleur, lumi\u00e8re<\/strong><\/span><\/h2>\n<p>Deux couleurs principales, le blanc plus ou moins modul\u00e9 et le noir avec de magnifiques touches de rouge dans le ciel.<\/p>\n<p>C\u2019est une lumi\u00e8re de neige au moment du cr\u00e9puscule, juste apr\u00e8s la disparition du soleil. Le ciel est beige, terne, c\u2019est un ciel typique des jours de neige. La lumi\u00e8re tombante provoque cette chose habituelle des temps de neige\u00a0: la terre est plus claire que le ciel. Daubigny a travaill\u00e9 avec des teintes grises et brunes qui sont celles de la terre gel\u00e9e, il a sans doute travaill\u00e9 par dessus avec un blanc pur, probablement un blanc d\u2019argent qui a un certain \u00e9clat propice au travail de la neige, il est translucide et brillant.<\/p>\n<p>Cette vue de la plaine enneig\u00e9e le soir s&#8217;oppose \u00e0 <em>La pie<\/em>, cet autre paysage de neige de Monet plein de lumi\u00e8re.<\/p>\n<p>Quelques taches de terre de Sienne, et\u00a0 quelques coup de pinceau en brun font r\u00e9appara\u00eetre les couleurs de la terre et les salissures de la neige.<\/p>\n<p>Le noir intense des arbres d\u00e9nud\u00e9s et des corbeaux contraste violemment avec le fond du ciel et de la neige.<\/p>\n<p><strong> <\/strong><\/p>\n<h2 style=\"text-align: center;\"><span style=\"color: #800000;\"><strong>Mati\u00e8re, forme<\/strong><\/span><\/h2>\n<p>Daubigny utilise le couteau \u00e0 palette pour poser ses couleurs. La texture est particuli\u00e8rement rugueuse. C&#8217;est ce que certains critiques ont reproch\u00e9 au tableau lors de son exposition au Salon de 1873 : &#8220;un morceau de pl\u00e2tre \u00e9tal\u00e9 avec un couteau \u00e0 palette&#8221; ou encore des arbres peints &#8220;avec un balai de branches de bouleau&#8221;. C&#8217;est cette mani\u00e8re rude et franche que notre \u0153il appr\u00e9cie aujourd&#8217;hui et qui fait pr\u00e9cis\u00e9ment la nouveaut\u00e9 du tableau. Cette toile est l&#8217;h\u00e9riti\u00e8re du romantisme par son atmosph\u00e8re d\u00e9sol\u00e9e et son sujet plut\u00f4t lugubre \u2013 on pense au tableau de G.D. Friedrich, <em>L&#8217;arbre aux corbeaux<\/em>, du Louvre. Pr\u00e8s de vingt ans plus tard, alors qu&#8217;il n&#8217;avait plus qu&#8217;un mois \u00e0 vivre, Van Gogh peindra cette m\u00eame plaine d&#8217;Auvers \u00e9cras\u00e9e de soleil sous un vol de corbeaux.<\/p>\n<!-- google_ad_section_end -->","protected":false},"excerpt":{"rendered":"<!-- google_ad_section_start --><p>D\u00e9solation romantique et cama\u00efeux Baudelaire voit dans \u00ab\u00a0les paysages de Daubigny une gr\u00e2ce et une fra\u00eecheur qui fascinent tout d\u2019abord. Ils transmettent tout de suite \u00e0 l\u2019\u00e2me le sentiment originel dont ils sont p\u00e9n\u00e9tr\u00e9s \u00bb. \u00c7a craille sur les branches&hellip;<\/p>\n<p class=\"more-link-p\"><a class=\"more-link\" href=\"https:\/\/mieux-se-connaitre.com\/wp4\/2012\/01\/la-neige-de-jean-francois-daubigny\/\">Suite &rarr;<\/a><\/p>\n<!-- google_ad_section_end -->","protected":false},"author":1,"featured_media":0,"comment_status":"open","ping_status":"open","sticky":false,"template":"","format":"standard","meta":[],"categories":[245],"tags":[],"_links":{"self":[{"href":"https:\/\/mieux-se-connaitre.com\/wp4\/wp-json\/wp\/v2\/posts\/4492"}],"collection":[{"href":"https:\/\/mieux-se-connaitre.com\/wp4\/wp-json\/wp\/v2\/posts"}],"about":[{"href":"https:\/\/mieux-se-connaitre.com\/wp4\/wp-json\/wp\/v2\/types\/post"}],"author":[{"embeddable":true,"href":"https:\/\/mieux-se-connaitre.com\/wp4\/wp-json\/wp\/v2\/users\/1"}],"replies":[{"embeddable":true,"href":"https:\/\/mieux-se-connaitre.com\/wp4\/wp-json\/wp\/v2\/comments?post=4492"}],"version-history":[{"count":1,"href":"https:\/\/mieux-se-connaitre.com\/wp4\/wp-json\/wp\/v2\/posts\/4492\/revisions"}],"predecessor-version":[{"id":4494,"href":"https:\/\/mieux-se-connaitre.com\/wp4\/wp-json\/wp\/v2\/posts\/4492\/revisions\/4494"}],"wp:attachment":[{"href":"https:\/\/mieux-se-connaitre.com\/wp4\/wp-json\/wp\/v2\/media?parent=4492"}],"wp:term":[{"taxonomy":"category","embeddable":true,"href":"https:\/\/mieux-se-connaitre.com\/wp4\/wp-json\/wp\/v2\/categories?post=4492"},{"taxonomy":"post_tag","embeddable":true,"href":"https:\/\/mieux-se-connaitre.com\/wp4\/wp-json\/wp\/v2\/tags?post=4492"}],"curies":[{"name":"wp","href":"https:\/\/api.w.org\/{rel}","templated":true}]}}