{"id":4674,"date":"2012-03-01T07:59:12","date_gmt":"2012-03-01T05:59:12","guid":{"rendered":"https:\/\/mieux-se-connaitre.com\/wp4\/?p=4674"},"modified":"2012-02-28T17:33:57","modified_gmt":"2012-02-28T15:33:57","slug":"les-orages-et-comment-sen-proteger","status":"publish","type":"post","link":"https:\/\/mieux-se-connaitre.com\/wp4\/2012\/03\/les-orages-et-comment-sen-proteger\/","title":{"rendered":"Les orages et comment s&#8217;en prot\u00e9ger"},"content":{"rendered":"<!-- google_ad_section_start --><p><a href=\"https:\/\/mieux-se-connaitre.com\/wp4\/wp-content\/uploads\/2012\/02\/foudre1.JPG\"><img loading=\"lazy\" class=\"alignleft size-medium wp-image-4676\" title=\"foudre1\" src=\"https:\/\/mieux-se-connaitre.com\/wp4\/wp-content\/uploads\/2012\/02\/foudre1-300x204.jpg\" alt=\"foudre1\" width=\"300\" height=\"204\" srcset=\"https:\/\/mieux-se-connaitre.com\/wp4\/wp-content\/uploads\/2012\/02\/foudre1-300x204.jpg 300w, https:\/\/mieux-se-connaitre.com\/wp4\/wp-content\/uploads\/2012\/02\/foudre1-150x102.jpg 150w, https:\/\/mieux-se-connaitre.com\/wp4\/wp-content\/uploads\/2012\/02\/foudre1.JPG 800w\" sizes=\"(max-width: 300px) 100vw, 300px\" \/><\/a>Les orages sont particuli\u00e8rement violents en montagne et constituent un risque \u00e0 ne pas n\u00e9gliger : chaque \u00e9t\u00e9, des alpinistes meurent foudroy\u00e9s.<\/p>\n<p>Les orages peuvent se d\u00e9clencher \u00e0 n\u2019importe quelle heure du jour et de la nuit et il est important de savoir comment s\u2019en prot\u00e9ger en montagne. Ils y sont plus surprenant, plus violents et plus dangereux qu\u2019en plaine.<!--more--><\/p>\n<p>L\u2019orage est en g\u00e9n\u00e9ral annonc\u00e9 par des coups de vents avec des courants ascendants tr\u00e8s forts. Les turbulences cr\u00e9\u00e9es par les cumulonimbus (les nuages d\u2019orage) peuvent \u00eatre ressenties \u00e0 plus de 20 km de ceux-ci. L\u2019orage s\u2019accompagne d\u2019averses violentes de pluie, de neige ou de gr\u00eale.<br \/>\nMais la foudre est le danger majeur: il est difficile, en cas d\u2019impact au sol, de se soustraire au risque et les chances de survie lorsqu\u2019on a \u00e9t\u00e9 touch\u00e9 sont tr\u00e8s faibles.<br \/>\n<span style=\"color: #800000;\"><strong>&#8211; Caract\u00e9ristiques de la foudre<\/strong><\/span> : hautes temp\u00e9ratures (8000 \u00e0 30000 \u00b0C), hautes tensions (10 \u00e0 10 millions de volts), fortes intensit\u00e9s (25000 amp\u00e8res), temps de contact tr\u00e8s bref (1\/1000e \u00e0 1\/10000e de secondes).<br \/>\n<span style=\"color: #800000;\"><strong>&#8211; Diff\u00e9rentes situations orageuses:<\/strong><\/span><br \/>\n\u2022 les orages frontaux dus aux cumulonimbus noy\u00e9s dans les immenses bandes nuageuses des fronts de perturbation. C\u2019est g\u00e9n\u00e9ralement en \u00e9t\u00e9 que le front froid des perturbations a un caract\u00e8re orageux. Ont peut alors avoir une barri\u00e8re orageuse de plusieurs centaines de kilom\u00e8tres de long qui traverse la France d\u2019Ouest en Est.<br \/>\n\u2022 les orages isol\u00e9s se forment en \u00e9t\u00e9, sur place, l\u2019apr\u00e8s-midi des journ\u00e9es ensoleill\u00e9es. Ils sont plus ou moins nombreux et \u00e9clatent plus ou moins tard en fonction de la situation m\u00e9t\u00e9o.<br \/>\n\u2022 les orages advect\u00e9s, se forment l\u2019\u00e9t\u00e9 dans des situations interm\u00e9diaires entre les deux pr\u00e9c\u00e9dentes. Des orages isol\u00e9s de forment sur le Massif Central ou les Pyr\u00e9n\u00e9es puis se d\u00e9placent en altitude gr\u00e2ce \u00e0 un flux de sud-ouest. Ils arrivent parfois jusqu\u2019aux Alpes, le soir et att\u00e9nu\u00e9s.<\/p>\n<p><span style=\"color: #800000;\"><strong>Se prot\u00e9ger des orages<\/strong><\/span><\/p>\n<p>La meilleure mani\u00e8re de se prot\u00e9ger d\u2019un orage, c\u2019est encore de l\u2019\u00e9viter. Consulter le bulletin m\u00e9t\u00e9orologique, partir t\u00f4t et revenir t\u00f4t (les orages survenant le plus souvent dans l\u2019apr\u00e8s-midi) constitue donc la premi\u00e8re des pr\u00e9ventions.<br \/>\nEn cours d\u2019ascension, on surveillera naturellement l\u2019\u00e9volution m\u00e9t\u00e9orologique et particuli\u00e8rement la formation des cumulonimbus typiques de l\u2019orage, en n\u2019h\u00e9sitant pas \u00e0 redescendre s\u2019ils deviennent mena\u00e7ants. <!--more-->Si l\u2019on est pris par l\u2019orage, la meilleure chose \u00e0 faire est de se mettre, tant que faire se peut, \u00e0 l\u2019abri tant de la foudre que des courants de sol induits par elle.<br \/>\nOn s\u2019\u00e9loignera avant tout des points pouvant attirer la foudre : sommets et ar\u00eates, arbres isol\u00e9s, etc.<br \/>\nAfin d\u2019\u00e9viter les courants de sol, il convient de ne pas se tenir \u00e0 moins de deux m\u00e8tres d\u2019une paroi ou \u00e0 l\u2019entr\u00e9e d\u2019une grotte, et de s\u2019isoler du sol : s\u2019asseoir sur une corde ou sur un bloc l\u00e9g\u00e8rement sur\u00e9lev\u00e9. \u00c9viter les postures pouvant favoriser le passage du courant en adoptant une position accroupie, genoux fl\u00e9chis, t\u00eate rentr\u00e9e, bras serrant les jambes. \u00c9viter les endroits humides et, dans la mesure du possible, de conserver des v\u00eatements mouill\u00e9s en dehors de la veste. \u00c9carter le mat\u00e9riel m\u00e9tallique ou le ranger dans le sac \u00e0 dos. Ne pas omettre si n\u00e9cessaire de s\u2019auto-assurer.<\/p>\n<!-- google_ad_section_end -->","protected":false},"excerpt":{"rendered":"<!-- google_ad_section_start --><p>Les orages sont particuli\u00e8rement violents en montagne et constituent un risque \u00e0 ne pas n\u00e9gliger : chaque \u00e9t\u00e9, des alpinistes meurent foudroy\u00e9s. Les orages peuvent se d\u00e9clencher \u00e0 n\u2019importe quelle heure du jour et de la nuit et il est&hellip;<\/p>\n<p class=\"more-link-p\"><a class=\"more-link\" href=\"https:\/\/mieux-se-connaitre.com\/wp4\/2012\/03\/les-orages-et-comment-sen-proteger\/\">Suite &rarr;<\/a><\/p>\n<!-- google_ad_section_end -->","protected":false},"author":1,"featured_media":0,"comment_status":"open","ping_status":"open","sticky":false,"template":"","format":"standard","meta":[],"categories":[7,262],"tags":[],"_links":{"self":[{"href":"https:\/\/mieux-se-connaitre.com\/wp4\/wp-json\/wp\/v2\/posts\/4674"}],"collection":[{"href":"https:\/\/mieux-se-connaitre.com\/wp4\/wp-json\/wp\/v2\/posts"}],"about":[{"href":"https:\/\/mieux-se-connaitre.com\/wp4\/wp-json\/wp\/v2\/types\/post"}],"author":[{"embeddable":true,"href":"https:\/\/mieux-se-connaitre.com\/wp4\/wp-json\/wp\/v2\/users\/1"}],"replies":[{"embeddable":true,"href":"https:\/\/mieux-se-connaitre.com\/wp4\/wp-json\/wp\/v2\/comments?post=4674"}],"version-history":[{"count":2,"href":"https:\/\/mieux-se-connaitre.com\/wp4\/wp-json\/wp\/v2\/posts\/4674\/revisions"}],"predecessor-version":[{"id":4678,"href":"https:\/\/mieux-se-connaitre.com\/wp4\/wp-json\/wp\/v2\/posts\/4674\/revisions\/4678"}],"wp:attachment":[{"href":"https:\/\/mieux-se-connaitre.com\/wp4\/wp-json\/wp\/v2\/media?parent=4674"}],"wp:term":[{"taxonomy":"category","embeddable":true,"href":"https:\/\/mieux-se-connaitre.com\/wp4\/wp-json\/wp\/v2\/categories?post=4674"},{"taxonomy":"post_tag","embeddable":true,"href":"https:\/\/mieux-se-connaitre.com\/wp4\/wp-json\/wp\/v2\/tags?post=4674"}],"curies":[{"name":"wp","href":"https:\/\/api.w.org\/{rel}","templated":true}]}}