{"id":5003,"date":"2012-05-17T07:59:10","date_gmt":"2012-05-17T05:59:10","guid":{"rendered":"https:\/\/mieux-se-connaitre.com\/wp4\/?p=5003"},"modified":"2012-05-12T19:32:47","modified_gmt":"2012-05-12T17:32:47","slug":"centenaire-du-pierrot-lunaire-de-schonberg","status":"publish","type":"post","link":"https:\/\/mieux-se-connaitre.com\/wp4\/2012\/05\/centenaire-du-pierrot-lunaire-de-schonberg\/","title":{"rendered":"Centenaire du Pierrot Lunaire de Sch\u00f6nberg"},"content":{"rendered":"<!-- google_ad_section_start --><p><!-- \t\t@page { margin-right: 0.34cm; margin-top: 2.5cm; margin-bottom: 2.5cm } \t\tP { margin-bottom: 0.21cm; direction: ltr; color: #000000; widows: 0; orphans: 0 } \t\tP.western { font-family: \"Times\", \"Times New Roman\"; font-size: 12pt; so-language: fr-FR } \t\tP.cjk { font-family: \"Times\", \"Times New Roman\"; font-size: 12pt; so-language: zh-CN } \t\tP.ctl { font-family: \"Times\", \"Times New Roman\"; font-size: 10pt; so-language: hi-IN } --><span style=\"color: #800000;\"><strong><\/p>\n<div id=\"attachment_5004\" style=\"width: 228px\" class=\"wp-caption alignleft\"><a href=\"https:\/\/mieux-se-connaitre.com\/wp4\/wp-content\/uploads\/2012\/05\/HEVT542.jpg\"><img aria-describedby=\"caption-attachment-5004\" loading=\"lazy\" class=\"size-medium wp-image-5004\" title=\"HEVT542\" src=\"https:\/\/mieux-se-connaitre.com\/wp4\/wp-content\/uploads\/2012\/05\/HEVT542-218x300.jpg\" alt=\"Arnold Sch\u00f6nberg, Larmes\" width=\"218\" height=\"300\" srcset=\"https:\/\/mieux-se-connaitre.com\/wp4\/wp-content\/uploads\/2012\/05\/HEVT542-218x300.jpg 218w, https:\/\/mieux-se-connaitre.com\/wp4\/wp-content\/uploads\/2012\/05\/HEVT542-109x150.jpg 109w, https:\/\/mieux-se-connaitre.com\/wp4\/wp-content\/uploads\/2012\/05\/HEVT542.jpg 349w\" sizes=\"(max-width: 218px) 100vw, 218px\" \/><\/a><p id=\"caption-attachment-5004\" class=\"wp-caption-text\">Arnold Sch\u00f6nberg, Larmes<\/p><\/div>\n<p>Un langage polyphonique et atonal<\/strong><\/span><\/p>\n<p>Pierrot lunaire, Op. 21, de Schoenberg : 21 m\u00e9lodrames pour voix de r\u00e9citant et 5 instruments, fl\u00fbte, clarinette, violon, violoncelle et piano, sur des po\u00e8mes d&#8217;Albert Giraud.<br \/>\nLe r\u00e9sultat instrumental est fascinant : chaque pi\u00e8ce a une instrumentation diff\u00e9rente, poss\u00e8de sa couleur propre ; quant \u00e0 la voix, Schoenberg s&#8217;explique lui-m\u00eame : &#8220;le rythme doit \u00eatre observ\u00e9 strictement comme s&#8217;il s&#8217;agissait de chant, mais alors que la m\u00e9lodie chant\u00e9e maintient la hauteur de son, la m\u00e9lodie parl\u00e9e ne fait que l&#8217;indiquer pour la quitter aussit\u00f4t, de fa\u00e7on ascendante et descendante&#8221;.<!--more-->Le langage est essentiellement polyphonique et atonal, les caract\u00e8res tr\u00e8s changeants : po\u00e9tiques, sarcastiques, lyriques tout \u00e0 la fois. Peut-\u00eatre l&#8217;\u0153uvre la plus c\u00e9l\u00e8bre de Schoenberg, en tous cas l&#8217;une des plus originales par la nouveaut\u00e9 purement sonore. Sa cr\u00e9ation fait scandale un peu partout en Europe et il faudra attendre 1922 pour l&#8217;entendre \u00e0 Paris, sous la direction de Darius Milhaud.<\/p>\n<p><span style=\"color: #800000;\"><strong><\/p>\n<div id=\"attachment_5005\" style=\"width: 207px\" class=\"wp-caption alignleft\"><a href=\"https:\/\/mieux-se-connaitre.com\/wp4\/wp-content\/uploads\/2012\/05\/BIO204.jpg\"><img aria-describedby=\"caption-attachment-5005\" loading=\"lazy\" class=\"size-medium wp-image-5005\" title=\"BIO204\" src=\"https:\/\/mieux-se-connaitre.com\/wp4\/wp-content\/uploads\/2012\/05\/BIO204-197x300.jpg\" alt=\"Autoportrait d'Arnold Sch\u00f6nberg (collection Lisa Jalowetz Aronson)\" width=\"197\" height=\"300\" srcset=\"https:\/\/mieux-se-connaitre.com\/wp4\/wp-content\/uploads\/2012\/05\/BIO204-197x300.jpg 197w, https:\/\/mieux-se-connaitre.com\/wp4\/wp-content\/uploads\/2012\/05\/BIO204-98x150.jpg 98w, https:\/\/mieux-se-connaitre.com\/wp4\/wp-content\/uploads\/2012\/05\/BIO204.jpg 316w\" sizes=\"(max-width: 197px) 100vw, 197px\" \/><\/a><p id=\"caption-attachment-5005\" class=\"wp-caption-text\">Autoportrait d&#39;Arnold Sch\u00f6nberg (collection Lisa Jalowetz Aronson)<\/p><\/div>\n<p>Schoenberg Arnold, compositeur autrichien, naturalis\u00e9 am\u00e9ricain<\/strong><\/span><br \/>\n1874 (Vienne) &#8211; 1951 (Los Angeles)<\/p>\n<p>Fortement influenc\u00e9 dans ses premi\u00e8res \u0153uvres par Brahms et Wagner, Schoenberg y montre malgr\u00e9 tout un talent pr\u00e9coce, renouvelant les principes du po\u00e8me symphonique dans la musique de chambre. Puis, de conqu\u00eate en renouvellement, il parvient \u00e0 mettre les douze sons de la gamme chromatique sur le m\u00eame pied, il abandonne tonique, dominante et sous-dominante, et apporte ainsi une conclusion coh\u00e9rente aux conflits sur l&#8217;atonalit\u00e9, la polytonalit\u00e9 et sur la &#8220;dissonance \u00e0 l&#8217;int\u00e9rieur de la tonalit\u00e9&#8221;.<br \/>\nDans ses compositions, au-del\u00e0 de ces nouveaux principes, on trouve une grande originalit\u00e9 m\u00e9lodique et harmonique, une grande nouveaut\u00e9 dans l&#8217;\u00e9criture vocale. Il est \u00e0 l&#8217;origine du &#8220;chant parl\u00e9&#8221; (Sprechgesang) rendu c\u00e9l\u00e8bre par Pierrot lunaire.<br \/>\nNon satisfait de ses premi\u00e8res conqu\u00eates, Schoenberg pendant une dizaine d&#8217;ann\u00e9es se recueille dans la recherche et b\u00e2tit peu \u00e0 peu ce qu&#8217;on appellera le principe s\u00e9riel. Les \u0153uvres de cette p\u00e9riode utilisent des s\u00e9ries d&#8217;intervalles (de cinq, six, sept sons et plus) qui d\u00e9terminent les figures harmoniques et m\u00e9lodiques.<br \/>\nChass\u00e9 par la pression nazie, Schoenberg termine sa vie aux Etats-Unis. Ses derni\u00e8res compositions, empreintes de la libert\u00e9 qu&#8217;apporte l&#8217;assimilation d&#8217;ann\u00e9es de recherche et de travail, mais aussi de la synth\u00e8se de qualit\u00e9s ma\u00eetris\u00e9es, expriment une grande pl\u00e9nitude : Concerto pour violon, Ode \u00e0 Napol\u00e9on, et les derni\u00e8res \u0153uvres chorales. Il laisse un op\u00e9ra inachev\u00e9 : Mo\u00efse et Aaron.<br \/>\nRepr\u00e9sentant principal de ce qu&#8217;on appelle L&#8217;\u00e9cole viennoise atonale, avec Alban Berg et Anton Webern, ses \u00e9l\u00e8ves, Schoenberg a une grande influence sur toute la musique contemporaine, tant les bouleversements qu&#8217;il apporte dans la composition, mais aussi dans l&#8217;enseignement musical, sont importants.<\/p>\n<p>1898 : Premiers Lieder op.1, 2 et 3<br \/>\n1899 : Nuit transfigur\u00e9e, po\u00e8me symphonique &#8211; Sextuor \u00e0 cordes<br \/>\n1900 &#8211; 11 : Les Gurrelieder, symphonie dramatique<br \/>\n1903 : Pell\u00e9as et M\u00e9lisande, po\u00e8me symphonique<br \/>\n1905 : 1er quatuor \u00e0 cordes<br \/>\n1906 : Symphonie de Chambre<br \/>\n1907-08 : Deuxi\u00e8me Quatuor \u00e0 cordes<br \/>\n1908 : Le Livre des jardins suspendus (quinze lieder)<br \/>\n1909 : Cinq pi\u00e8ces pour orchestre &#8211; Attente<br \/>\n1911 : Six pi\u00e8ces pour piano op.19<br \/>\n1912 : Pierrot lunaire<br \/>\n1917-23 : Cinq pi\u00e8ces pour piano &#8211; S\u00e9r\u00e9nade &#8211; Suite pour piano &#8211; Quintette pour instruments \u00e0 vents<br \/>\n1926-32 : Troisi\u00e8me Quatuor \u00e0 cordes &#8211; Variations pour orchestre -D&#8217;aujourd&#8217;hui \u00e0 demain, op\u00e9ra bouffe &#8211; Mo\u00efse et Aaron<br \/>\n1933 : d\u00e9part aux Etats-Unis<br \/>\n1934-36 : Concerto pour violon<br \/>\n1936 : Quatri\u00e8me Quatuor \u00e0 cordes<br \/>\n1941 : Ode \u00e0 Napol\u00e9on<br \/>\n1945 : Pr\u00e9lude pour orchestre et ch\u0153ur<br \/>\n1946 : Trio \u00e0 cordes<br \/>\n1947 : Survivant de Varsovie<br \/>\n1949 : Fantaisie pour violon et piano<br \/>\n1950-51 : Trois fois mille ans &#8211; De Profundis &#8211; Psaumes modernes, \u0153uvres chorales<br \/>\nOeuvres \u00e9crites :<br \/>\n1911 : Trait\u00e9 d&#8217;harmonie<br \/>\n1911 : Professeur au Conservatoire Stern \u00e0 Berlin<br \/>\n1942 : Mod\u00e8le pour d\u00e9butant en composition<br \/>\n1954 : Fonction structurelle de l&#8217;harmonie<\/p>\n<p>Portrait : Autoportrait, collection Lisa Jalowetz Aronson<\/p>\n<!-- google_ad_section_end -->","protected":false},"excerpt":{"rendered":"<!-- google_ad_section_start --><p>Un langage polyphonique et atonal Pierrot lunaire, Op. 21, de Schoenberg : 21 m\u00e9lodrames pour voix de r\u00e9citant et 5 instruments, fl\u00fbte, clarinette, violon, violoncelle et piano, sur des po\u00e8mes d&#8217;Albert Giraud. Le r\u00e9sultat instrumental est fascinant : chaque pi\u00e8ce&hellip;<\/p>\n<p class=\"more-link-p\"><a class=\"more-link\" href=\"https:\/\/mieux-se-connaitre.com\/wp4\/2012\/05\/centenaire-du-pierrot-lunaire-de-schonberg\/\">Suite &rarr;<\/a><\/p>\n<!-- google_ad_section_end -->","protected":false},"author":1,"featured_media":0,"comment_status":"open","ping_status":"open","sticky":false,"template":"","format":"standard","meta":[],"categories":[7,256],"tags":[],"_links":{"self":[{"href":"https:\/\/mieux-se-connaitre.com\/wp4\/wp-json\/wp\/v2\/posts\/5003"}],"collection":[{"href":"https:\/\/mieux-se-connaitre.com\/wp4\/wp-json\/wp\/v2\/posts"}],"about":[{"href":"https:\/\/mieux-se-connaitre.com\/wp4\/wp-json\/wp\/v2\/types\/post"}],"author":[{"embeddable":true,"href":"https:\/\/mieux-se-connaitre.com\/wp4\/wp-json\/wp\/v2\/users\/1"}],"replies":[{"embeddable":true,"href":"https:\/\/mieux-se-connaitre.com\/wp4\/wp-json\/wp\/v2\/comments?post=5003"}],"version-history":[{"count":2,"href":"https:\/\/mieux-se-connaitre.com\/wp4\/wp-json\/wp\/v2\/posts\/5003\/revisions"}],"predecessor-version":[{"id":5008,"href":"https:\/\/mieux-se-connaitre.com\/wp4\/wp-json\/wp\/v2\/posts\/5003\/revisions\/5008"}],"wp:attachment":[{"href":"https:\/\/mieux-se-connaitre.com\/wp4\/wp-json\/wp\/v2\/media?parent=5003"}],"wp:term":[{"taxonomy":"category","embeddable":true,"href":"https:\/\/mieux-se-connaitre.com\/wp4\/wp-json\/wp\/v2\/categories?post=5003"},{"taxonomy":"post_tag","embeddable":true,"href":"https:\/\/mieux-se-connaitre.com\/wp4\/wp-json\/wp\/v2\/tags?post=5003"}],"curies":[{"name":"wp","href":"https:\/\/api.w.org\/{rel}","templated":true}]}}