{"id":5138,"date":"2012-06-21T07:56:31","date_gmt":"2012-06-21T05:56:31","guid":{"rendered":"https:\/\/mieux-se-connaitre.com\/wp4\/?p=5138"},"modified":"2012-06-09T20:36:51","modified_gmt":"2012-06-09T18:36:51","slug":"le-cirque-de-george-seurat","status":"publish","type":"post","link":"https:\/\/mieux-se-connaitre.com\/wp4\/2012\/06\/le-cirque-de-george-seurat\/","title":{"rendered":"Le Cirque de George Seurat"},"content":{"rendered":"<!-- google_ad_section_start --><div id=\"attachment_5139\" style=\"width: 247px\" class=\"wp-caption alignleft\"><a href=\"https:\/\/mieux-se-connaitre.com\/wp4\/wp-content\/uploads\/2012\/06\/cirque.jpg\"><img aria-describedby=\"caption-attachment-5139\" loading=\"lazy\" class=\"size-medium wp-image-5139\" title=\"cirque\" src=\"https:\/\/mieux-se-connaitre.com\/wp4\/wp-content\/uploads\/2012\/06\/cirque-237x300.jpg\" alt=\"Le Cirque de George Seurat - Mus\u00e9e d'Orsay\" width=\"237\" height=\"300\" srcset=\"https:\/\/mieux-se-connaitre.com\/wp4\/wp-content\/uploads\/2012\/06\/cirque-237x300.jpg 237w, https:\/\/mieux-se-connaitre.com\/wp4\/wp-content\/uploads\/2012\/06\/cirque-118x150.jpg 118w, https:\/\/mieux-se-connaitre.com\/wp4\/wp-content\/uploads\/2012\/06\/cirque.jpg 632w\" sizes=\"(max-width: 237px) 100vw, 237px\" \/><\/a><p id=\"caption-attachment-5139\" class=\"wp-caption-text\">Le Cirque de George Seurat - Mus\u00e9e d&#39;Orsay<\/p><\/div>\n<p>Peint en 1891, ce tableau pointilliste est le tableau phare du n\u00e9o-impressionnisme.<br \/>\nCirque : la derni\u00e8re toile de Seurat. &#8220;Spectacle vari\u00e9. Repr\u00e9sentations vari\u00e9es&#8221;, annonce le cirque Fernando ; c&#8217;est l\u00e0 que Seurat a pris de nombreux croquis pour r\u00e9aliser son tableau.<br \/>\nL&#8217;\u00e9cuy\u00e8re flotte r\u00e9ellement, sans poids, les acrobates ont tous la m\u00eame coiffure qui les rend l\u00e9gers, comme s&#8217;ils allaient s&#8217;envoler; l&#8217;\u00e9l\u00e9gance des arabesques contraste avec l&#8217;immobilit\u00e9 raide des spectateurs.<!--more--><br \/>\nL&#8217;\u0153uvre bien qu&#8217;inachev\u00e9e, figure au Salon des Ind\u00e9pendants en 1891 ; elle est remarquable par sa technique : division des tons, jeu des compl\u00e9mentaires, indication formelle des radiations lumineuses, technique dont Signac s&#8217;expliquera dans son ouvrage &#8220;D&#8217;Eug\u00e8ne Delacroix au n\u00e9o-impressionnisme.&#8221; Seurat ne terminera jamais son tableau ; il meurt d&#8217;une angine infectieuse quelques jours apr\u00e8s l&#8217;inauguration.<\/p>\n<p><span style=\"color: #800000;\"><strong><\/p>\n<div id=\"attachment_5140\" style=\"width: 207px\" class=\"wp-caption alignleft\"><a href=\"https:\/\/mieux-se-connaitre.com\/wp4\/wp-content\/uploads\/2012\/06\/CD12_025.jpg\"><img aria-describedby=\"caption-attachment-5140\" loading=\"lazy\" class=\"size-medium wp-image-5140\" title=\"CD12_025\" src=\"https:\/\/mieux-se-connaitre.com\/wp4\/wp-content\/uploads\/2012\/06\/CD12_025-197x300.jpg\" alt=\"George Seurat\" width=\"197\" height=\"300\" srcset=\"https:\/\/mieux-se-connaitre.com\/wp4\/wp-content\/uploads\/2012\/06\/CD12_025-197x300.jpg 197w, https:\/\/mieux-se-connaitre.com\/wp4\/wp-content\/uploads\/2012\/06\/CD12_025-98x150.jpg 98w, https:\/\/mieux-se-connaitre.com\/wp4\/wp-content\/uploads\/2012\/06\/CD12_025.jpg 316w\" sizes=\"(max-width: 197px) 100vw, 197px\" \/><\/a><p id=\"caption-attachment-5140\" class=\"wp-caption-text\">George Seurat<\/p><\/div>\n<p>Seurat Georges, peintre fran\u00e7ais<\/strong><\/span><br \/>\n1859 (Paris) &#8211; 1891 (Paris)<\/p>\n<p>Seurat, le chef de file du mouvement n\u00e9o-impressionniste est le fils d&#8217;un huissier. Un milieu dont il aura du mal \u00e0 se d\u00e9gager, mais qui lui \u00e9vite tous soucis financiers et lui permet d&#8217;\u00e9tudier ce qu&#8217;il aime : le dessin et la peinture.<br \/>\nTr\u00e8s cultiv\u00e9, grand lecteur, il s&#8217;int\u00e9resse au livre du chimiste Chevreul La Loi des contrastes simultan\u00e9s des couleurs publi\u00e9 en 1839 &#8211; &#8220;deux couleurs voisines ont une influence r\u00e9ciproque, chacune imposant \u00e0 l&#8217;autre sa propre compl\u00e9mentaire&#8221;; il \u00e9tudie le physicien allemand Helmholtz, les th\u00e9ories \u00e9lectromagn\u00e9tiques de la lumi\u00e8re \u00e9nonc\u00e9es par l&#8217;Ecossais Maxwell; enfin, il fr\u00e9quente Henry qui devait devenir directeur du laboratoire de Physiologie des sensations \u00e0 l&#8217;Ecole des Hautes Etudes.<br \/>\nCette curiosit\u00e9 ne va pas sans la volont\u00e9 d&#8217;\u00e9tablir des r\u00e8gles. Science et \u00e9motion ; par l&#8217;\u00e9motion il se rapproche des impressionnistes, par son besoin de rester objectif, il perp\u00e9tue les naturalistes.<br \/>\n&#8220;Le plus solide de volont\u00e9, le plus d\u00e9couvreur d&#8217;inconnu&#8221;, \u00e9crit le po\u00e8te Verhaeren.<br \/>\nSa grande toile, Baignade \u00e0 Asni\u00e8res, ayant \u00e9t\u00e9 refus\u00e9e par le jury du Salon de 1884, il participe \u00e0 la fondation du Salon des Artistes ind\u00e9pendants : la Baignade y figure. Le tableau, bien que marqu\u00e9 par l&#8217;influence de Puvis de Chavannes et de Pissarro, est r\u00e9solument moderne ; il exprime la s\u00e9r\u00e9nit\u00e9 et la grandeur du geste quotidien.<br \/>\nCette premi\u00e8re composition est suivie de belles marines r\u00e9alis\u00e9es en Normandie ; sa touche devient de plus en plus divisionniste, peut-\u00eatre sous l&#8217;influence d&#8217;une amiti\u00e9 de plus en plus vive avec Signac.<br \/>\nSeurat figurera \u00e0 la derni\u00e8re exposition impressionniste avec Un dimanche apr\u00e8s-midi \u00e0 l&#8217;\u00eele de la Grande Jatte, son chef-d&#8217;\u0153uvre, et trois autres paysages.<br \/>\nIl est &#8220;la vraie force du groupe n\u00e9o-impressionniste&#8221;. La Parade, encore des marines, puis Le Cirque qu&#8217;il ne pourra achever avant de mourir subitement d&#8217;une m\u00e9ningite.<br \/>\nPointilliste, divisionniste, Seurat a fortement influenc\u00e9 son \u00e9poque par ses recherches et ses d\u00e9couvertes.<\/p>\n<p>1878 : \u00e9l\u00e8ve de Lehman (disciple d&#8217;Ingres) \u00e0 l&#8217;Ecole des beaux-arts<br \/>\n1879 : \u00e9tudes de paysage \u00e0 Brest<br \/>\n1882-83 : il se consacre surtout au dessin<br \/>\n1883 : il pr\u00e9sente au Salon le Portrait d&#8217;Aman-Jean<br \/>\n1884 : Baignade \u00e0 Asni\u00e8res<br \/>\n1884-86 : Un dimanche apr\u00e8s-midi \u00e0 l&#8217;\u00eele de la Grande Jatte<br \/>\n1887-88 : Poseuses &#8211; Parade du cirque<br \/>\n1890-91 : Cirque<\/p>\n<!-- google_ad_section_end -->","protected":false},"excerpt":{"rendered":"<!-- google_ad_section_start --><p>Peint en 1891, ce tableau pointilliste est le tableau phare du n\u00e9o-impressionnisme. Cirque : la derni\u00e8re toile de Seurat. &#8220;Spectacle vari\u00e9. Repr\u00e9sentations vari\u00e9es&#8221;, annonce le cirque Fernando ; c&#8217;est l\u00e0 que Seurat a pris de nombreux croquis pour r\u00e9aliser son&hellip;<\/p>\n<p class=\"more-link-p\"><a class=\"more-link\" href=\"https:\/\/mieux-se-connaitre.com\/wp4\/2012\/06\/le-cirque-de-george-seurat\/\">Suite &rarr;<\/a><\/p>\n<!-- google_ad_section_end -->","protected":false},"author":1,"featured_media":0,"comment_status":"open","ping_status":"open","sticky":false,"template":"","format":"standard","meta":[],"categories":[245],"tags":[],"_links":{"self":[{"href":"https:\/\/mieux-se-connaitre.com\/wp4\/wp-json\/wp\/v2\/posts\/5138"}],"collection":[{"href":"https:\/\/mieux-se-connaitre.com\/wp4\/wp-json\/wp\/v2\/posts"}],"about":[{"href":"https:\/\/mieux-se-connaitre.com\/wp4\/wp-json\/wp\/v2\/types\/post"}],"author":[{"embeddable":true,"href":"https:\/\/mieux-se-connaitre.com\/wp4\/wp-json\/wp\/v2\/users\/1"}],"replies":[{"embeddable":true,"href":"https:\/\/mieux-se-connaitre.com\/wp4\/wp-json\/wp\/v2\/comments?post=5138"}],"version-history":[{"count":2,"href":"https:\/\/mieux-se-connaitre.com\/wp4\/wp-json\/wp\/v2\/posts\/5138\/revisions"}],"predecessor-version":[{"id":5142,"href":"https:\/\/mieux-se-connaitre.com\/wp4\/wp-json\/wp\/v2\/posts\/5138\/revisions\/5142"}],"wp:attachment":[{"href":"https:\/\/mieux-se-connaitre.com\/wp4\/wp-json\/wp\/v2\/media?parent=5138"}],"wp:term":[{"taxonomy":"category","embeddable":true,"href":"https:\/\/mieux-se-connaitre.com\/wp4\/wp-json\/wp\/v2\/categories?post=5138"},{"taxonomy":"post_tag","embeddable":true,"href":"https:\/\/mieux-se-connaitre.com\/wp4\/wp-json\/wp\/v2\/tags?post=5138"}],"curies":[{"name":"wp","href":"https:\/\/api.w.org\/{rel}","templated":true}]}}