{"id":5710,"date":"2012-11-08T07:59:51","date_gmt":"2012-11-08T05:59:51","guid":{"rendered":"https:\/\/mieux-se-connaitre.com\/wp4\/?p=5710"},"modified":"2012-11-01T19:29:45","modified_gmt":"2012-11-01T17:29:45","slug":"le-travail-au-xixe-quelques-dates-clefs","status":"publish","type":"post","link":"https:\/\/mieux-se-connaitre.com\/wp4\/2012\/11\/le-travail-au-xixe-quelques-dates-clefs\/","title":{"rendered":"Le travail au XIXe, quelques dates clefs"},"content":{"rendered":"<!-- google_ad_section_start --><div id=\"attachment_5711\" style=\"width: 310px\" class=\"wp-caption alignleft\"><a href=\"https:\/\/mieux-se-connaitre.com\/wp4\/wp-content\/uploads\/2012\/11\/EVT494m.jpg\"><img aria-describedby=\"caption-attachment-5711\" loading=\"lazy\" class=\"size-medium wp-image-5711\" title=\"EVT494m\" src=\"https:\/\/mieux-se-connaitre.com\/wp4\/wp-content\/uploads\/2012\/11\/EVT494m-300x225.jpg\" alt=\"le repos hebdomadaire\" width=\"300\" height=\"225\" srcset=\"https:\/\/mieux-se-connaitre.com\/wp4\/wp-content\/uploads\/2012\/11\/EVT494m-300x225.jpg 300w, https:\/\/mieux-se-connaitre.com\/wp4\/wp-content\/uploads\/2012\/11\/EVT494m-150x112.jpg 150w, https:\/\/mieux-se-connaitre.com\/wp4\/wp-content\/uploads\/2012\/11\/EVT494m.jpg 640w\" sizes=\"(max-width: 300px) 100vw, 300px\" \/><\/a><span style=\"color: #800000;\"><strong><\/strong><\/span><p id=\"caption-attachment-5711\" class=\"wp-caption-text\">le repos hebdomadaire<\/p><\/div>\n<p><span style=\"color: #800000;\"><strong>1886, La Bourse du travail, Un organisme de placement.<\/strong><\/span><\/p>\n<p>Mettre \u00e0 la disposition des travailleurs un ensemble de services :<br \/>\nbureaux de placement, caisses de ch\u00f4mage et d&#8217;accident, enseignement professionnel, tel est le but de la Bourse du Travail.<br \/>\nLe projet adopt\u00e9 par le Conseil municipal de Paris en 1886 vise \u00e0 soustraire les travailleurs \u00e0 l&#8217;emprise des employeurs et de l&#8217;\u00c9tat. <!--more-->&#8220;Il faut monopoliser tout service relatif \u00e0 l&#8217;am\u00e9lioration du sort de la classe ouvri\u00e8re et cr\u00e9er un Etat dans l&#8217;Etat.&#8221; &#8211; Pelloutier &#8211;<br \/>\nPlusieurs autres bourses sont cr\u00e9\u00e9es simultan\u00e9ment dans plusieurs villes de province : N\u00eemes, Marseille, Saint-Etienne, Bordeaux, Lyon. Elles se d\u00e9velopperont jusqu&#8217;\u00e0 la guerre de 1914. Apr\u00e8s, leur r\u00f4le s&#8217;affaiblira, celui des syndicats tendant \u00e0 s&#8217;affirmer.<\/p>\n<p><span style=\"color: #800000;\"><strong>1895, fondation de la CGT<\/strong><\/span><\/p>\n<p>La d\u00e9fense des int\u00e9r\u00eats moraux et mat\u00e9riels, \u00e9conomiques et professionnels.<br \/>\n&#8220;Entre les divers syndicats et groupements professionnels des deux sexes existant en France et dans les colonies, il est cr\u00e9\u00e9 une organisation unitaire et collective qui prend pour titre : Conf\u00e9d\u00e9ration G\u00e9n\u00e9rale du Travail : C.G.T.<br \/>\nLa conf\u00e9d\u00e9ration a pour but : &#8220;le groupement des salari\u00e9s pour la d\u00e9fense de leurs int\u00e9r\u00eats moraux et mat\u00e9riels, \u00e9conomiques et professionnels .. en dehors de toute \u00e9cole politique.<br \/>\nLa charte d&#8217;Amiens affirme l&#8217;autonomie syndicale \u00e0 l&#8217;\u00e9gard des partis politiques et oriente rigoureusement la C.G.T. vers le syndicalisme r\u00e9volutionnaire ; les moyens d&#8217;action : gr\u00e8ve g\u00e9n\u00e9rale, action directe (m\u00eame sabotage et boycott) pour parvenir \u00e0 &#8220;l&#8217;expropriation capitaliste&#8221;.<\/p>\n<p><span style=\"color: #800000;\"><strong>1906 La charte d&#8217;Amiens, la r\u00e9volution socialiste<\/strong><\/span><br \/>\n&#8220;D&#8217;un c\u00f4t\u00e9 il y a ceux qui regardent vers le pouvoir, de l&#8217;autre ceux qui veulent l&#8217;autonomie compl\u00e8te contre le patronat et le pouvoir.&#8221;<br \/>\nAu congr\u00e8s (le 9e) de la CGT, les motions r\u00e9formistes et r\u00e9volutionnaires sont rejet\u00e9es ou retir\u00e9es ; c&#8217;est la motion pr\u00e9sent\u00e9e par le secr\u00e9taire g\u00e9n\u00e9ral, Victor Griffuelhes, qui est adopt\u00e9e \u00e0 une large majorit\u00e9.<br \/>\nAinsi le congr\u00e8s conf\u00e9d\u00e9ral d&#8217;Amiens confirme l&#8217;article 2 constitutif de la CGT : &#8220;La CGT groupe, en dehors de toute \u00e9cole politique, tous les travailleurs conscients de la lutte \u00e0 mener pour la disparition du salariat et du patronat&#8230;&#8221;.<br \/>\nIl r\u00e9affirme clairement que le syndicalisme doit pr\u00e9parer l&#8217;\u00e9mancipation int\u00e9grale (du prol\u00e9tariat) qui ne peut se r\u00e9aliser que par l&#8217;expropriation capitaliste.<br \/>\nSyndicalisme r\u00e9volutionnaire, donc, qui pr\u00e9conise l&#8217;action directe par la gr\u00e8ve g\u00e9n\u00e9rale et la m\u00e9fiance vis-\u00e0-vis des partis. C&#8217;est ce qu&#8217;on appelle la Charte d&#8217;Amiens.<br \/>\n&#8220;La gr\u00e8ve est un ph\u00e9nom\u00e8ne de guerre et la r\u00e9volution socialiste est une extension de cette guerre dont chaque grande gr\u00e8ve est un \u00e9pisode.&#8221; -Georges Sorel-<br \/>\nLa politique r\u00e9pressive de Clemenceau emp\u00eache le mouvement de se d\u00e9velopper mais la Charte d&#8217;Amiens deviendra la charte du syndicalisme fran\u00e7ais.<\/p>\n<p><span style=\"color: #800000;\"><strong><br \/>\n8 novembre 1906, cr\u00e9ation d&#8217;un minist\u00e8re du travail.<\/strong><\/span><\/p>\n<p><span style=\"color: #800000;\"><strong>1906 : Loi sur le repos hebdomadaire<\/strong><\/span><\/p>\n<p>O\u00f9 l&#8217;on voit que si le dimanche est observ\u00e9 dans le pays, notre peuple sera moins pauvre et plus civilis\u00e9.<br \/>\n&#8220;Il est contraire au droit divin d&#8217;emp\u00eacher l&#8217;homme qui a des besoins, le dimanche comme les autres jours, de travailler le dimanche pour gagner son pain&#8221; -Napol\u00e9on Ier-<br \/>\nDepuis la loi de 1814, ceux qui se reposaient le faisaient le dimanche par consid\u00e9ration religieuse et par tradition. La notion de b\u00e9n\u00e9fice physiologique, obtenu gr\u00e2ce au repos p\u00e9riodique, n&#8217;appara\u00eet qu&#8217;\u00e0 la fin du XIXe si\u00e8cle. Il est alors r\u00e9clam\u00e9 par tous les ouvriers et beaucoup de patrons avis\u00e9s.<br \/>\nLa protection de la famille, le d\u00e9sir de l&#8217;ordre social n&#8217;y sont pas \u00e9trangers. La loi de 1906 reste tr\u00e8s souple dans son application afin de ne pas heurter les habitudes : le repos hebdomadaire est donn\u00e9 le dimanche et doit avoir une dur\u00e9e minimum de 24 heures cons\u00e9cutives ; elle concerne les ouvriers et employ\u00e9s des entreprises mais exclut les ouvriers agricoles, les employ\u00e9s des bureaux, des professions lib\u00e9rales, les domestiques et gens de maison et les fonctionnaires des administrations publiques ont leur r\u00e9glementation propre. Tous les \u00e9tablissements industriels ou commerciaux y sont assujettis ainsi que les h\u00f4pitaux, asiles, hospices, dispensaires, maisons de retraite, mus\u00e9es. A la veille de la guerre de 1914, l&#8217;application du repos hebdomadaire a progress\u00e9 partout.<\/p>\n<!-- google_ad_section_end -->","protected":false},"excerpt":{"rendered":"<!-- google_ad_section_start --><p>1886, La Bourse du travail, Un organisme de placement. Mettre \u00e0 la disposition des travailleurs un ensemble de services : bureaux de placement, caisses de ch\u00f4mage et d&#8217;accident, enseignement professionnel, tel est le but de la Bourse du Travail. Le&hellip;<\/p>\n<p class=\"more-link-p\"><a class=\"more-link\" href=\"https:\/\/mieux-se-connaitre.com\/wp4\/2012\/11\/le-travail-au-xixe-quelques-dates-clefs\/\">Suite &rarr;<\/a><\/p>\n<!-- google_ad_section_end -->","protected":false},"author":1,"featured_media":0,"comment_status":"open","ping_status":"open","sticky":false,"template":"","format":"standard","meta":[],"categories":[7,151],"tags":[],"_links":{"self":[{"href":"https:\/\/mieux-se-connaitre.com\/wp4\/wp-json\/wp\/v2\/posts\/5710"}],"collection":[{"href":"https:\/\/mieux-se-connaitre.com\/wp4\/wp-json\/wp\/v2\/posts"}],"about":[{"href":"https:\/\/mieux-se-connaitre.com\/wp4\/wp-json\/wp\/v2\/types\/post"}],"author":[{"embeddable":true,"href":"https:\/\/mieux-se-connaitre.com\/wp4\/wp-json\/wp\/v2\/users\/1"}],"replies":[{"embeddable":true,"href":"https:\/\/mieux-se-connaitre.com\/wp4\/wp-json\/wp\/v2\/comments?post=5710"}],"version-history":[{"count":1,"href":"https:\/\/mieux-se-connaitre.com\/wp4\/wp-json\/wp\/v2\/posts\/5710\/revisions"}],"predecessor-version":[{"id":5712,"href":"https:\/\/mieux-se-connaitre.com\/wp4\/wp-json\/wp\/v2\/posts\/5710\/revisions\/5712"}],"wp:attachment":[{"href":"https:\/\/mieux-se-connaitre.com\/wp4\/wp-json\/wp\/v2\/media?parent=5710"}],"wp:term":[{"taxonomy":"category","embeddable":true,"href":"https:\/\/mieux-se-connaitre.com\/wp4\/wp-json\/wp\/v2\/categories?post=5710"},{"taxonomy":"post_tag","embeddable":true,"href":"https:\/\/mieux-se-connaitre.com\/wp4\/wp-json\/wp\/v2\/tags?post=5710"}],"curies":[{"name":"wp","href":"https:\/\/api.w.org\/{rel}","templated":true}]}}