{"id":5744,"date":"2012-11-22T19:59:13","date_gmt":"2012-11-22T17:59:13","guid":{"rendered":"https:\/\/mieux-se-connaitre.com\/wp4\/?p=5744"},"modified":"2012-11-22T20:58:02","modified_gmt":"2012-11-22T18:58:02","slug":"la-propriete-cest-le-vol","status":"publish","type":"post","link":"https:\/\/mieux-se-connaitre.com\/wp4\/2012\/11\/la-propriete-cest-le-vol\/","title":{"rendered":"Le ralliement pragmatique du cardinal Lavigerie"},"content":{"rendered":"<!-- google_ad_section_start --><p><span style=\"color: #800000;\"><strong><\/p>\n<div id=\"attachment_5753\" style=\"width: 310px\" class=\"wp-caption alignleft\"><a href=\"https:\/\/mieux-se-connaitre.com\/wp4\/wp-content\/uploads\/2012\/11\/EVT361A.jpg\"><img aria-describedby=\"caption-attachment-5753\" loading=\"lazy\" class=\"size-medium wp-image-5753\" title=\"EVT361A\" src=\"https:\/\/mieux-se-connaitre.com\/wp4\/wp-content\/uploads\/2012\/11\/EVT361A-300x225.jpg\" alt=\"Le Toast d'Alger\" width=\"300\" height=\"225\" srcset=\"https:\/\/mieux-se-connaitre.com\/wp4\/wp-content\/uploads\/2012\/11\/EVT361A-300x225.jpg 300w, https:\/\/mieux-se-connaitre.com\/wp4\/wp-content\/uploads\/2012\/11\/EVT361A-150x112.jpg 150w, https:\/\/mieux-se-connaitre.com\/wp4\/wp-content\/uploads\/2012\/11\/EVT361A.jpg 640w\" sizes=\"(max-width: 300px) 100vw, 300px\" \/><\/a><p id=\"caption-attachment-5753\" class=\"wp-caption-text\">Le Toast d&#39;Alger<\/p><\/div>\n<p>Un ralliement pragmatique<\/strong><\/span><br \/>\nLe pape L\u00e9on XIII :<br \/>\n&#8211; &#8220;Qu&#8217;y a-t-il de nouveau !&#8221;<br \/>\nMonseigneur Volpini, secr\u00e9taire du pape :<br \/>\n&#8211; &#8220;Ah ! tr\u00e8s Saint P\u00e8re, une bien grave nouvelle pour l&#8217;\u00c9glise.&#8221;<br \/>\n&#8211; &#8220;Quelle nouvelle ?&#8221; dit le pape.<br \/>\n&#8211;  &#8220;Eh bien, tr\u00e8s Saint-P\u00e8re, le cardinal Lavigerie vient d&#8217;adh\u00e9rer  publiquement \u00e0 la R\u00e9publique. Bien plus, son \u00c9minence va jusqu&#8217;\u00e0 engager  les catholiques fran\u00e7ais \u00e0 faire la m\u00eame adh\u00e9sion que lui.&#8221;<br \/>\nLe pape :<br \/>\n&#8211;  &#8220;Quel mal y a-t-il \u00e0 ce que le cardinal Lavigerie ait fait adh\u00e9sion \u00e0  la R\u00e9publique ? Et quel mal y aurait-il, je vous le demande, si les  catholiques de France imitaient le primat d&#8217;Afrique ?&#8221;<br \/>\nLe cardinal a  agi sur ordre, et le toast en faveur du ralliement offert \u00e0 la marine  fran\u00e7aise \u00e0 Alger est le signe qu&#8217;il vaut mieux &#8220;accepter la  constitution pour changer la l\u00e9gislation&#8221;.<!--more--><\/p>\n<p><span style=\"color: #800000;\"><strong><\/p>\n<div id=\"attachment_5754\" style=\"width: 211px\" class=\"wp-caption alignleft\"><a href=\"https:\/\/mieux-se-connaitre.com\/wp4\/wp-content\/uploads\/2012\/11\/CD32_013.jpg\"><img aria-describedby=\"caption-attachment-5754\" loading=\"lazy\" class=\"size-medium wp-image-5754\" title=\"CD32_013\" src=\"https:\/\/mieux-se-connaitre.com\/wp4\/wp-content\/uploads\/2012\/11\/CD32_013-201x300.jpg\" alt=\"Le cardinal Lavigerie par L\u00e9on Bonnat\" width=\"201\" height=\"300\" srcset=\"https:\/\/mieux-se-connaitre.com\/wp4\/wp-content\/uploads\/2012\/11\/CD32_013-201x300.jpg 201w, https:\/\/mieux-se-connaitre.com\/wp4\/wp-content\/uploads\/2012\/11\/CD32_013-100x150.jpg 100w, https:\/\/mieux-se-connaitre.com\/wp4\/wp-content\/uploads\/2012\/11\/CD32_013.jpg 323w\" sizes=\"(max-width: 201px) 100vw, 201px\" \/><\/a><p id=\"caption-attachment-5754\" class=\"wp-caption-text\">Le cardinal Lavigerie par L\u00e9on Bonnat<\/p><\/div>\n<p>Lavigerie Charles Michel Allemand, pr\u00e9lat fran\u00e7ais<\/strong><\/span><br \/>\n1825 (Bayonne) &#8211; 1892 (Alger)<\/p>\n<p>Docteur \u00e8s lettres et en th\u00e9ologie, titulaire de la chaire d&#8217;Histoire eccl\u00e9siastique \u00e0 la Facult\u00e9 de Th\u00e9ologie en Sorbonne jusqu&#8217;en 1861, le futur cardinal Lavigerie est un r\u00e9formiste.<br \/>\nIl veut changer les rapports de l&#8217;\u00c9glise avec la soci\u00e9t\u00e9 moderne, changer les m\u00e9thodes du gouvernement pontifical. Il commence dans son clerg\u00e9 de Nancy en pratiquant l&#8217;ouverture et la tol\u00e9rance. Archev\u00eaque d&#8217;Alger, il fonde les P\u00e8res blancs, les S\u0153urs missionnaires de Notre-Dame d&#8217;Afrique et obtient du gouverneur Mac-Mahon une lib\u00e9ralisation dans l&#8217;apostolat aupr\u00e8s des musulmans.<!--more-->Sa politique d&#8217;ouverture s&#8217;applique aussi \u00e0 rapprocher l&#8217;\u00c9glise d&#8217;Occident et l&#8217;\u00c9glise d&#8217;Orient, \u00e0 lutter contre l&#8217;esclavagisme (il est \u00e0 l&#8217;origine de la Conf\u00e9rence antiesclavagiste de Bruxelles), \u00e0 annoncer la politique de ralliement \u00e0 la R\u00e9publique (Toast d&#8217;Alger).<br \/>\nIl sera d\u00e9\u00e7u par le r\u00e9sultat de ses efforts : ses missions africaines s&#8217;implantent difficilement, et il meurt avant d&#8217;avoir eu le temps de voir se d\u00e9velopper les r\u00e9sultats du ralliement.<\/p>\n<p>1849 : ordonn\u00e9 pr\u00eatre<br \/>\n1857 : directeur de l&#8217;\u0153uvre des Ecoles d&#8217;Orient<br \/>\n1860 : visite le Liban apr\u00e8s les massacres entre Druses et Maronites.<br \/>\n1861-63 : auditeur de la rote \u00e0 Rome<br \/>\n1863-67 : \u00e9v\u00eaque de Nancy<br \/>\n1867 : archev\u00eaque d&#8217;Alger<br \/>\n1878 : d\u00e9l\u00e9gation apostolique sur l&#8217;Afrique \u00e9quatoriale &#8211; vicaire apostolique Tunisie<br \/>\n1882 : cardinal<br \/>\n1888 : fondation de la soci\u00e9t\u00e9 antiesclavagiste<br \/>\n1890 : Toast en faveur du ralliement des catholiques fran\u00e7ais \u00e0 la R\u00e9publique<\/p>\n<p><span style=\"color: #800000;\"><\/span><\/p>\n<!-- google_ad_section_end -->","protected":false},"excerpt":{"rendered":"<!-- google_ad_section_start --><p>Un ralliement pragmatique Le pape L\u00e9on XIII : &#8211; &#8220;Qu&#8217;y a-t-il de nouveau !&#8221; Monseigneur Volpini, secr\u00e9taire du pape : &#8211; &#8220;Ah ! tr\u00e8s Saint P\u00e8re, une bien grave nouvelle pour l&#8217;\u00c9glise.&#8221; &#8211; &#8220;Quelle nouvelle ?&#8221; dit le pape. &#8211;&hellip;<\/p>\n<p class=\"more-link-p\"><a class=\"more-link\" href=\"https:\/\/mieux-se-connaitre.com\/wp4\/2012\/11\/la-propriete-cest-le-vol\/\">Suite &rarr;<\/a><\/p>\n<!-- google_ad_section_end -->","protected":false},"author":1,"featured_media":0,"comment_status":"open","ping_status":"open","sticky":false,"template":"","format":"standard","meta":[],"categories":[7,155,151],"tags":[],"_links":{"self":[{"href":"https:\/\/mieux-se-connaitre.com\/wp4\/wp-json\/wp\/v2\/posts\/5744"}],"collection":[{"href":"https:\/\/mieux-se-connaitre.com\/wp4\/wp-json\/wp\/v2\/posts"}],"about":[{"href":"https:\/\/mieux-se-connaitre.com\/wp4\/wp-json\/wp\/v2\/types\/post"}],"author":[{"embeddable":true,"href":"https:\/\/mieux-se-connaitre.com\/wp4\/wp-json\/wp\/v2\/users\/1"}],"replies":[{"embeddable":true,"href":"https:\/\/mieux-se-connaitre.com\/wp4\/wp-json\/wp\/v2\/comments?post=5744"}],"version-history":[{"count":3,"href":"https:\/\/mieux-se-connaitre.com\/wp4\/wp-json\/wp\/v2\/posts\/5744\/revisions"}],"predecessor-version":[{"id":5752,"href":"https:\/\/mieux-se-connaitre.com\/wp4\/wp-json\/wp\/v2\/posts\/5744\/revisions\/5752"}],"wp:attachment":[{"href":"https:\/\/mieux-se-connaitre.com\/wp4\/wp-json\/wp\/v2\/media?parent=5744"}],"wp:term":[{"taxonomy":"category","embeddable":true,"href":"https:\/\/mieux-se-connaitre.com\/wp4\/wp-json\/wp\/v2\/categories?post=5744"},{"taxonomy":"post_tag","embeddable":true,"href":"https:\/\/mieux-se-connaitre.com\/wp4\/wp-json\/wp\/v2\/tags?post=5744"}],"curies":[{"name":"wp","href":"https:\/\/api.w.org\/{rel}","templated":true}]}}