{"id":5905,"date":"2013-01-17T07:56:50","date_gmt":"2013-01-17T05:56:50","guid":{"rendered":"https:\/\/mieux-se-connaitre.com\/wp4\/?p=5905"},"modified":"2013-01-17T07:58:08","modified_gmt":"2013-01-17T05:58:08","slug":"la-famille-bellelli-de-degas-complements","status":"publish","type":"post","link":"https:\/\/mieux-se-connaitre.com\/wp4\/2013\/01\/la-famille-bellelli-de-degas-complements\/","title":{"rendered":"La famille Bellelli de Degas (compl\u00e9ments)"},"content":{"rendered":"<!-- google_ad_section_start --><div id=\"attachment_2911\" style=\"width: 310px\" class=\"wp-caption alignleft\"><a href=\"https:\/\/mieux-se-connaitre.com\/wp4\/wp-content\/uploads\/2010\/12\/bellelli.jpg\"><img aria-describedby=\"caption-attachment-2911\" loading=\"lazy\" class=\"size-medium wp-image-2911\" alt=\"La Famille Bellelli d'\u00c9dgar Degas - Mus\u00e9e d'Orsay\" src=\"https:\/\/mieux-se-connaitre.com\/wp4\/wp-content\/uploads\/2010\/12\/bellelli-300x242.jpg\" width=\"300\" height=\"242\" srcset=\"https:\/\/mieux-se-connaitre.com\/wp4\/wp-content\/uploads\/2010\/12\/bellelli-300x242.jpg 300w, https:\/\/mieux-se-connaitre.com\/wp4\/wp-content\/uploads\/2010\/12\/bellelli-150x121.jpg 150w, https:\/\/mieux-se-connaitre.com\/wp4\/wp-content\/uploads\/2010\/12\/bellelli.jpg 800w\" sizes=\"(max-width: 300px) 100vw, 300px\" \/><\/a><p id=\"caption-attachment-2911\" class=\"wp-caption-text\">La Famille Bellelli d&#8217;\u00c9dgar Degas &#8211; Mus\u00e9e d&#8217;Orsay<\/p><\/div>\n<p><strong>Pr\u00eatez attention \u00e0 l&#8217;axe du bas des trois robes.<\/strong><\/p>\n<p>L&#8217;axe du bas de la robe de Giulia est oblique, alors que celui de sa soeur Giovanna reprend l&#8217;axe horizontal de Laure, la m\u00e8re. La d\u00e9stabilisation de Giulia anime l&#8217;apparente immobilit\u00e9 de la sc\u00e8ne. Cette sensation est accentu\u00e9e par le fait que l&#8217;axe du corps de Giulia est oblique, alors que celui de sa soeur reprend l&#8217;axe vertical du corps de Laure.<\/p>\n<p><strong>Observez le rapport de couleurs des trois robes.<\/strong><br \/>\nGiovanna se fond dans la robe noire de sa m\u00e8re, signifiant par-l\u00e0 m\u00eame son lien avec sa m\u00e8re.<\/p>\n<p><strong>Observez les attitudes des mains dans ce tableau.<\/strong><br \/>\nLes mains de Giulia sont dans le creux des hanches alors que celles de sa soeur sont jointes, la m\u00e8re pose sa main bienveillante sur l&#8217;\u00e9paule de Giovanna, en revanche, on remarque que sa main gauche n&#8217;atteint pas Giulia.<!--more--><\/p>\n<p><strong>Quelle est la direction du regard de Giulia?<\/strong><br \/>\nGiulia regarde vers la droite, contrairement \u00e0 Giovanna qui nous regarde, son regard est attir\u00e9 par quelque chose se trouvant vraisemblablement \u00e0 l&#8217;ext\u00e9rieur de la sc\u00e8ne repr\u00e9sent\u00e9e.<\/p>\n<p><strong>Encadrez mentalement la m\u00e8re et ses deux filles dans une forme g\u00e9om\u00e9trique.<\/strong> (en vous appuyant sur les tabliers blanc en bas)<br \/>\nLe groupe compos\u00e9 par Laure et ses 2 filles forme une pyramide, le p\u00e8re est tenu \u00e0 l&#8217;\u00e9cart.<\/p>\n<p><strong>Quelle est la forme que l&#8217;on retrouve chez les deux filles?<\/strong><br \/>\nLes robes de Giovanna et de Giulia s&#8217;inscrivent dans deux pyramides invers\u00e9es.<\/p>\n<p><strong>dans quelle direction Gennaro regarde-t-il?<\/strong><br \/>\nLe personnage de Gennaro est vu de trois-quart arri\u00e8re et regarde Giulia. Les corps des 3 personnages f\u00e9minins eux sont vus de face.<br \/>\n<strong>Il y a cinq \u00eatres vivants<\/strong> dans le tableau, quatre personnages et un chien hors champ \u00e0 droite en bas du tableau. Le chien sort du cadre du tableau vers la droite. Cette disposition d\u00e9cal\u00e9e nous fait ressentir le mouvement du chien<\/p>\n<p><strong><a href=\"https:\/\/mieux-se-connaitre.com\/wp4\/?attachment_id=5906\" rel=\"attachment wp-att-5906\"><img loading=\"lazy\" class=\"alignleft size-medium wp-image-5906\" alt=\"bellelli1\" src=\"https:\/\/mieux-se-connaitre.com\/wp4\/wp-content\/uploads\/2013\/01\/bellelli1-250x300.jpg\" width=\"250\" height=\"300\" srcset=\"https:\/\/mieux-se-connaitre.com\/wp4\/wp-content\/uploads\/2013\/01\/bellelli1-250x300.jpg 250w, https:\/\/mieux-se-connaitre.com\/wp4\/wp-content\/uploads\/2013\/01\/bellelli1-125x150.jpg 125w, https:\/\/mieux-se-connaitre.com\/wp4\/wp-content\/uploads\/2013\/01\/bellelli1.jpg 307w\" sizes=\"(max-width: 250px) 100vw, 250px\" \/><\/a>Cherchez quel est le type d\u2019\u00e9l\u00e9ment du tableau\u00a0 le plus finement travaill\u00e9?<\/strong><br \/>\nCe sont les visages, trait\u00e9s avec le plus grand soin. ils manifestent une volont\u00e9 d&#8217;exprimer la psychologie en action des personnages.<\/p>\n<p><strong>Si l&#8217;on regarde attentivement la touche<\/strong>, on remarque l&#8217;effet d &#8216;encastrement de Gennaro dans la chemin\u00e9e; Gennaro est un intellectuel, le fond apaisant incite au r\u00eave, l&#8217;ouverture \u00e0 gauche donne sur l&#8217;int\u00e9rieur de la maison.<\/p>\n<p>Le panier \u00e0 ouvrage lui concentre de nombreux coloris diff\u00e9rents: verts, bleus, rouges.<a href=\"https:\/\/mieux-se-connaitre.com\/wp4\/?attachment_id=5907\" rel=\"attachment wp-att-5907\"><img loading=\"lazy\" class=\"alignleft size-medium wp-image-5907\" alt=\"bellelli2\" src=\"https:\/\/mieux-se-connaitre.com\/wp4\/wp-content\/uploads\/2013\/01\/bellelli2-250x300.jpg\" width=\"250\" height=\"300\" srcset=\"https:\/\/mieux-se-connaitre.com\/wp4\/wp-content\/uploads\/2013\/01\/bellelli2-250x300.jpg 250w, https:\/\/mieux-se-connaitre.com\/wp4\/wp-content\/uploads\/2013\/01\/bellelli2-125x150.jpg 125w, https:\/\/mieux-se-connaitre.com\/wp4\/wp-content\/uploads\/2013\/01\/bellelli2.jpg 309w\" sizes=\"(max-width: 250px) 100vw, 250px\" \/><\/a><br \/>\n<strong>Quel objet de la sc\u00e8ne est-il\u00a0 li\u00e9 spatialement avec Laure Bellelli, la m\u00e8re.<\/strong><br \/>\nC&#8217;est le portrait de Hilaire Degas, grand-p\u00e8re du peintre. Il est reli\u00e9 spatialement \u00e0 sa fille Laure et \u00e0 Degas lui-m\u00eame qui en est l\u2019auteur, c\u2019est un tableau dans le tableau.<\/p>\n<!-- google_ad_section_end -->","protected":false},"excerpt":{"rendered":"<!-- google_ad_section_start --><p>Pr\u00eatez attention \u00e0 l&#8217;axe du bas des trois robes. L&#8217;axe du bas de la robe de Giulia est oblique, alors que celui de sa soeur Giovanna reprend l&#8217;axe horizontal de Laure, la m\u00e8re. La d\u00e9stabilisation de Giulia anime l&#8217;apparente immobilit\u00e9&hellip;<\/p>\n<p class=\"more-link-p\"><a class=\"more-link\" href=\"https:\/\/mieux-se-connaitre.com\/wp4\/2013\/01\/la-famille-bellelli-de-degas-complements\/\">Suite &rarr;<\/a><\/p>\n<!-- google_ad_section_end -->","protected":false},"author":1,"featured_media":0,"comment_status":"open","ping_status":"open","sticky":false,"template":"","format":"standard","meta":[],"categories":[245],"tags":[],"_links":{"self":[{"href":"https:\/\/mieux-se-connaitre.com\/wp4\/wp-json\/wp\/v2\/posts\/5905"}],"collection":[{"href":"https:\/\/mieux-se-connaitre.com\/wp4\/wp-json\/wp\/v2\/posts"}],"about":[{"href":"https:\/\/mieux-se-connaitre.com\/wp4\/wp-json\/wp\/v2\/types\/post"}],"author":[{"embeddable":true,"href":"https:\/\/mieux-se-connaitre.com\/wp4\/wp-json\/wp\/v2\/users\/1"}],"replies":[{"embeddable":true,"href":"https:\/\/mieux-se-connaitre.com\/wp4\/wp-json\/wp\/v2\/comments?post=5905"}],"version-history":[{"count":4,"href":"https:\/\/mieux-se-connaitre.com\/wp4\/wp-json\/wp\/v2\/posts\/5905\/revisions"}],"predecessor-version":[{"id":5910,"href":"https:\/\/mieux-se-connaitre.com\/wp4\/wp-json\/wp\/v2\/posts\/5905\/revisions\/5910"}],"wp:attachment":[{"href":"https:\/\/mieux-se-connaitre.com\/wp4\/wp-json\/wp\/v2\/media?parent=5905"}],"wp:term":[{"taxonomy":"category","embeddable":true,"href":"https:\/\/mieux-se-connaitre.com\/wp4\/wp-json\/wp\/v2\/categories?post=5905"},{"taxonomy":"post_tag","embeddable":true,"href":"https:\/\/mieux-se-connaitre.com\/wp4\/wp-json\/wp\/v2\/tags?post=5905"}],"curies":[{"name":"wp","href":"https:\/\/api.w.org\/{rel}","templated":true}]}}