{"id":5941,"date":"2013-01-24T07:59:40","date_gmt":"2013-01-24T05:59:40","guid":{"rendered":"https:\/\/mieux-se-connaitre.com\/wp4\/?p=5941"},"modified":"2013-01-24T08:00:00","modified_gmt":"2013-01-24T06:00:00","slug":"les-femmes-et-les-enfants-apres","status":"publish","type":"post","link":"https:\/\/mieux-se-connaitre.com\/wp4\/2013\/01\/les-femmes-et-les-enfants-apres\/","title":{"rendered":"Les femmes et les enfants apr\u00e8s"},"content":{"rendered":"<!-- google_ad_section_start --><div id=\"attachment_5944\" style=\"width: 310px\" class=\"wp-caption alignleft\"><a href=\"https:\/\/mieux-se-connaitre.com\/wp4\/wp-content\/uploads\/2013\/01\/EVT617_1.jpg\"><img aria-describedby=\"caption-attachment-5944\" loading=\"lazy\" class=\"size-medium wp-image-5944\" alt=\"Le journal La Fronde\" src=\"https:\/\/mieux-se-connaitre.com\/wp4\/wp-content\/uploads\/2013\/01\/EVT617_1-300x225.jpg\" width=\"300\" height=\"225\" srcset=\"https:\/\/mieux-se-connaitre.com\/wp4\/wp-content\/uploads\/2013\/01\/EVT617_1-300x225.jpg 300w, https:\/\/mieux-se-connaitre.com\/wp4\/wp-content\/uploads\/2013\/01\/EVT617_1-150x112.jpg 150w, https:\/\/mieux-se-connaitre.com\/wp4\/wp-content\/uploads\/2013\/01\/EVT617_1.jpg 640w\" sizes=\"(max-width: 300px) 100vw, 300px\" \/><\/a><p id=\"caption-attachment-5944\" class=\"wp-caption-text\">Le journal La Fronde<\/p><\/div>\n<p>26 janvier 1886 : manifestation des \u00e9tudiants en m\u00e9decine contre l&#8217;admission des femmes \u00e0 l&#8217;internat.<\/p>\n<p>\u00c0 partir du milieu du XIXe si\u00e8cle, dans les <a href=\"https:\/\/mieux-se-connaitre.com\/wp4\/?p=5700\" target=\"_blank\">lois sur le travail<\/a>, les femmes et les enfants passent apr\u00e8s. Dans les <a href=\"https:\/\/mieux-se-connaitre.com\/wp4\/?p=3231\" target=\"_blank\">lois sur l&#8217;enseignement<\/a>, malgr\u00e9 les efforts de Camille S\u00e9e, l&#8217;\u00e9ducation des femmes reste marginale. M\u00eame les intellectuels ne font pas la part belle aux femmes.<\/p>\n<p><span style=\"color: #800000\"><strong>L&#8217;\u00e2ge d&#8217;or de la vie intellectuelle fran\u00e7aise<\/strong><\/span> : P\u00e9guy, <em>les Cahiers de la quinzaine<\/em> (1900).<\/p>\n<p>&#8220;Pour savoir ce qui a paru dans les cinq premi\u00e8res s\u00e9ries des <em>Cahiers<\/em>, il suffit d&#8217;envoyer un mandat de 5 francs \u00e0 &#8230;.&#8221;.<br \/>\nOn a peine aujourd&#8217;hui \u00e0 mesurer l&#8217;importance des Cahiers, qui ont rassembl\u00e9, d\u00e8s la premi\u00e8re parution (Janvier 1900), des contributions majeures de po\u00e8tes, historiens, philosophes, hommes politiques, t\u00e9moignant de &#8220;l&#8217;\u00e2ge d&#8217;or de la vie intellectuelle fran\u00e7aise&#8221;.<!--more-->Cette ann\u00e9e 1900 est celle de l&#8217;Affaire Dreyfus, de la pr\u00e9paration du congr\u00e8s socialiste national : Jaur\u00e8s et Anatole France plaident pour le socialisme. Et l&#8217;on peut lire le compte rendu de la discussion sur la proposition de loi portant nouvelle r\u00e9glementation du travail des enfants, des filles mineures et des femmes.<br \/>\nCharles P\u00e9guy, l&#8217;homme \u00e0 tout faire, g\u00e9rant, r\u00e9dacteur en chef, omnipr\u00e9sent, avait produit en guise d&#8217;introduction \u00e0 ces Cahiers si parisiens la Lettre du provincial.<\/p>\n<p><span style=\"color: #800000\"><strong>Millerand, un socialiste r\u00e9formiste : la journ\u00e9e de 10 heures<\/strong><\/span><\/p>\n<p>Entr\u00e9 en Juin 1899 dans le minist\u00e8re Waldeck-Rousseau, de sa propre volont\u00e9 mais fort du soutien de nombreux syndicats dont il avait souvent \u00e9t\u00e9 l&#8217;avocat, le &#8220;citoyen-ministre&#8221; ne parvient pas vraiment \u00e0 concr\u00e9tiser les esp\u00e9rances de r\u00e9forme sociale qu&#8217;il a fait na\u00eetre.<br \/>\nPourtant, la loi du 30 mars 1900 doit aboutir en deux ans \u00e0 \u00e9tendre, \u00e0 toute la population adulte des ateliers mixtes, la journ\u00e9e de 10 heures que la loi de 1892 r\u00e9servait aux enfants et aux femmes.<br \/>\nDans l&#8217;imm\u00e9diat, elle allonge la dur\u00e9e de la journ\u00e9e des enfants et des femmes, ce qui lui vaut de violentes animosit\u00e9s.<br \/>\nLa loi des 8 heures, soit 48 heures par semaine, ne sera vot\u00e9e qu&#8217;en 1919.<\/p>\n<p><span style=\"color: #800000\"><strong>F\u00e9minit\u00e9 et \u00e9ternel f\u00e9minin: <em>Manette Salmon<\/em>, des fr\u00e8res Goncourt<\/strong><\/span><\/p>\n<p>Il peut para\u00eetre surprenant que l&#8217;\u0153uvre romanesque des Goncourt soit b\u00e2tie autour de personnages f\u00e9minins : les deux fr\u00e8res ont \u00e0 leur \u00e9gard un attrait et une r\u00e9pulsion \u00e9videntes, et s&#8217;efforcent de garder, vis \u00e0 vis de leurs h\u00e9ro\u00efnes, un \u00e9loignement propice \u00e0 l&#8217;observation clinique.\u2028 Manette Salomon est l&#8217;antith\u00e8se de Madame Bovary. La sensibilit\u00e9 douloureuse de l&#8217;artiste en fait la proie d&#8217;une femme : ma\u00eetresse, \u00e9pouse et tyran. L&#8217;antis\u00e9mitisme spontan\u00e9 (mais document\u00e9) des Goncourt charge encore le portrait de la femme, mauvaise par nature.\u2028&#8221;Des entrailles de la M\u00e8re, la Juive avait jailli.&#8221; Les Goncourt resteront comme les cr\u00e9ateurs de la &#8220;f\u00e9minit\u00e9&#8221;, essence insaisissable de l&#8217;\u00e9ternel f\u00e9minin.<\/p>\n<p><span style=\"color: #800000\"><strong>Les femmes n&#8217;ont gu\u00e8re le choix : ouvri\u00e8res, <a href=\"https:\/\/mieux-se-connaitre.com\/wp4\/?p=3484\" target=\"_blank\">courtisanes<\/a>, domestiques ou femmes au foyer. Un transfert de technologie va leur ouvrir une voie royale, jusqu&#8217;\u00e0 la g\u00e9n\u00e9ralisation de l&#8217;informatique : St\u00e9nodactylographe.<\/strong><\/span><\/p>\n<div id=\"attachment_5945\" style=\"width: 310px\" class=\"wp-caption alignleft\"><a href=\"https:\/\/mieux-se-connaitre.com\/wp4\/wp-content\/uploads\/2013\/01\/a10586.jpg\"><img aria-describedby=\"caption-attachment-5945\" loading=\"lazy\" class=\"size-medium wp-image-5945\" alt=\"machine \u00e0 \u00e9crire r\u00e9mington\" src=\"https:\/\/mieux-se-connaitre.com\/wp4\/wp-content\/uploads\/2013\/01\/a10586-300x225.jpg\" width=\"300\" height=\"225\" srcset=\"https:\/\/mieux-se-connaitre.com\/wp4\/wp-content\/uploads\/2013\/01\/a10586-300x225.jpg 300w, https:\/\/mieux-se-connaitre.com\/wp4\/wp-content\/uploads\/2013\/01\/a10586-150x112.jpg 150w, https:\/\/mieux-se-connaitre.com\/wp4\/wp-content\/uploads\/2013\/01\/a10586.jpg 640w\" sizes=\"(max-width: 300px) 100vw, 300px\" \/><\/a><p id=\"caption-attachment-5945\" class=\"wp-caption-text\">machine \u00e0 \u00e9crire r\u00e9mington<\/p><\/div>\n<p>&#8211; &#8220;Chez Remington p\u00e8re\u00a0 fils, armuriers, que vient-on acheter ?&#8221;<br \/>\n. &#8220;Des armes et&#8230;&#8221;<br \/>\n&#8211; &#8220;Des machines \u00e0 \u00e9crire !&#8221;<br \/>\n. &#8220;Ah !&#8221;<br \/>\n&#8211; &#8220;&#8230;parce que les techniques utilis\u00e9es dans ces nouvelles machines sont semblables \u00e0 celles mises au point dans les pistolets et les carabines utilis\u00e9es pendant la guerre de S\u00e9cession. Regardez, un cylindre muni des m\u00e9canismes permettant l&#8217;interlignage, l&#8217;espacement des lettres et le retour du chariot.&#8221;<br \/>\n. &#8220;Mais, il n&#8217;y a que des majuscules&#8230;et on ne peut pas lire ce que l&#8217;on fait.&#8221;<br \/>\n&#8211; &#8220;Un jour, peut-\u00eatre&#8230;&#8221;<\/p>\n<p>En attendant, le volume des travaux d&#8217;\u00e9criture augmentant, la machine trouve ses utilisateurs : des employ\u00e9s sans espoir d&#8217;avancement, les femmes et quelques jeunes gens en attente de carri\u00e8re administrative.<\/p>\n<p><span style=\"color: #800000\"><strong>Pour une place de cr\u00e9ature libre dans la soci\u00e9t\u00e9: <em>La Fronde<\/em> (1897)<\/strong><\/span><\/p>\n<p>&#8220;Si la France d\u00e9clare la guerre&#8230;.c&#8217;est aux tyrans qui s&#8217;appellent : abus, pr\u00e9jug\u00e9s, codes caducs, lois arbitraires.&#8221;<br \/>\nDeux cent mille exemplaires vendus pour son 1er num\u00e9ro : La Fronde, premier quotidien dirig\u00e9, r\u00e9dig\u00e9, compos\u00e9 exclusivement par des femmes conna\u00eet un grand succ\u00e8s. Il durera six ans.<br \/>\nLa directrice : une ma\u00eetresse femme, Marguerite Durand, ancienne actrice \u00e0 la Com\u00e9die fran\u00e7aise, excellente organisatrice, journaliste alerte, plut\u00f4t radical-socialiste, dreyfusarde.<br \/>\nD&#8217;admirables enqu\u00eates ; La Fronde : &#8220;r\u00e9clame l&#8217;\u00e9galit\u00e9 des droits, le d\u00e9veloppement sans entraves des facult\u00e9s de la femme, une place de cr\u00e9ature libre dans la soci\u00e9t\u00e9&#8221;.<br \/>\n&#8220;Jug\u00e9e trop bourgeoise par les socialistes, trop r\u00e9volutionnaire par les bourgeois, trop s\u00e9rieuse par les Parisiens, trop parisienne pour la province.&#8221; -Marguerite Durand-<\/p>\n<p><span style=\"color: #800000\"><strong>Les malheurs et les mis\u00e8res du peuple et des femmes en particulier<\/strong><\/span><\/p>\n<p>Succ\u00e8s populaire pour le roman de L\u00e9on Frapi\u00e9 <em>La Maternelle<\/em> (1904).<br \/>\nCe collaborateur assidu de la revue <em>L&#8217;Assiette au beurre<\/em> d\u00e9crit avec simplicit\u00e9 et justesse la condition de l&#8217;enfant dans les faubourgs mis\u00e9rables de Paris.<br \/>\nUne jeune fille ais\u00e9e, frapp\u00e9e d&#8217;une s\u00e9rie de malheurs se retrouve femme de m\u00e9nage dans une \u00e9cole maternelle ; elle aura le temps d&#8217;\u00eatre confront\u00e9e aux humiliations et aux souffrances des enfants, et de d\u00e9couvrir les malheurs et les mis\u00e8res du peuple, avant qu&#8217;un prince charmant sous les traits du m\u00e9decin de l&#8217;\u00e9cole, ne d\u00e9couvre l&#8217;\u00e2me et la vraie condition de cette Cendrillon !<br \/>\nRose, l&#8217;h\u00e9ro\u00efne de La Maternelle a inspir\u00e9 plusieurs films.<\/p>\n<p><span style=\"color: #800000\"><strong>Les domestiques<\/strong><\/span><br \/>\nAu XIXe si\u00e8cle, on ne peut pr\u00e9tendre avoir un rang dans le monde si on n&#8217;est pas &#8220;servi&#8221;. Le domestique est un certificat de bourgeoisie. Le service est aussi diff\u00e9renci\u00e9 que les fortunes et les modes de vie. Dans les grandes maisons de province, dans les h\u00f4tels particuliers urbains, la domesticit\u00e9 est nombreuse et hi\u00e9rarchis\u00e9e. Les &#8220;sp\u00e9cialistes&#8221; &#8211; ma\u00eetre d&#8217;h\u00f4tel, cocher, cuisini\u00e8re, nourrice &#8211; indispensables et tyranniques, b\u00e9n\u00e9ficient d&#8217;un statut relativement privil\u00e9gi\u00e9 et exercent, sur les &#8220;sans grade&#8221;, une autorit\u00e9 parfois f\u00e9roce. Du moins ont-ils tous, presque toujours, un logement d\u00e9cent et une nourriture convenable.\u2028Il n&#8217;en va pas de m\u00eame lorsque le &#8220;bourgeois&#8221;, surtout s&#8217;il est &#8220;petit bourgeois&#8221; ne dispose que d&#8217;un personnel restreint, voire d&#8217;une seule bonne. Les domestiques sont alors rel\u00e9gu\u00e9s dans les chambres dites &#8220;de bonne&#8221; et la nourriture leur est mesur\u00e9e.\u2028Les femmes, les plus nombreuses, sont aussi les plus mal loties : jeunes, elles sont la proie de la concupiscence des patrons ou des jeunes gens de la famille ; enceintes, elles sont renvoy\u00e9es ; de m\u00eame si elles se marient, parce qu&#8217;elles ne seraient plus assez disponibles.\u2028Certes, il existe de &#8220;bons ma\u00eetres&#8221;, Marcel Proust en est un exemple, mais la vie des domestiques est g\u00e9n\u00e9ralement plus proche de celle que d\u00e9crit Zola dans Pot Bouille que de celle de C\u00e9leste Albaret.<\/p>\n<p>&nbsp;<\/p>\n<!-- google_ad_section_end -->","protected":false},"excerpt":{"rendered":"<!-- google_ad_section_start --><p>26 janvier 1886 : manifestation des \u00e9tudiants en m\u00e9decine contre l&#8217;admission des femmes \u00e0 l&#8217;internat. \u00c0 partir du milieu du XIXe si\u00e8cle, dans les lois sur le travail, les femmes et les enfants passent apr\u00e8s. Dans les lois sur l&#8217;enseignement,&hellip;<\/p>\n<p class=\"more-link-p\"><a class=\"more-link\" href=\"https:\/\/mieux-se-connaitre.com\/wp4\/2013\/01\/les-femmes-et-les-enfants-apres\/\">Suite &rarr;<\/a><\/p>\n<!-- google_ad_section_end -->","protected":false},"author":1,"featured_media":0,"comment_status":"open","ping_status":"open","sticky":false,"template":"","format":"standard","meta":[],"categories":[7,151],"tags":[],"_links":{"self":[{"href":"https:\/\/mieux-se-connaitre.com\/wp4\/wp-json\/wp\/v2\/posts\/5941"}],"collection":[{"href":"https:\/\/mieux-se-connaitre.com\/wp4\/wp-json\/wp\/v2\/posts"}],"about":[{"href":"https:\/\/mieux-se-connaitre.com\/wp4\/wp-json\/wp\/v2\/types\/post"}],"author":[{"embeddable":true,"href":"https:\/\/mieux-se-connaitre.com\/wp4\/wp-json\/wp\/v2\/users\/1"}],"replies":[{"embeddable":true,"href":"https:\/\/mieux-se-connaitre.com\/wp4\/wp-json\/wp\/v2\/comments?post=5941"}],"version-history":[{"count":5,"href":"https:\/\/mieux-se-connaitre.com\/wp4\/wp-json\/wp\/v2\/posts\/5941\/revisions"}],"predecessor-version":[{"id":5960,"href":"https:\/\/mieux-se-connaitre.com\/wp4\/wp-json\/wp\/v2\/posts\/5941\/revisions\/5960"}],"wp:attachment":[{"href":"https:\/\/mieux-se-connaitre.com\/wp4\/wp-json\/wp\/v2\/media?parent=5941"}],"wp:term":[{"taxonomy":"category","embeddable":true,"href":"https:\/\/mieux-se-connaitre.com\/wp4\/wp-json\/wp\/v2\/categories?post=5941"},{"taxonomy":"post_tag","embeddable":true,"href":"https:\/\/mieux-se-connaitre.com\/wp4\/wp-json\/wp\/v2\/tags?post=5941"}],"curies":[{"name":"wp","href":"https:\/\/api.w.org\/{rel}","templated":true}]}}