{"id":6160,"date":"2013-03-29T16:56:10","date_gmt":"2013-03-29T14:56:10","guid":{"rendered":"https:\/\/mieux-se-connaitre.com\/wp4\/?p=6160"},"modified":"2013-03-29T16:56:42","modified_gmt":"2013-03-29T14:56:42","slug":"une-avenue-foret-de-lisle-adam-de-theodore-rousseau-complements","status":"publish","type":"post","link":"https:\/\/mieux-se-connaitre.com\/wp4\/2013\/03\/une-avenue-foret-de-lisle-adam-de-theodore-rousseau-complements\/","title":{"rendered":"Une avenue, for\u00eat de l\u2019Isle-Adam, de Th\u00e9odore Rousseau, compl\u00e9ments"},"content":{"rendered":"<!-- google_ad_section_start --><p>Regardez plus attentivement le tableau de Th\u00e9odore Rousseau, <a href=\"https:\/\/mieux-se-connaitre.com\/wp4\/?p=3799\"><em>Une avenue, for\u00eat de l&#8217;Isle-Adam<\/em><\/a>.<\/p>\n<p><a href=\"https:\/\/mieux-se-connaitre.com\/wp4\/wp-content\/uploads\/2013\/03\/avenuA2c.jpg\"><img loading=\"lazy\" class=\"alignleft size-medium wp-image-6162\" alt=\"avenuA2c\" src=\"https:\/\/mieux-se-connaitre.com\/wp4\/wp-content\/uploads\/2013\/03\/avenuA2c-300x242.jpg\" width=\"300\" height=\"242\" srcset=\"https:\/\/mieux-se-connaitre.com\/wp4\/wp-content\/uploads\/2013\/03\/avenuA2c-300x242.jpg 300w, https:\/\/mieux-se-connaitre.com\/wp4\/wp-content\/uploads\/2013\/03\/avenuA2c-150x121.jpg 150w, https:\/\/mieux-se-connaitre.com\/wp4\/wp-content\/uploads\/2013\/03\/avenuA2c.jpg 582w\" sizes=\"(max-width: 300px) 100vw, 300px\" \/><\/a>&#8211; Observez la proportion entre la berg\u00e8re et l&#8217;arbre au pied duquel elle est assise.<br \/>\nLes personnages sont si petits qu&#8217;ils deviennent anecdotiques dans ce magnifique paysage de for\u00eat.<br \/>\n&#8211; Retrouvez la couleur de la jupe de la berg\u00e8re (\u00e9ventuellement avecune pipette photoshop).<br \/>\nVibrant au milieu des verts enserrant l\u2019espace du tableau, un point lumineux et intense, celui de la jupe bleu de Prusse de la berg\u00e8re.<!--more--><br \/>\n<a href=\"https:\/\/mieux-se-connaitre.com\/wp4\/wp-content\/uploads\/2013\/03\/avenueIA.jpg\"><img loading=\"lazy\" class=\"alignleft size-medium wp-image-6163\" alt=\"avenueIA\" src=\"https:\/\/mieux-se-connaitre.com\/wp4\/wp-content\/uploads\/2013\/03\/avenueIA-300x114.jpg\" width=\"300\" height=\"114\" srcset=\"https:\/\/mieux-se-connaitre.com\/wp4\/wp-content\/uploads\/2013\/03\/avenueIA-300x114.jpg 300w, https:\/\/mieux-se-connaitre.com\/wp4\/wp-content\/uploads\/2013\/03\/avenueIA-150x57.jpg 150w, https:\/\/mieux-se-connaitre.com\/wp4\/wp-content\/uploads\/2013\/03\/avenueIA.jpg 419w\" sizes=\"(max-width: 300px) 100vw, 300px\" \/><\/a>&#8211; Retrouvez ces touches sur le tableau.<\/p>\n<p>Rousseau m\u00eale le motif des feuillages et celui de la mousse pr\u00e9sente dans les for\u00eats d&#8217;Ile de France.<\/p>\n<p>&#8211; Trouvez tous les personnages et les vaches du tableau<br \/>\nOn d\u00e9nombre en plus des deux paysannes presque une dizaine de b\u00eates paissant tranquillement au milieu des grands arbres.<br \/>\n&#8211; Trouvez le point de fuite du tableau<br \/>\nLa trou\u00e9e centrale en forme de T renvers\u00e9 et le travail sur la lumi\u00e8re cr\u00e9ent une l\u00e9g\u00e8re perspective qui pr\u00e9cipite le regard vers le ciel au fond du tableau puis lui permet de monter vers l\u2019azur.<br \/>\n&#8211; Observez les limites de la zone de lumi\u00e8re.<br \/>\nLa zone de lumi\u00e8re constitue une sorte de T renvers\u00e9 au centre du tableau.<\/p>\n<div id=\"attachment_3800\" style=\"width: 250px\" class=\"wp-caption alignleft\"><a href=\"https:\/\/mieux-se-connaitre.com\/wp4\/wp-content\/uploads\/2011\/07\/avenue.jpg\"><img aria-describedby=\"caption-attachment-3800\" loading=\"lazy\" class=\"size-medium wp-image-3800\" alt=\"Une avenue en for\u00eat de l'Isle Adam de Th\u00e9odore Rousseau - Mus\u00e9e d'Orsay\" src=\"https:\/\/mieux-se-connaitre.com\/wp4\/wp-content\/uploads\/2011\/07\/avenue-240x300.jpg\" width=\"240\" height=\"300\" srcset=\"https:\/\/mieux-se-connaitre.com\/wp4\/wp-content\/uploads\/2011\/07\/avenue-240x300.jpg 240w, https:\/\/mieux-se-connaitre.com\/wp4\/wp-content\/uploads\/2011\/07\/avenue-120x150.jpg 120w, https:\/\/mieux-se-connaitre.com\/wp4\/wp-content\/uploads\/2011\/07\/avenue.jpg 641w\" sizes=\"(max-width: 240px) 100vw, 240px\" \/><\/a><p id=\"caption-attachment-3800\" class=\"wp-caption-text\">Une avenue en for\u00eat de l&#8217;Isle Adam de Th\u00e9odore Rousseau &#8211; Mus\u00e9e d&#8217;Orsay<\/p><\/div>\n<!-- google_ad_section_end -->","protected":false},"excerpt":{"rendered":"<!-- google_ad_section_start --><p>Regardez plus attentivement le tableau de Th\u00e9odore Rousseau, Une avenue, for\u00eat de l&#8217;Isle-Adam. &#8211; Observez la proportion entre la berg\u00e8re et l&#8217;arbre au pied duquel elle est assise. Les personnages sont si petits qu&#8217;ils deviennent anecdotiques dans ce magnifique paysage&hellip;<\/p>\n<p class=\"more-link-p\"><a class=\"more-link\" href=\"https:\/\/mieux-se-connaitre.com\/wp4\/2013\/03\/une-avenue-foret-de-lisle-adam-de-theodore-rousseau-complements\/\">Suite &rarr;<\/a><\/p>\n<!-- google_ad_section_end -->","protected":false},"author":1,"featured_media":0,"comment_status":"open","ping_status":"open","sticky":false,"template":"","format":"standard","meta":[],"categories":[245],"tags":[],"_links":{"self":[{"href":"https:\/\/mieux-se-connaitre.com\/wp4\/wp-json\/wp\/v2\/posts\/6160"}],"collection":[{"href":"https:\/\/mieux-se-connaitre.com\/wp4\/wp-json\/wp\/v2\/posts"}],"about":[{"href":"https:\/\/mieux-se-connaitre.com\/wp4\/wp-json\/wp\/v2\/types\/post"}],"author":[{"embeddable":true,"href":"https:\/\/mieux-se-connaitre.com\/wp4\/wp-json\/wp\/v2\/users\/1"}],"replies":[{"embeddable":true,"href":"https:\/\/mieux-se-connaitre.com\/wp4\/wp-json\/wp\/v2\/comments?post=6160"}],"version-history":[{"count":2,"href":"https:\/\/mieux-se-connaitre.com\/wp4\/wp-json\/wp\/v2\/posts\/6160\/revisions"}],"predecessor-version":[{"id":6168,"href":"https:\/\/mieux-se-connaitre.com\/wp4\/wp-json\/wp\/v2\/posts\/6160\/revisions\/6168"}],"wp:attachment":[{"href":"https:\/\/mieux-se-connaitre.com\/wp4\/wp-json\/wp\/v2\/media?parent=6160"}],"wp:term":[{"taxonomy":"category","embeddable":true,"href":"https:\/\/mieux-se-connaitre.com\/wp4\/wp-json\/wp\/v2\/categories?post=6160"},{"taxonomy":"post_tag","embeddable":true,"href":"https:\/\/mieux-se-connaitre.com\/wp4\/wp-json\/wp\/v2\/tags?post=6160"}],"curies":[{"name":"wp","href":"https:\/\/api.w.org\/{rel}","templated":true}]}}