{"id":6286,"date":"2013-05-02T07:56:26","date_gmt":"2013-05-02T05:56:26","guid":{"rendered":"https:\/\/mieux-se-connaitre.com\/wp4\/?p=6286"},"modified":"2020-05-18T18:48:14","modified_gmt":"2020-05-18T16:48:14","slug":"la-blanchisseuse-de-daumier-complements","status":"publish","type":"post","link":"https:\/\/mieux-se-connaitre.com\/wp4\/2013\/05\/la-blanchisseuse-de-daumier-complements\/","title":{"rendered":"La Blanchisseuse de Daumier &#8211; compl\u00e9ments"},"content":{"rendered":"<!-- google_ad_section_start --><div id=\"attachment_2305\" style=\"width: 211px\" class=\"wp-caption alignleft\"><a href=\"https:\/\/mieux-se-connaitre.com\/wp4\/wp-content\/uploads\/2010\/08\/blanchis.jpg\"><img aria-describedby=\"caption-attachment-2305\" loading=\"lazy\" class=\"wp-image-2305 size-medium\" src=\"https:\/\/mieux-se-connaitre.com\/wp4\/wp-content\/uploads\/2010\/08\/blanchis-201x300.jpg\" alt=\"La blanchisseuse de Honor\u00e9 Daumier - Mus\u00e9e d'Orsay\" width=\"201\" height=\"300\" srcset=\"https:\/\/mieux-se-connaitre.com\/wp4\/wp-content\/uploads\/2010\/08\/blanchis-201x300.jpg 201w, https:\/\/mieux-se-connaitre.com\/wp4\/wp-content\/uploads\/2010\/08\/blanchis-100x150.jpg 100w, https:\/\/mieux-se-connaitre.com\/wp4\/wp-content\/uploads\/2010\/08\/blanchis.jpg 537w\" sizes=\"(max-width: 201px) 100vw, 201px\" \/><\/a><p id=\"caption-attachment-2305\" class=\"wp-caption-text\">La blanchisseuse de Honor\u00e9 Daumier &#8211; Mus\u00e9e d&#8217;Orsay<\/p><\/div>\n<p>Pour mieux appr\u00e9cier <a href=\"https:\/\/mieux-se-connaitre.com\/wp4\/2010\/08\/la-blanchisseuse-de-honore-daumier\/\">La Blanchisseuse<\/a> d&#8217;Honor\u00e9 Daumier, je vous propose sa biographie puis quelques jeux d&#8217;observation.<\/p>\n<p><span style=\"color: #800000;\"><strong>Daumier Honor\u00e9, dessinateur, lithographe et peintre fran\u00e7ais<\/strong><\/span><br \/>\n1808 (Marseille) &#8211; 1879 (Valmondois)<\/p>\n<p>Dessinateur, peintre, lithographe et sculpteur. Daumier, le r\u00e9publicain, p\u00e9trit dans la glaise ces visages d\u00e9test\u00e9s qui repr\u00e9sentent Le Ventre l\u00e9gislatif. Bajoues, nez crochus, champs de rides, attitudes simiesques, sourires narquois, masques fourbes. Quel jeu de massacre ! Plus dur que ses caricatures, plus f\u00e9roce que ses sc\u00e8nes sur le vif, aussi fort que toute sa peinture et son \u0153uvre. C&#8217;est l&#8217;expression d&#8217;une vie difficile, laborieuse et souvent p\u00e9nible.<\/p>\n<p>Ces rimes \u00e9crites \u00e0 son p\u00e8re chantent ses difficult\u00e9s :<br \/>\n&#8220;Heureux si plus docile \u00e0 mon humble fortune,<br \/>\nJe n&#8217;avais parcouru que la route commune<br \/>\nO\u00f9 disparurent mes a\u00efeux !&#8221;<br \/>\n&#8220;Ce que le bourgeois collet mont\u00e9 lui reprochait, tout en gravant dans sa m\u00e9moire, en traits ind\u00e9l\u00e9biles, la plupart des types, c&#8217;\u00e9tait de faire laid&#8221;. &#8211; Viollet-le-Duc &#8211;<br \/>\nNon, aurait pu r\u00e9torquer Daumier ; je fais de la &#8220;belle laideur&#8221; comme il existe de beaux crimes ! Il regardait, mais n&#8217;aimait pas travailler d&#8217;apr\u00e8s nature, mais, en fait, r\u00e9fl\u00e9chissait d&#8217;apr\u00e8s nature.<br \/>\n&#8220;Comme artiste, ce qui le distingue, c&#8217;est la certitude : il a une m\u00e9moire merveilleuse et quasi divine qui lui sert de mod\u00e8le&#8221; &#8211; Baudelaire &#8211;<br \/>\nIl peint la mis\u00e8re et l&#8217;impuissance de tous ceux qui souffrent sur terre de toutes les autorit\u00e9s : l&#8217;\u00e9tat, la justice, la finance, le bourgeois, le propri\u00e9taire et le gendarme.<br \/>\nDaumier a longtemps \u00e9t\u00e9 consid\u00e9r\u00e9 que comme un caricaturiste par ses contemporains qu&#8217;il ridiculisait \u00e0 souhait ; ils n&#8217;ont pas reconnu son universalit\u00e9 ; ils n&#8217;ont pas ressenti qu&#8217;il \u00e9tait un des premiers expressionnistes, un des premiers \u00e0 faire peindre les opprim\u00e9s et \u00e0 faire parler leur souffrance morale.<\/p>\n<p>1830 : premi\u00e8res lithographies pour La Caricature et La Silhouette<br \/>\n1832 : il fait six mois de prison pour avoir caricatur\u00e9 le roi Louis-Philippe sous les traits de Gargantua<br \/>\n1834 : Le Ventre l\u00e9gislatif &#8211; La Rue Transnonain<br \/>\n1848 : L&#8217;insurrection &#8211; L&#8217;amateur d&#8217;estampes &#8211; La R\u00e9publique<br \/>\n1850 : Ratapoil, l&#8217;agent du Prince pr\u00e9sident<br \/>\n1850-60 : Don Quichotte<\/p>\n<h2 style=\"text-align: center;\"><span style=\"color: #800000;\">Jeux d&#8217;observation sur le tableau<\/span><\/h2>\n<h3><a href=\"https:\/\/mieux-se-connaitre.com\/wp4\/wp-content\/uploads\/2013\/05\/blancA1a.jpg\"><img loading=\"lazy\" class=\"alignleft wp-image-6289 size-medium\" src=\"https:\/\/mieux-se-connaitre.com\/wp4\/wp-content\/uploads\/2013\/05\/blancA1a-300x113.jpg\" alt=\"blancA1a\" width=\"300\" height=\"113\" srcset=\"https:\/\/mieux-se-connaitre.com\/wp4\/wp-content\/uploads\/2013\/05\/blancA1a-300x113.jpg 300w, https:\/\/mieux-se-connaitre.com\/wp4\/wp-content\/uploads\/2013\/05\/blancA1a-150x56.jpg 150w, https:\/\/mieux-se-connaitre.com\/wp4\/wp-content\/uploads\/2013\/05\/blancA1a.jpg 424w\" sizes=\"(max-width: 300px) 100vw, 300px\" \/><\/a><span style=\"color: #800000;\">&#8211; Identifier la place des cinq gros plans dans le tableau.<\/span><\/h3>\n<p>Ce tableau donne une impression d&#8217;inachev\u00e9, les visages volontairement escamot\u00e9s donnent aux personnages la valeur de types.<\/p>\n<h3><span style=\"color: #800000;\">&#8211; Trouver les lignes directrices du tableau.<\/span><\/h3>\n<p>Quatre diagonales barrent le tableau et font &#8221;monter l&#8217;espace&#8221;<br \/>\nle tableau<\/p>\n<h3><span style=\"color: #800000;\">&#8211; Observer les couleurs de la jupe de la m\u00e8re, de son corsage et du v\u00eatement de l&#8217;enfant.<\/span><\/h3>\n<p>La jupe de la m\u00e8re prend dans l&#8217;ombre une teinte garance fonc\u00e9e, son corsage est bronze et l&#8217;enfant s&#8217;accorde \u00e0 ces deux coloris par son v\u00eatement \u00e9meraude.<\/p>\n<h3><a href=\"https:\/\/mieux-se-connaitre.com\/wp4\/wp-content\/uploads\/2013\/05\/blancB1a.jpg\"><img loading=\"lazy\" class=\"alignleft size-full wp-image-6290\" src=\"https:\/\/mieux-se-connaitre.com\/wp4\/wp-content\/uploads\/2013\/05\/blancB1a.jpg\" alt=\"blancB1a\" width=\"280\" height=\"243\" srcset=\"https:\/\/mieux-se-connaitre.com\/wp4\/wp-content\/uploads\/2013\/05\/blancB1a.jpg 280w, https:\/\/mieux-se-connaitre.com\/wp4\/wp-content\/uploads\/2013\/05\/blancB1a-150x130.jpg 150w\" sizes=\"(max-width: 280px) 100vw, 280px\" \/><\/a><span style=\"color: #800000;\">&#8211; Retrouvez o\u00f9 sont situ\u00e9es ces touches dans le baluchon de linge.<\/span><\/h3>\n<p>Daumier fait du baluchon de linge un petit morceau de peinture savant, fait de rose et d\u2019ocre blanchi, le tout terni par des glacis de terre d\u2019ombre.<\/p>\n<h3><span style=\"color: #800000;\">&#8211; Identifier les principales zones de passage du tableau<\/span><\/h3>\n<p>et observer le rapport clair-obscur entre le haut de l&#8217;escalier et les immeubles de l&#8217;arri\u00e8re-plan.<br \/>\nC&#8217;est ce soleil magnifique sur la ville arr\u00eatant sa lumi\u00e8re \u00e0 la moiti\u00e9 de l&#8217;eau du fleuve, qui divise la sc\u00e8ne en deux mondes antagonistes.<\/p>\n<h3><span style=\"color: #800000;\">&#8211; Observez toutes les horizontales du tableau.<\/span><\/h3>\n<p>Une s\u00e9rie d&#8217;horizontales permet un am\u00e9nagement particulier entre l&#8217;ombre et la lumi\u00e8re.<\/p>\n<h3><span style=\"color: #800000;\">&#8211; Sur ces images quel est le bon rapport clair-obscur de chaque c\u00f4t\u00e9 de la ligne de partage ombre-lumi\u00e8re?<\/span><br \/>\n<a href=\"https:\/\/mieux-se-connaitre.com\/wp4\/wp-content\/uploads\/2013\/05\/blancB5a.jpg\"><img loading=\"lazy\" class=\"alignleft wp-image-6292 size-full\" src=\"https:\/\/mieux-se-connaitre.com\/wp4\/wp-content\/uploads\/2013\/05\/blancB5a.jpg\" alt=\"blancB5a\" width=\"554\" height=\"800\" srcset=\"https:\/\/mieux-se-connaitre.com\/wp4\/wp-content\/uploads\/2013\/05\/blancB5a.jpg 554w, https:\/\/mieux-se-connaitre.com\/wp4\/wp-content\/uploads\/2013\/05\/blancB5a-103x150.jpg 103w, https:\/\/mieux-se-connaitre.com\/wp4\/wp-content\/uploads\/2013\/05\/blancB5a-207x300.jpg 207w\" sizes=\"(max-width: 554px) 100vw, 554px\" \/><\/a><\/h3>\n<p>La ligne qui divise la sc\u00e8ne en deux mondes antagonistes passe au milieu du fleuve et une horizontale, le parapet du quai sur l\u2019autre rive, limite la partie haute du tableau, environ au tiers sup\u00e9rieur.<\/p>\n<h3><span style=\"color: #800000;\">&#8211; Observez les deux verticales qui accentuent la raideur de l&#8217;escalier<\/span><\/h3>\n<p>La verticalit\u00e9 est donn\u00e9e par les deux montants du haut de l&#8217;escalier<\/p>\n<h3><span style=\"color: #800000;\">&#8211; Quel est le lieu repr\u00e9sent\u00e9 dans ce tableau<\/span><\/h3>\n<p>Daumier a longtemps habit\u00e9 dans l\u2019\u00eele Saint-Louis \u00e0 deux pas de chez Baudelaire; le tableau est une r\u00e9miniscence du quartier, nostalgie&#8230; Daumier vit \u00e0 l\u2019\u00e9poque \u00e0 Pigalle dans un atelier de peintre.<\/p>\n<p><a href=\"https:\/\/mieux-se-connaitre.com\/wp4\/wp-content\/uploads\/2013\/05\/blancC2a.jpg\"><img loading=\"lazy\" class=\"alignleft wp-image-6293 size-full\" src=\"https:\/\/mieux-se-connaitre.com\/wp4\/wp-content\/uploads\/2013\/05\/blancC2a.jpg\" alt=\"blancC2a\" width=\"360\" height=\"670\" srcset=\"https:\/\/mieux-se-connaitre.com\/wp4\/wp-content\/uploads\/2013\/05\/blancC2a.jpg 360w, https:\/\/mieux-se-connaitre.com\/wp4\/wp-content\/uploads\/2013\/05\/blancC2a-80x150.jpg 80w, https:\/\/mieux-se-connaitre.com\/wp4\/wp-content\/uploads\/2013\/05\/blancC2a-161x300.jpg 161w\" sizes=\"(max-width: 360px) 100vw, 360px\" \/><\/a><\/p>\n<!-- google_ad_section_end -->","protected":false},"excerpt":{"rendered":"<!-- google_ad_section_start --><p>Pour mieux appr\u00e9cier La Blanchisseuse d&#8217;Honor\u00e9 Daumier, je vous propose sa biographie puis quelques jeux d&#8217;observation. Daumier Honor\u00e9, dessinateur, lithographe et peintre fran\u00e7ais 1808 (Marseille) &#8211; 1879 (Valmondois) Dessinateur, peintre, lithographe et sculpteur. Daumier, le r\u00e9publicain, p\u00e9trit dans la glaise&hellip;<\/p>\n<p class=\"more-link-p\"><a class=\"more-link\" href=\"https:\/\/mieux-se-connaitre.com\/wp4\/2013\/05\/la-blanchisseuse-de-daumier-complements\/\">Suite &rarr;<\/a><\/p>\n<!-- google_ad_section_end -->","protected":false},"author":1,"featured_media":0,"comment_status":"open","ping_status":"open","sticky":false,"template":"","format":"standard","meta":[],"categories":[245,158],"tags":[],"_links":{"self":[{"href":"https:\/\/mieux-se-connaitre.com\/wp4\/wp-json\/wp\/v2\/posts\/6286"}],"collection":[{"href":"https:\/\/mieux-se-connaitre.com\/wp4\/wp-json\/wp\/v2\/posts"}],"about":[{"href":"https:\/\/mieux-se-connaitre.com\/wp4\/wp-json\/wp\/v2\/types\/post"}],"author":[{"embeddable":true,"href":"https:\/\/mieux-se-connaitre.com\/wp4\/wp-json\/wp\/v2\/users\/1"}],"replies":[{"embeddable":true,"href":"https:\/\/mieux-se-connaitre.com\/wp4\/wp-json\/wp\/v2\/comments?post=6286"}],"version-history":[{"count":5,"href":"https:\/\/mieux-se-connaitre.com\/wp4\/wp-json\/wp\/v2\/posts\/6286\/revisions"}],"predecessor-version":[{"id":13036,"href":"https:\/\/mieux-se-connaitre.com\/wp4\/wp-json\/wp\/v2\/posts\/6286\/revisions\/13036"}],"wp:attachment":[{"href":"https:\/\/mieux-se-connaitre.com\/wp4\/wp-json\/wp\/v2\/media?parent=6286"}],"wp:term":[{"taxonomy":"category","embeddable":true,"href":"https:\/\/mieux-se-connaitre.com\/wp4\/wp-json\/wp\/v2\/categories?post=6286"},{"taxonomy":"post_tag","embeddable":true,"href":"https:\/\/mieux-se-connaitre.com\/wp4\/wp-json\/wp\/v2\/tags?post=6286"}],"curies":[{"name":"wp","href":"https:\/\/api.w.org\/{rel}","templated":true}]}}