{"id":6311,"date":"2013-05-13T13:56:51","date_gmt":"2013-05-13T11:56:51","guid":{"rendered":"https:\/\/mieux-se-connaitre.com\/wp4\/?p=6311"},"modified":"2013-05-13T13:57:25","modified_gmt":"2013-05-13T11:57:25","slug":"galatee-de-gustave-moreau-complements","status":"publish","type":"post","link":"https:\/\/mieux-se-connaitre.com\/wp4\/2013\/05\/galatee-de-gustave-moreau-complements\/","title":{"rendered":"Galat\u00e9e de Gustave Moreau-compl\u00e9ments"},"content":{"rendered":"<!-- google_ad_section_start --><div id=\"attachment_4229\" style=\"width: 233px\" class=\"wp-caption alignleft\"><a href=\"https:\/\/mieux-se-connaitre.com\/wp4\/wp-content\/uploads\/2011\/10\/galatee.jpg\"><img aria-describedby=\"caption-attachment-4229\" loading=\"lazy\" class=\" wp-image-4229  \" alt=\"Galat\u00e9e de Gustave Moreau - Mus\u00e9e d'Orsay\" src=\"https:\/\/mieux-se-connaitre.com\/wp4\/wp-content\/uploads\/2011\/10\/galatee.jpg\" width=\"223\" height=\"288\" srcset=\"https:\/\/mieux-se-connaitre.com\/wp4\/wp-content\/uploads\/2011\/10\/galatee.jpg 620w, https:\/\/mieux-se-connaitre.com\/wp4\/wp-content\/uploads\/2011\/10\/galatee-116x150.jpg 116w, https:\/\/mieux-se-connaitre.com\/wp4\/wp-content\/uploads\/2011\/10\/galatee-232x300.jpg 232w\" sizes=\"(max-width: 223px) 100vw, 223px\" \/><\/a><p id=\"caption-attachment-4229\" class=\"wp-caption-text\">Galat\u00e9e de Gustave Moreau &#8211; Mus\u00e9e d&#8217;Orsay<\/p><\/div>\n<p>Plus vous apprendrez \u00e0 voir les tableaux, plus vous les appr\u00e9cierez. Je vous propose d&#8217;observer encore mieux <a href=\"https:\/\/mieux-se-connaitre.com\/wp4\/?p=4228\">Galat\u00e9e de Gustave Moreau<\/a>.<\/p>\n<p>&#8211; Observez la direction du regard aveugle de Polyph\u00e8me<br \/>\nUn surprenant troisi\u00e8me oeil au front du cyclope regarde en fait la nymphe<\/p>\n<p>&#8211; Quelle est la couleur du g\u00e9ant Polyph\u00e8me. Ouvrez l&#8217;image dans photoshop et allez voir avec la pipette. Cet exercice est toujours surprenant.<br \/>\nLe corps de Polyph\u00e8me est d&#8217;un brun rouge qui \u00e9voque la passion<!--more--><a href=\"https:\/\/mieux-se-connaitre.com\/wp4\/wp-content\/uploads\/2013\/05\/galateeBlog.jpg\"><img loading=\"lazy\" class=\"alignleft size-medium wp-image-6324\" alt=\"galateeBlog\" src=\"https:\/\/mieux-se-connaitre.com\/wp4\/wp-content\/uploads\/2013\/05\/galateeBlog-300x246.jpg\" width=\"300\" height=\"246\" srcset=\"https:\/\/mieux-se-connaitre.com\/wp4\/wp-content\/uploads\/2013\/05\/galateeBlog-300x246.jpg 300w, https:\/\/mieux-se-connaitre.com\/wp4\/wp-content\/uploads\/2013\/05\/galateeBlog-150x123.jpg 150w, https:\/\/mieux-se-connaitre.com\/wp4\/wp-content\/uploads\/2013\/05\/galateeBlog.jpg 800w\" sizes=\"(max-width: 300px) 100vw, 300px\" \/><\/a><\/p>\n<p>&#8211; Quelle est parmi ces images la bonne intensit\u00e9 lumineuse du corps de Galat\u00e9e?<br \/>\nLe corps de la nymphe est d&#8217;un ivoire pur concentrant la lumi\u00e8re plus qu&#8217;il ne la refl\u00e8te.<\/p>\n<p>&#8211; Quelle est la diagonale qui cr\u00e9e l&#8217;espace et qui se confond avec la lumi\u00e8re essentielle du tableau.<br \/>\nLe tableau est structur\u00e9 par le corps de la nymphe au travers duquel passe une ligne m\u00e9diane, allant du pied \u00e0 la nuque o\u00f9 se cache sa main.<\/p>\n<p>&nbsp;<\/p>\n<p><a href=\"https:\/\/mieux-se-connaitre.com\/wp4\/wp-content\/uploads\/2013\/05\/galateesombre.jpg\"><img loading=\"lazy\" class=\"alignleft size-full wp-image-6328\" alt=\"galateesombre\" src=\"https:\/\/mieux-se-connaitre.com\/wp4\/wp-content\/uploads\/2013\/05\/galateesombre.jpg\" width=\"296\" height=\"236\" srcset=\"https:\/\/mieux-se-connaitre.com\/wp4\/wp-content\/uploads\/2013\/05\/galateesombre.jpg 296w, https:\/\/mieux-se-connaitre.com\/wp4\/wp-content\/uploads\/2013\/05\/galateesombre-150x119.jpg 150w\" sizes=\"(max-width: 296px) 100vw, 296px\" \/><\/a>&#8211; Rep\u00e9rez ces zones les plus sombres du tableau.<br \/>\nDeux zones sombres au pied de Galat\u00e9e et dans le haut du tableau ferment le tableau sur lui-m\u00eame comme une grotte protectrice et myst\u00e9rieuse.<br \/>\n<a href=\"https:\/\/mieux-se-connaitre.com\/wp4\/wp-content\/uploads\/2013\/05\/galateenus.jpg\"><img loading=\"lazy\" class=\"alignleft size-medium wp-image-6325\" alt=\"galateenus\" src=\"https:\/\/mieux-se-connaitre.com\/wp4\/wp-content\/uploads\/2013\/05\/galateenus-246x300.jpg\" width=\"246\" height=\"300\" srcset=\"https:\/\/mieux-se-connaitre.com\/wp4\/wp-content\/uploads\/2013\/05\/galateenus-246x300.jpg 246w, https:\/\/mieux-se-connaitre.com\/wp4\/wp-content\/uploads\/2013\/05\/galateenus-123x150.jpg 123w, https:\/\/mieux-se-connaitre.com\/wp4\/wp-content\/uploads\/2013\/05\/galateenus.jpg 362w\" sizes=\"(max-width: 246px) 100vw, 246px\" \/><\/a><\/p>\n<p>&nbsp;<\/p>\n<p>&nbsp;<\/p>\n<p>&nbsp;<\/p>\n<p>&#8211; Parmi ces gros plans de nus, lequel appartient \u00e0 Galat\u00e9e?<br \/>\nLe rendu des chairs dans ces trois tableaux sont proches, mais la nymphe de Gustave Moreau moins nacr\u00e9e \u00e9voque une pr\u00e9sence plus organique.<\/p>\n<p>&nbsp;<\/p>\n<p>&nbsp;<\/p>\n<p>&nbsp;<\/p>\n<p><a href=\"https:\/\/mieux-se-connaitre.com\/wp4\/wp-content\/uploads\/2013\/05\/galateefleurs.jpg\"><img loading=\"lazy\" class=\"alignleft size-medium wp-image-6326\" alt=\"galateefleurs\" src=\"https:\/\/mieux-se-connaitre.com\/wp4\/wp-content\/uploads\/2013\/05\/galateefleurs-300x113.jpg\" width=\"300\" height=\"113\" srcset=\"https:\/\/mieux-se-connaitre.com\/wp4\/wp-content\/uploads\/2013\/05\/galateefleurs-300x113.jpg 300w, https:\/\/mieux-se-connaitre.com\/wp4\/wp-content\/uploads\/2013\/05\/galateefleurs-150x56.jpg 150w, https:\/\/mieux-se-connaitre.com\/wp4\/wp-content\/uploads\/2013\/05\/galateefleurs.jpg 426w\" sizes=\"(max-width: 300px) 100vw, 300px\" \/><\/a>&#8211; Rep\u00e9rez toutes ces fleurs dans le tableau.<br \/>\nLes \u00e9l\u00e9ments v\u00e9g\u00e9taux sont \u00e0 la fois aquatiques et terrestres, leur rendu en est extr\u00eamement travaill\u00e9.<\/p>\n<p><a href=\"https:\/\/mieux-se-connaitre.com\/wp4\/wp-content\/uploads\/2013\/05\/galateeverticales.jpg\"><img loading=\"lazy\" class=\"alignleft size-full wp-image-6327\" alt=\"galateeverticales\" src=\"https:\/\/mieux-se-connaitre.com\/wp4\/wp-content\/uploads\/2013\/05\/galateeverticales.jpg\" width=\"281\" height=\"162\" srcset=\"https:\/\/mieux-se-connaitre.com\/wp4\/wp-content\/uploads\/2013\/05\/galateeverticales.jpg 281w, https:\/\/mieux-se-connaitre.com\/wp4\/wp-content\/uploads\/2013\/05\/galateeverticales-150x86.jpg 150w\" sizes=\"(max-width: 281px) 100vw, 281px\" \/><\/a>&#8211; Rep\u00e9rez ces fragments d&#8217;\u00e9l\u00e9ments verticaux.<br \/>\nLes touches de pinceaux des cheveux tombant en cascade, des parois de la roche et de leurs reflets se r\u00e9pondent en un \u00e9cho harmonieux.<\/p>\n<!-- google_ad_section_end -->","protected":false},"excerpt":{"rendered":"<!-- google_ad_section_start --><p>Plus vous apprendrez \u00e0 voir les tableaux, plus vous les appr\u00e9cierez. Je vous propose d&#8217;observer encore mieux Galat\u00e9e de Gustave Moreau. &#8211; Observez la direction du regard aveugle de Polyph\u00e8me Un surprenant troisi\u00e8me oeil au front du cyclope regarde en&hellip;<\/p>\n<p class=\"more-link-p\"><a class=\"more-link\" href=\"https:\/\/mieux-se-connaitre.com\/wp4\/2013\/05\/galatee-de-gustave-moreau-complements\/\">Suite &rarr;<\/a><\/p>\n<!-- google_ad_section_end -->","protected":false},"author":1,"featured_media":0,"comment_status":"open","ping_status":"open","sticky":false,"template":"","format":"standard","meta":[],"categories":[245],"tags":[],"_links":{"self":[{"href":"https:\/\/mieux-se-connaitre.com\/wp4\/wp-json\/wp\/v2\/posts\/6311"}],"collection":[{"href":"https:\/\/mieux-se-connaitre.com\/wp4\/wp-json\/wp\/v2\/posts"}],"about":[{"href":"https:\/\/mieux-se-connaitre.com\/wp4\/wp-json\/wp\/v2\/types\/post"}],"author":[{"embeddable":true,"href":"https:\/\/mieux-se-connaitre.com\/wp4\/wp-json\/wp\/v2\/users\/1"}],"replies":[{"embeddable":true,"href":"https:\/\/mieux-se-connaitre.com\/wp4\/wp-json\/wp\/v2\/comments?post=6311"}],"version-history":[{"count":8,"href":"https:\/\/mieux-se-connaitre.com\/wp4\/wp-json\/wp\/v2\/posts\/6311\/revisions"}],"predecessor-version":[{"id":6341,"href":"https:\/\/mieux-se-connaitre.com\/wp4\/wp-json\/wp\/v2\/posts\/6311\/revisions\/6341"}],"wp:attachment":[{"href":"https:\/\/mieux-se-connaitre.com\/wp4\/wp-json\/wp\/v2\/media?parent=6311"}],"wp:term":[{"taxonomy":"category","embeddable":true,"href":"https:\/\/mieux-se-connaitre.com\/wp4\/wp-json\/wp\/v2\/categories?post=6311"},{"taxonomy":"post_tag","embeddable":true,"href":"https:\/\/mieux-se-connaitre.com\/wp4\/wp-json\/wp\/v2\/tags?post=6311"}],"curies":[{"name":"wp","href":"https:\/\/api.w.org\/{rel}","templated":true}]}}