{"id":6707,"date":"2013-09-19T07:56:50","date_gmt":"2013-09-19T05:56:50","guid":{"rendered":"https:\/\/mieux-se-connaitre.com\/wp4\/?p=6707"},"modified":"2013-09-19T07:58:03","modified_gmt":"2013-09-19T05:58:03","slug":"parole-de-peintre-ricard-cordingley","status":"publish","type":"post","link":"https:\/\/mieux-se-connaitre.com\/wp4\/2013\/09\/parole-de-peintre-ricard-cordingley\/","title":{"rendered":"Parole de peintre : Ricard-Cordingley"},"content":{"rendered":"<!-- google_ad_section_start --><div id=\"attachment_6708\" style=\"width: 310px\" class=\"wp-caption alignleft\"><a href=\"https:\/\/mieux-se-connaitre.com\/wp4\/wp-content\/uploads\/2013\/09\/M0125im.jpg\"><img aria-describedby=\"caption-attachment-6708\" loading=\"lazy\" class=\"size-medium wp-image-6708\" alt=\"Aquarelle de Georges Ricard Cordingley\" src=\"https:\/\/mieux-se-connaitre.com\/wp4\/wp-content\/uploads\/2013\/09\/M0125im-300x228.jpg\" width=\"300\" height=\"228\" srcset=\"https:\/\/mieux-se-connaitre.com\/wp4\/wp-content\/uploads\/2013\/09\/M0125im-300x228.jpg 300w, https:\/\/mieux-se-connaitre.com\/wp4\/wp-content\/uploads\/2013\/09\/M0125im-150x114.jpg 150w, https:\/\/mieux-se-connaitre.com\/wp4\/wp-content\/uploads\/2013\/09\/M0125im.jpg 318w\" sizes=\"(max-width: 300px) 100vw, 300px\" \/><\/a><p id=\"caption-attachment-6708\" class=\"wp-caption-text\">Aquarelle de Georges Ricard Cordingley<\/p><\/div>\n<p>Mon sujet est l&#8217;espace, tel qu&#8217;il appara\u00eet avec ses nuages, ses lumi\u00e8res, perp\u00e9tuellement vari\u00e9 au gr\u00e9 du temps. Quel que soit le motif apparent du tableau: bateaux, vagues, mer, p\u00eacheurs, ciel. L&#8217;\u00e9motion me vient toujours de l&#8217;horizon o\u00f9 je conduis le regard.<\/p>\n<!-- google_ad_section_end -->","protected":false},"excerpt":{"rendered":"<!-- google_ad_section_start --><p>Mon sujet est l&#8217;espace, tel qu&#8217;il appara\u00eet avec ses nuages, ses lumi\u00e8res, perp\u00e9tuellement vari\u00e9 au gr\u00e9 du temps. Quel que soit le motif apparent du tableau: bateaux, vagues, mer, p\u00eacheurs, ciel. L&#8217;\u00e9motion me vient toujours de l&#8217;horizon o\u00f9 je conduis&hellip;<\/p>\n<p class=\"more-link-p\"><a class=\"more-link\" href=\"https:\/\/mieux-se-connaitre.com\/wp4\/2013\/09\/parole-de-peintre-ricard-cordingley\/\">Suite &rarr;<\/a><\/p>\n<!-- google_ad_section_end -->","protected":false},"author":1,"featured_media":0,"comment_status":"open","ping_status":"open","sticky":false,"template":"","format":"standard","meta":[],"categories":[245],"tags":[],"_links":{"self":[{"href":"https:\/\/mieux-se-connaitre.com\/wp4\/wp-json\/wp\/v2\/posts\/6707"}],"collection":[{"href":"https:\/\/mieux-se-connaitre.com\/wp4\/wp-json\/wp\/v2\/posts"}],"about":[{"href":"https:\/\/mieux-se-connaitre.com\/wp4\/wp-json\/wp\/v2\/types\/post"}],"author":[{"embeddable":true,"href":"https:\/\/mieux-se-connaitre.com\/wp4\/wp-json\/wp\/v2\/users\/1"}],"replies":[{"embeddable":true,"href":"https:\/\/mieux-se-connaitre.com\/wp4\/wp-json\/wp\/v2\/comments?post=6707"}],"version-history":[{"count":2,"href":"https:\/\/mieux-se-connaitre.com\/wp4\/wp-json\/wp\/v2\/posts\/6707\/revisions"}],"predecessor-version":[{"id":6714,"href":"https:\/\/mieux-se-connaitre.com\/wp4\/wp-json\/wp\/v2\/posts\/6707\/revisions\/6714"}],"wp:attachment":[{"href":"https:\/\/mieux-se-connaitre.com\/wp4\/wp-json\/wp\/v2\/media?parent=6707"}],"wp:term":[{"taxonomy":"category","embeddable":true,"href":"https:\/\/mieux-se-connaitre.com\/wp4\/wp-json\/wp\/v2\/categories?post=6707"},{"taxonomy":"post_tag","embeddable":true,"href":"https:\/\/mieux-se-connaitre.com\/wp4\/wp-json\/wp\/v2\/tags?post=6707"}],"curies":[{"name":"wp","href":"https:\/\/api.w.org\/{rel}","templated":true}]}}