{"id":6900,"date":"2013-11-15T18:59:29","date_gmt":"2013-11-15T16:59:29","guid":{"rendered":"https:\/\/mieux-se-connaitre.com\/wp4\/?p=6900"},"modified":"2013-11-15T19:00:02","modified_gmt":"2013-11-15T17:00:02","slug":"lunite-italienne","status":"publish","type":"post","link":"https:\/\/mieux-se-connaitre.com\/wp4\/2013\/11\/lunite-italienne\/","title":{"rendered":"Les jalons de l&#8217;unit\u00e9 italienne"},"content":{"rendered":"<!-- google_ad_section_start --><p><span style=\"color: #800000\"><strong><a href=\"https:\/\/mieux-se-connaitre.com\/wp4\/wp-content\/uploads\/2013\/11\/EVT039_1.jpg\"><img loading=\"lazy\" class=\"alignleft size-medium wp-image-6905\" alt=\"EVT039_1\" src=\"https:\/\/mieux-se-connaitre.com\/wp4\/wp-content\/uploads\/2013\/11\/EVT039_1-300x225.jpg\" width=\"300\" height=\"225\" srcset=\"https:\/\/mieux-se-connaitre.com\/wp4\/wp-content\/uploads\/2013\/11\/EVT039_1-300x225.jpg 300w, https:\/\/mieux-se-connaitre.com\/wp4\/wp-content\/uploads\/2013\/11\/EVT039_1-150x112.jpg 150w, https:\/\/mieux-se-connaitre.com\/wp4\/wp-content\/uploads\/2013\/11\/EVT039_1.jpg 640w\" sizes=\"(max-width: 300px) 100vw, 300px\" \/><\/a>Un mariage de raison<\/strong><\/span><\/p>\n<p>Jeune page, puis officier du g\u00e9nie, et d\u00e9put\u00e9 en 1849, le comte de Cavour se voit confier, en 1852, la pr\u00e9sidence du Conseil par le roi Victor-Emmanuel. L&#8217;ancien ministre du commerce a d\u00e9j\u00e0 esquiss\u00e9 sa politique d&#8217;entente d\u00e9lib\u00e9r\u00e9e entre le centre droit et le centre gauche dirig\u00e9 par Rattazzi. Ce connubio (mariage) ou regroupement des centres constitue la majorit\u00e9 parlementaire qui soutient la politique nationale du Pi\u00e9mont ; Cavour est tout d\u00e9sign\u00e9 pour le diriger. Il sera (presque sans interruption jusqu&#8217;en 1861) l&#8217;artisan du d\u00e9veloppement \u00e9conomique de la Maison de Savoie et surtout de l&#8217;unit\u00e9 italienne autour de Victor-Emmanuel.<br \/>\n<!--more--><\/p>\n<div id=\"attachment_6906\" style=\"width: 271px\" class=\"wp-caption alignleft\"><a href=\"https:\/\/mieux-se-connaitre.com\/wp4\/wp-content\/uploads\/2013\/11\/EVT086_1.jpg\"><img aria-describedby=\"caption-attachment-6906\" loading=\"lazy\" class=\"size-medium wp-image-6906\" alt=\"La campagne d'Italie\" src=\"https:\/\/mieux-se-connaitre.com\/wp4\/wp-content\/uploads\/2013\/11\/EVT086_1-261x300.jpg\" width=\"261\" height=\"300\" srcset=\"https:\/\/mieux-se-connaitre.com\/wp4\/wp-content\/uploads\/2013\/11\/EVT086_1-261x300.jpg 261w, https:\/\/mieux-se-connaitre.com\/wp4\/wp-content\/uploads\/2013\/11\/EVT086_1-130x150.jpg 130w, https:\/\/mieux-se-connaitre.com\/wp4\/wp-content\/uploads\/2013\/11\/EVT086_1.jpg 419w\" sizes=\"(max-width: 261px) 100vw, 261px\" \/><\/a><p id=\"caption-attachment-6906\" class=\"wp-caption-text\">La campagne d&#8217;Italie<\/p><\/div>\n<p><span style=\"color: #800000\"><strong>La campagne d&#8217;Italie, une campagne ind\u00e9cise<\/strong><\/span><\/p>\n<p>&#8220;Si la France, tout en chassant les Autrichiens de l&#8217;Italie, prot\u00e8ge le pouvoir du pape, si elle s&#8217;oppose aux exc\u00e8s et d\u00e9clare que, sauf la Savoie et Nice, elle ne veut faire aucune conqu\u00eate, elle aura pour elle l&#8217;Europe&#8230;<br \/>\nA l&#8217;int\u00e9rieur, la guerre r\u00e9veillera d&#8217;abord de grandes craintes ; tout ce qui est commer\u00e7ant et sp\u00e9culateur jettera les hauts cris, mais le sentiment national fera justice de ces terreurs int\u00e9rieures, et la nation se retrempera dans une lutte qui fera vibrer bien des c\u0153urs &#8230;&#8221;<br \/>\nNapol\u00e9on III est bien s\u00fbr de lui lorsqu&#8217;il plaide devant son minist\u00e8re l&#8217;intervention fran\u00e7aise en Italie.<br \/>\nQuand l&#8217;Autriche attaque le Pi\u00e9mont, Napol\u00e9on III est contraint de soutenir son alli\u00e9. Il part, port\u00e9 par l&#8217;enthousiasme populaire.<br \/>\nVictoire rapide \u00e0 Magenta, mais \u00e0 Solf\u00e9rino Napol\u00e9on III h\u00e9site. &#8220;Une partie de la cavalerie a \u00e9t\u00e9 prise de panique ; quant \u00e0 l&#8217;\u00e9tat sanitaire des hommes et des chevaux, il \u00e9tait d\u00e9plorable&#8221;.<br \/>\nL&#8217;arm\u00e9e fran\u00e7aise r\u00e9v\u00e8le ses faiblesses. Napol\u00e9on III ne souhaite pas aller plus loin: &#8220;La guerre allait prendre des proportions qui n&#8217;\u00e9taient pas en rapport avec l&#8217;int\u00e9r\u00eat de la France&#8221;. Le Pi\u00e9mont n&#8217;annexe que la Lombardie. Cavour est indign\u00e9.<\/p>\n<div id=\"attachment_6907\" style=\"width: 310px\" class=\"wp-caption alignleft\"><a href=\"https:\/\/mieux-se-connaitre.com\/wp4\/wp-content\/uploads\/2013\/11\/EVT106k.jpg\"><img aria-describedby=\"caption-attachment-6907\" loading=\"lazy\" class=\"size-medium wp-image-6907\" alt=\"Proclamation du royaume d'Italie\" src=\"https:\/\/mieux-se-connaitre.com\/wp4\/wp-content\/uploads\/2013\/11\/EVT106k-300x225.jpg\" width=\"300\" height=\"225\" srcset=\"https:\/\/mieux-se-connaitre.com\/wp4\/wp-content\/uploads\/2013\/11\/EVT106k-300x225.jpg 300w, https:\/\/mieux-se-connaitre.com\/wp4\/wp-content\/uploads\/2013\/11\/EVT106k-150x112.jpg 150w, https:\/\/mieux-se-connaitre.com\/wp4\/wp-content\/uploads\/2013\/11\/EVT106k.jpg 640w\" sizes=\"(max-width: 300px) 100vw, 300px\" \/><\/a><p id=\"caption-attachment-6907\" class=\"wp-caption-text\">Proclamation du royaume d&#8217;Italie<\/p><\/div>\n<p><span style=\"color: #800000\"><strong>Un roi heureux<\/strong><\/span><\/p>\n<p>Le mois de mars est un bon mois pour le roi Victor Emmanuel : c&#8217;est le 14 mars 1820 qu&#8217;il est n\u00e9, le 28 mars 1849 qu&#8217;il est mont\u00e9 sur le tr\u00f4ne du royaume Sarde, le 23 mars 1861 qu&#8217;il est proclam\u00e9 roi d&#8217;Italie par la gr\u00e2ce de Dieu et la volont\u00e9 nationale.<br \/>\nGr\u00e2ce \u00e0 Cavour, pr\u00e9sident du conseil, <a href=\"https:\/\/mieux-se-connaitre.com\/wp4\/?p=6562\">le processus de l&#8217;unit\u00e9 italienne<\/a>, enclench\u00e9 au Congr\u00e8s de Paris, vient de s&#8217;achever ou presque. Il manque encore Venise et Rome.<br \/>\nCavour meurt avant d&#8217;avoir achev\u00e9 son \u0153uvre, mais le 1er roi d&#8217;Italie Victor Emmanuel est garant de la continuit\u00e9.<\/p>\n<div id=\"attachment_6908\" style=\"width: 207px\" class=\"wp-caption alignleft\"><a href=\"https:\/\/mieux-se-connaitre.com\/wp4\/wp-content\/uploads\/2013\/11\/BIO015a.jpg\"><img aria-describedby=\"caption-attachment-6908\" loading=\"lazy\" class=\"size-medium wp-image-6908\" alt=\"Cavour\" src=\"https:\/\/mieux-se-connaitre.com\/wp4\/wp-content\/uploads\/2013\/11\/BIO015a-197x300.jpg\" width=\"197\" height=\"300\" srcset=\"https:\/\/mieux-se-connaitre.com\/wp4\/wp-content\/uploads\/2013\/11\/BIO015a-197x300.jpg 197w, https:\/\/mieux-se-connaitre.com\/wp4\/wp-content\/uploads\/2013\/11\/BIO015a-98x150.jpg 98w, https:\/\/mieux-se-connaitre.com\/wp4\/wp-content\/uploads\/2013\/11\/BIO015a.jpg 316w\" sizes=\"(max-width: 197px) 100vw, 197px\" \/><\/a><p id=\"caption-attachment-6908\" class=\"wp-caption-text\">Cavour<\/p><\/div>\n<p><span style=\"color: #800000\"><strong>Cavour Camillo Benso, comte de, homme d&#8217;Etat italien<\/strong><\/span><br \/>\n1810 (Turin) &#8211; 1861 (Turin)<\/p>\n<p>&#8220;Toujours simple de mani\u00e8res, causant, point infatu\u00e9, point solennel, c&#8217;est un esprit sans \u00e9clat, mais sans nuage&#8230;&#8221; Le type m\u00eame de l&#8217;homme d&#8217;Etat pragmatique, orateur sans phrases, \u00e0 la fois prudent et r\u00e9solu. D&#8217;origine aristocratique, Cavour ne se destine pas \u00e0 la politique. Comme dit Gioberti : &#8220;Il est quasiment \u00e9tranger \u00e0 l&#8217;Italie, Anglais quant aux id\u00e9es, Fran\u00e7ais par la langue, avant tout curieux de l&#8217;\u00e9volution du monde moderne.&#8221; Il nourrit son exp\u00e9rience de nombreux voyages et veut contribuer \u00e0 faire du Pi\u00e9mont un \u00e9tat fort \u00e9conomiquement et militairement ; il est persuad\u00e9 qu&#8217;on ne peut r\u00e9ussir le progr\u00e8s social et politique sans d\u00e9veloppement \u00e9conomique.<br \/>\nElu d\u00e9put\u00e9 en 1849, il est tour \u00e0 tour ministre du Commerce, de l&#8217;Agriculture et des Finances, puis pr\u00e9sident du Conseil ; il influence ainsi directement toute la politique pi\u00e9montaise pendant dix ans, de 1852 \u00e0 1861. Favorable au d\u00e9veloppement du commerce, il signe des trait\u00e9s avec la France, l&#8217;Angleterre et l&#8217;Autriche ; favorable au d\u00e9veloppement du chemin de fer qui permettra de &#8220;coudre la botte&#8221;, favorable enfin et surtout \u00e0 la conqu\u00eate de l&#8217;ind\u00e9pendance et de l&#8217;unit\u00e9 nationale italienne :<br \/>\n&#8220;L&#8217;avenir que nous appelons de tous nos v\u0153ux, c&#8217;est la conqu\u00eate de l&#8217;ind\u00e9pendance nationale, bien supr\u00eame que l&#8217;Italie atteindra par la r\u00e9union de tous les efforts de tous ses enfants, bien sans lequel elle ne peut esp\u00e9rer aucune am\u00e9lioration r\u00e9elle et durable dans sa condition politique, ni marcher d&#8217;un pas assur\u00e9 dans la carri\u00e8re du progr\u00e8s.&#8221; C&#8217;est au Congr\u00e8s de Paris, apr\u00e8s la participation du Pi\u00e9mont \u00e0 la guerre de Crim\u00e9e, que Cavour commence \u00e0 poser la question italienne sans beaucoup de r\u00e9sultat : &#8220;Beaucoup de fum\u00e9e et peu de r\u00f4ti&#8221;, dit-il.<br \/>\nProfitant de l&#8217;alliance conclue avec Napol\u00e9on III contre l&#8217;Autriche et d&#8217;un accord pass\u00e9 avec Garibaldi pour lib\u00e9rer les \u00e9tats du Sud, il r\u00e9alise apr\u00e8s cinq ans d&#8217;efforts, en 1861, juste avant sa mort, son r\u00eave : l&#8217;unit\u00e9 italienne -m\u00eame si la question romaine ne sera r\u00e9gl\u00e9e qu&#8217;en 1870-.<\/p>\n<p>1847 : il cr\u00e9e Il Risorgimento, journal qui d\u00e9fend une constitution (qui sera accept\u00e9e en 1848)<br \/>\n1848 : il est \u00e9lu d\u00e9put\u00e9 au Parlement de Turin<br \/>\n1850 : ministre de l&#8217;Agriculture<br \/>\n1850-52 : ministre des Finances<br \/>\n1852-59 : pr\u00e9sident du Conseil<br \/>\n1858 : rencontre avec Napol\u00e9on III \u00e0 Plombi\u00e8res<br \/>\n1860-61 : pr\u00e9sident du Conseil<\/p>\n<div id=\"attachment_6909\" style=\"width: 207px\" class=\"wp-caption alignleft\"><a href=\"https:\/\/mieux-se-connaitre.com\/wp4\/wp-content\/uploads\/2013\/11\/CD36_068.jpg\"><img aria-describedby=\"caption-attachment-6909\" loading=\"lazy\" class=\"size-medium wp-image-6909\" alt=\"Garibaldi\" src=\"https:\/\/mieux-se-connaitre.com\/wp4\/wp-content\/uploads\/2013\/11\/CD36_068-197x300.jpg\" width=\"197\" height=\"300\" srcset=\"https:\/\/mieux-se-connaitre.com\/wp4\/wp-content\/uploads\/2013\/11\/CD36_068-197x300.jpg 197w, https:\/\/mieux-se-connaitre.com\/wp4\/wp-content\/uploads\/2013\/11\/CD36_068-98x150.jpg 98w, https:\/\/mieux-se-connaitre.com\/wp4\/wp-content\/uploads\/2013\/11\/CD36_068.jpg 316w\" sizes=\"(max-width: 197px) 100vw, 197px\" \/><\/a><p id=\"caption-attachment-6909\" class=\"wp-caption-text\">Garibaldi<\/p><\/div>\n<p><span style=\"color: #800000\"><strong>Garibaldi Giuseppe, homme politique italien<\/strong><\/span><br \/>\n1807 (Nice) &#8211; 1882 (Caprera)<\/p>\n<p>Aventurier plus courageux qu&#8217;habile tacticien, Garibaldi est c\u00e9l\u00e8bre pour ses &#8220;coups&#8221;, souvent r\u00e9ussis. Exil\u00e9 apr\u00e8s l&#8217;\u00e9chec de l&#8217;insurrection \u00e0 G\u00eanes, il offre ses services et le concours de ses &#8220;chemises rouges&#8221; \u00e0 l&#8217;Am\u00e9rique du Sud pour lutter contre l&#8217;empereur du Br\u00e9sil, \u00e0 la R\u00e9publique du Rio Grande do Sul, puis \u00e0 l&#8217;Uruguay pour lutter contre le dictateur argentin Rosas.<br \/>\nUne renomm\u00e9e grandissante le pr\u00e9c\u00e8de en Italie. Il y retourne en 1848, se bat contre les Autrichiens, se met au service des R\u00e9publicains.<br \/>\nQuand Rome tombe le 1er juillet 1849, il est recherch\u00e9 et s&#8217;exile de nouveau en Am\u00e9rique. Ralli\u00e9 \u00e0 la politique de Cavour, bien que r\u00e9publicain, il proteste contre l&#8217;abandon de Nice et de la Savoie \u00e0 la France, mais, avec son accord implicite, monte l&#8217;exp\u00e9dition des Mille qui lui permet de s&#8217;emparer du Royaume de Naples ; il signera le d\u00e9cret d&#8217;annexion \u00e0 la couronne d&#8217;Italie le 15 octobre 1860.<br \/>\nEntre ses exp\u00e9ditions, il se retire dans son \u00eele de Caprera qu&#8217;il a achet\u00e9e \u00e0 son retour d&#8217;Am\u00e9rique ; il pr\u00eate main forte aux Fran\u00e7ais pendant la guerre de 1870. Elu d\u00e9put\u00e9 par quatre d\u00e9partements fran\u00e7ais, il devra c\u00e9der son mandat, l&#8217;Assembl\u00e9e le consid\u00e9rant comme \u00e9tranger. &#8220;Le seul de nos g\u00e9n\u00e9raux qui n&#8217;ait pas \u00e9t\u00e9 battu&#8221; dira une voix \u00e0 l&#8217;Assembl\u00e9e nationale r\u00e9unie \u00e0 Bordeaux. &#8220;Une gr\u00e2ce indiscutable, des dons magn\u00e9tiques, des attractions de charmeur.&#8221; Tel est l&#8217;homme ! Une vie de conviction, d&#8217;abn\u00e9gation et d&#8217;h\u00e9ro\u00efsme.<\/p>\n<p>1833 : adh\u00e8re \u00e0 la Jeune-Italie de Mazzini<br \/>\n1836-48 : s\u00e9jour en Am\u00e9rique latine<br \/>\n23-25 juillet 1848 : d\u00e9faite de Custozza<br \/>\n26 ao\u00fbt 1848 : d\u00e9faite de Morazzone devant les Autrichiens<br \/>\n30 avril 1849 : victoire devant les Fran\u00e7ais \u00e0 Janicule<br \/>\n1er juillet 1849 : d\u00e9faite dans Rome &#8211; Exil en Am\u00e9rique ; il vend des chandelles \u00e0 New-York &#8211;<br \/>\n1854 : retour en Italie<br \/>\n1856 : il se rallie \u00e0 la politique de Cavour et de Victor-Emmanuel<br \/>\n1860 : exp\u00e9dition des &#8220;Mille&#8221;<br \/>\n29 ao\u00fbt 1862 : bataille d&#8217;Aspromonte (vaincu, il ne peut envahir les Etats pontificaux) ; bless\u00e9, fait prisonnier, il est amnisti\u00e9 par le gouvernement italien<br \/>\n1870 : participe \u00e0 la guerre aux c\u00f4t\u00e9s des Fran\u00e7ais (au secours du gouvernement de D\u00e9fense nationale)<br \/>\n1874 : d\u00e9put\u00e9 de Rome<br \/>\n1888 : parution des M\u00e9moires autobiographiques<\/p>\n<!-- google_ad_section_end -->","protected":false},"excerpt":{"rendered":"<!-- google_ad_section_start --><p>Un mariage de raison Jeune page, puis officier du g\u00e9nie, et d\u00e9put\u00e9 en 1849, le comte de Cavour se voit confier, en 1852, la pr\u00e9sidence du Conseil par le roi Victor-Emmanuel. L&#8217;ancien ministre du commerce a d\u00e9j\u00e0 esquiss\u00e9 sa politique&hellip;<\/p>\n<p class=\"more-link-p\"><a class=\"more-link\" href=\"https:\/\/mieux-se-connaitre.com\/wp4\/2013\/11\/lunite-italienne\/\">Suite &rarr;<\/a><\/p>\n<!-- google_ad_section_end -->","protected":false},"author":1,"featured_media":0,"comment_status":"open","ping_status":"open","sticky":false,"template":"","format":"standard","meta":[],"categories":[7,150],"tags":[],"_links":{"self":[{"href":"https:\/\/mieux-se-connaitre.com\/wp4\/wp-json\/wp\/v2\/posts\/6900"}],"collection":[{"href":"https:\/\/mieux-se-connaitre.com\/wp4\/wp-json\/wp\/v2\/posts"}],"about":[{"href":"https:\/\/mieux-se-connaitre.com\/wp4\/wp-json\/wp\/v2\/types\/post"}],"author":[{"embeddable":true,"href":"https:\/\/mieux-se-connaitre.com\/wp4\/wp-json\/wp\/v2\/users\/1"}],"replies":[{"embeddable":true,"href":"https:\/\/mieux-se-connaitre.com\/wp4\/wp-json\/wp\/v2\/comments?post=6900"}],"version-history":[{"count":6,"href":"https:\/\/mieux-se-connaitre.com\/wp4\/wp-json\/wp\/v2\/posts\/6900\/revisions"}],"predecessor-version":[{"id":6930,"href":"https:\/\/mieux-se-connaitre.com\/wp4\/wp-json\/wp\/v2\/posts\/6900\/revisions\/6930"}],"wp:attachment":[{"href":"https:\/\/mieux-se-connaitre.com\/wp4\/wp-json\/wp\/v2\/media?parent=6900"}],"wp:term":[{"taxonomy":"category","embeddable":true,"href":"https:\/\/mieux-se-connaitre.com\/wp4\/wp-json\/wp\/v2\/categories?post=6900"},{"taxonomy":"post_tag","embeddable":true,"href":"https:\/\/mieux-se-connaitre.com\/wp4\/wp-json\/wp\/v2\/tags?post=6900"}],"curies":[{"name":"wp","href":"https:\/\/api.w.org\/{rel}","templated":true}]}}