{"id":7050,"date":"2013-12-12T07:59:52","date_gmt":"2013-12-12T05:59:52","guid":{"rendered":"https:\/\/mieux-se-connaitre.com\/wp4\/?p=7050"},"modified":"2013-12-12T07:59:58","modified_gmt":"2013-12-12T05:59:58","slug":"lecomte-de-lisle-un-poete-pessimiste","status":"publish","type":"post","link":"https:\/\/mieux-se-connaitre.com\/wp4\/2013\/12\/lecomte-de-lisle-un-poete-pessimiste\/","title":{"rendered":"Lecomte de l&#8217;Isle, un po\u00e8te pessimiste"},"content":{"rendered":"<!-- google_ad_section_start --><div id=\"attachment_7052\" style=\"width: 278px\" class=\"wp-caption alignleft\"><a href=\"https:\/\/mieux-se-connaitre.com\/wp4\/wp-content\/uploads\/2013\/12\/HVT045_1.jpg\"><img aria-describedby=\"caption-attachment-7052\" loading=\"lazy\" class=\"size-medium wp-image-7052\" alt=\"caricature de po\u00e8mes antiques de Leconte de L'Isle\" src=\"https:\/\/mieux-se-connaitre.com\/wp4\/wp-content\/uploads\/2013\/12\/HVT045_1-268x300.jpg\" width=\"268\" height=\"300\" srcset=\"https:\/\/mieux-se-connaitre.com\/wp4\/wp-content\/uploads\/2013\/12\/HVT045_1-268x300.jpg 268w, https:\/\/mieux-se-connaitre.com\/wp4\/wp-content\/uploads\/2013\/12\/HVT045_1-134x150.jpg 134w, https:\/\/mieux-se-connaitre.com\/wp4\/wp-content\/uploads\/2013\/12\/HVT045_1.jpg 430w\" sizes=\"(max-width: 268px) 100vw, 268px\" \/><\/a><p id=\"caption-attachment-7052\" class=\"wp-caption-text\">caricature de po\u00e8mes antiques de Leconte de L&#8217;Isle<\/p><\/div>\n<p><span style=\"color: #800000\"><strong><em>Po\u00e8mes antiques<\/em> de Leconte de Lisle (1853)<br \/>\n<\/strong><\/span><\/p>\n<p>&#8220;Plut\u00f4t qu&#8217;une na\u00efve et vraie grandeur, le d\u00e9sir et le d\u00e9cor de la grandeur.&#8221; (Marcel Arland)<br \/>\nLeconte de Lisle ne s&#8217;est pas vraiment remis de 1848. Il entend et \u00e9coute &#8220;l&#8217;appel d\u00e9sesp\u00e9r\u00e9 des nations en croix et des justes r\u00e2lant sur le fumier des villes&#8221;. Il regrette la victoire de la bourgeoisie et refuse que le peuple accepte sa d\u00e9faite.<br \/>\nLes Po\u00e8mes Antiques, parus en 1863, c&#8217;est pour oublier, oublier sa d\u00e9ception, oublier sa tristesse, oublier la violence, m\u00eame s&#8217;il sait que le meurtre nourrit l&#8217;h\u00e9ro\u00efsme.<br \/>\nIl faut quitter le th\u00e8me personnel, se retremper aux sources pures de l&#8217;antiquit\u00e9, fortifier l&#8217;intelligence par la m\u00e9ditation et ne pas oublier que le po\u00e8te est un ouvrier qui forge les mots. <!--more-->Le r\u00e9sultat est savant, et para\u00eet assez froid au premier abord. Ce grand tourment\u00e9 qui n&#8217;a pas voulu \u00eatre passionnel, laisse transpara\u00eetre son pessimisme et ses po\u00e8mes antiques font parfois regretter &#8220;les hideux si\u00e8cles de foi, de l\u00e8pre et de famine&#8221; qui, au moins, avaient le m\u00e9rite d&#8217;\u00eatre vivants.<br \/>\nSon influence sur les po\u00e8tes du XIXe si\u00e8cle est grande ; il a cr\u00e9\u00e9 une v\u00e9ritable \u00e9cole et hiss\u00e9 la po\u00e9sie au premier rang.<\/p>\n<p>&nbsp;<\/p>\n<div id=\"attachment_7053\" style=\"width: 207px\" class=\"wp-caption alignleft\"><a href=\"https:\/\/mieux-se-connaitre.com\/wp4\/wp-content\/uploads\/2013\/12\/HEVT163A.jpg\"><img aria-describedby=\"caption-attachment-7053\" loading=\"lazy\" class=\"size-medium wp-image-7053\" alt=\"Portrait de Rimbaud en 1875.-Dessin \u00e0 l'encre et \u00e0 la plume, sous le dessin un po\u00e8me de Copp\u00e9e intitul\u00e9 Ultissima Verba\" src=\"https:\/\/mieux-se-connaitre.com\/wp4\/wp-content\/uploads\/2013\/12\/HEVT163A-197x300.jpg\" width=\"197\" height=\"300\" srcset=\"https:\/\/mieux-se-connaitre.com\/wp4\/wp-content\/uploads\/2013\/12\/HEVT163A-197x300.jpg 197w, https:\/\/mieux-se-connaitre.com\/wp4\/wp-content\/uploads\/2013\/12\/HEVT163A-98x150.jpg 98w, https:\/\/mieux-se-connaitre.com\/wp4\/wp-content\/uploads\/2013\/12\/HEVT163A.jpg 316w\" sizes=\"(max-width: 197px) 100vw, 197px\" \/><\/a><p id=\"caption-attachment-7053\" class=\"wp-caption-text\">Portrait de Rimbaud en 1875.-Dessin \u00e0 l&#8217;encre et \u00e0 la plume, sous le dessin un po\u00e8me de Copp\u00e9e intitul\u00e9 Ultissima Verba<\/p><\/div>\n<p><span style=\"color: #800000\"><em><strong>Le Parnasse contemporain<\/strong><\/em><\/span><span style=\"color: #800000\"><strong> (1866)<\/strong><\/span><\/p>\n<p>&#8220;Tout ce qui est utile est laid.&#8221; (Th\u00e9ophile Gautier)<br \/>\nSous le roi &#8220;bourgeois&#8221;, apr\u00e8s 1830, puis sous l&#8217;Empire, les tenants de l&#8217;art pour l&#8217;art &#8211; une formule de Benjamin Constant, en 1804 &#8211; se voulaient boh\u00e8mes, hostiles au mat\u00e9rialisme (celui des financiers ou des socialistes), d\u00e9daigneux du progr\u00e8s de la politique.<br \/>\nPlus &#8220;morceaux choisis&#8221; que v\u00e9ritablement &#8220;recueil de vers nouveaux&#8221;, plus rassemblement que manifeste, le Parnasse contemporain r\u00e9unit de jeunes po\u00e8tes (Copp\u00e9e, Verlaine, Villiers de l&#8217;Isle-Adam) abrit\u00e9s par des anciens : Gautier, Leconte de Lisle ou Baudelaire.<br \/>\nD\u00e9j\u00e0 en 1861, l&#8217;habile Catulle Mend\u00e8s les avait accueillis dans la Revue fantaisiste. Il y aura trois recueils du Parnasse Contemporain en dix ans. Le plus &#8220;parnassien&#8221; \u00e9tant le dernier (qui \u00e9carte L&#8217;Apr\u00e8s midi d&#8217;un faune de Mallarm\u00e9).<\/p>\n<div id=\"attachment_7051\" style=\"width: 207px\" class=\"wp-caption alignleft\"><a href=\"https:\/\/mieux-se-connaitre.com\/wp4\/wp-content\/uploads\/2013\/12\/BIO339a.jpg\"><img aria-describedby=\"caption-attachment-7051\" loading=\"lazy\" class=\"size-medium wp-image-7051\" alt=\"Leconte de l'Isle, photographie de Nadar\" src=\"https:\/\/mieux-se-connaitre.com\/wp4\/wp-content\/uploads\/2013\/12\/BIO339a-197x300.jpg\" width=\"197\" height=\"300\" srcset=\"https:\/\/mieux-se-connaitre.com\/wp4\/wp-content\/uploads\/2013\/12\/BIO339a-197x300.jpg 197w, https:\/\/mieux-se-connaitre.com\/wp4\/wp-content\/uploads\/2013\/12\/BIO339a-98x150.jpg 98w, https:\/\/mieux-se-connaitre.com\/wp4\/wp-content\/uploads\/2013\/12\/BIO339a.jpg 316w\" sizes=\"(max-width: 197px) 100vw, 197px\" \/><\/a><p id=\"caption-attachment-7051\" class=\"wp-caption-text\">Leconte de l&#8217;Isle, photographie de Nadar<\/p><\/div>\n<p><span style=\"color: #800000\"><strong>Leconte de Lisle, Charles Marie Leconte dit,<\/strong> <\/span>po\u00e8te fran\u00e7ais<br \/>\n1818 (La R\u00e9union) &#8211; 1894 (Louveciennes)<\/p>\n<p>Leconte de Lisle r\u00e9agit contre le romantisme et contre le bon sens : le premier a avou\u00e9 son impuissance en 1848, le second montre chaque jour sa m\u00e9diocrit\u00e9. L&#8217;\u00e9chec de 1848 a beaucoup marqu\u00e9 le jeune po\u00e8te et aggrav\u00e9 son pessimisme : en outre son manifeste en faveur de l&#8217;abolition de l&#8217;esclavage le brouille avec sa famille et tarit sa source de revenu.<br \/>\nIl trouve refuge dans la po\u00e9sie. L&#8217;amour du beau, voil\u00e0 le rem\u00e8de, contre le d\u00e9senchantement de la vie, l&#8217;absurdit\u00e9 des choses, le spectacle de l&#8217;histoire. Il n&#8217;admet qu&#8217;une passion, celle de la beaut\u00e9 formelle :<br \/>\n&#8220;Vous vivez l\u00e2chement, sans r\u00eave, sans dessein,<br \/>\nPlus vieux, plus d\u00e9cr\u00e9pits que la terre inf\u00e9conde,<br \/>\nCh\u00e2tr\u00e9s d\u00e8s le berceau par le si\u00e8cle assassin<br \/>\nDe toute passion vigoureuse et profonde.<\/p>\n<p>Votre cervelle est vide autant que votre sein,<br \/>\nEt vous avez souill\u00e9 ce mis\u00e9rable monde<br \/>\nD&#8217;un sang si corrompu, d&#8217;un souffle si malsain,<br \/>\nQue la mort germe seule en cette boue immonde.<\/p>\n<p>Hommes, tueurs de Dieux, les temps ne sont pas loin<br \/>\nO\u00f9, sur un grand tas d&#8217;or vautr\u00e9s dans quelque coin,<br \/>\nAyant rong\u00e9 le sol nourricier jusqu&#8217;aux roches,<\/p>\n<p>Ne sachant faire rien ni des jours ni des nuits,<br \/>\nNoy\u00e9s dans le n\u00e9ant des supr\u00eames ennuis,<br \/>\nVous mourrez b\u00eatement en emplissant vos poches.<br \/>\n&#8211; Po\u00e8me LXXIX des Po\u00e8mes Barbares 1872 &#8211;<\/p>\n<p>1853 : Po\u00e8mes antiques<br \/>\n1872 : Les Erynnies, drame<br \/>\n1862 : Po\u00e8mes Barbares<br \/>\n1870 : biblioth\u00e9caire au S\u00e9nat<br \/>\n1884 : Po\u00e8mes tragiques<\/p>\n<!-- google_ad_section_end -->","protected":false},"excerpt":{"rendered":"<!-- google_ad_section_start --><p>Po\u00e8mes antiques de Leconte de Lisle (1853) &#8220;Plut\u00f4t qu&#8217;une na\u00efve et vraie grandeur, le d\u00e9sir et le d\u00e9cor de la grandeur.&#8221; (Marcel Arland) Leconte de Lisle ne s&#8217;est pas vraiment remis de 1848. Il entend et \u00e9coute &#8220;l&#8217;appel d\u00e9sesp\u00e9r\u00e9 des&hellip;<\/p>\n<p class=\"more-link-p\"><a class=\"more-link\" href=\"https:\/\/mieux-se-connaitre.com\/wp4\/2013\/12\/lecomte-de-lisle-un-poete-pessimiste\/\">Suite &rarr;<\/a><\/p>\n<!-- google_ad_section_end -->","protected":false},"author":1,"featured_media":0,"comment_status":"open","ping_status":"open","sticky":false,"template":"","format":"standard","meta":[],"categories":[7,155],"tags":[],"_links":{"self":[{"href":"https:\/\/mieux-se-connaitre.com\/wp4\/wp-json\/wp\/v2\/posts\/7050"}],"collection":[{"href":"https:\/\/mieux-se-connaitre.com\/wp4\/wp-json\/wp\/v2\/posts"}],"about":[{"href":"https:\/\/mieux-se-connaitre.com\/wp4\/wp-json\/wp\/v2\/types\/post"}],"author":[{"embeddable":true,"href":"https:\/\/mieux-se-connaitre.com\/wp4\/wp-json\/wp\/v2\/users\/1"}],"replies":[{"embeddable":true,"href":"https:\/\/mieux-se-connaitre.com\/wp4\/wp-json\/wp\/v2\/comments?post=7050"}],"version-history":[{"count":3,"href":"https:\/\/mieux-se-connaitre.com\/wp4\/wp-json\/wp\/v2\/posts\/7050\/revisions"}],"predecessor-version":[{"id":7055,"href":"https:\/\/mieux-se-connaitre.com\/wp4\/wp-json\/wp\/v2\/posts\/7050\/revisions\/7055"}],"wp:attachment":[{"href":"https:\/\/mieux-se-connaitre.com\/wp4\/wp-json\/wp\/v2\/media?parent=7050"}],"wp:term":[{"taxonomy":"category","embeddable":true,"href":"https:\/\/mieux-se-connaitre.com\/wp4\/wp-json\/wp\/v2\/categories?post=7050"},{"taxonomy":"post_tag","embeddable":true,"href":"https:\/\/mieux-se-connaitre.com\/wp4\/wp-json\/wp\/v2\/tags?post=7050"}],"curies":[{"name":"wp","href":"https:\/\/api.w.org\/{rel}","templated":true}]}}