{"id":7108,"date":"2013-12-26T07:59:57","date_gmt":"2013-12-26T05:59:57","guid":{"rendered":"https:\/\/mieux-se-connaitre.com\/wp4\/?p=7108"},"modified":"2013-12-26T08:01:11","modified_gmt":"2013-12-26T06:01:11","slug":"alfred-de-musset-le-poete-de-la-jeunesse","status":"publish","type":"post","link":"https:\/\/mieux-se-connaitre.com\/wp4\/2013\/12\/alfred-de-musset-le-poete-de-la-jeunesse\/","title":{"rendered":"Alfred de Musset, le po\u00e8te de la jeunesse"},"content":{"rendered":"<!-- google_ad_section_start --><div id=\"attachment_7110\" style=\"width: 208px\" class=\"wp-caption alignleft\"><a href=\"https:\/\/mieux-se-connaitre.com\/wp4\/wp-content\/uploads\/2013\/12\/HEVT077A.jpg\"><img aria-describedby=\"caption-attachment-7110\" loading=\"lazy\" class=\"size-medium wp-image-7110\" alt=\"D\u00e9but de lettre autographe \u00e0 Georges Sand, orn\u00e9e d'un dessin d'Alfred de Musset\" src=\"https:\/\/mieux-se-connaitre.com\/wp4\/wp-content\/uploads\/2013\/12\/HEVT077A-198x300.jpg\" width=\"198\" height=\"300\" srcset=\"https:\/\/mieux-se-connaitre.com\/wp4\/wp-content\/uploads\/2013\/12\/HEVT077A-198x300.jpg 198w, https:\/\/mieux-se-connaitre.com\/wp4\/wp-content\/uploads\/2013\/12\/HEVT077A-99x150.jpg 99w, https:\/\/mieux-se-connaitre.com\/wp4\/wp-content\/uploads\/2013\/12\/HEVT077A.jpg 317w\" sizes=\"(max-width: 198px) 100vw, 198px\" \/><\/a><p id=\"caption-attachment-7110\" class=\"wp-caption-text\">D\u00e9but de lettre autographe \u00e0 Georges Sand, orn\u00e9e d&#8217;un dessin d&#8217;Alfred de Musset<\/p><\/div>\n<p>&#8220;Je ne voudrais pas \u00e9crire ou je voudrais \u00eatre Shakespeare ou Schiller.&#8221; (Alfred de Musset)<\/p>\n<p><span style=\"color: #800000\"><strong>1857 : Le prince des po\u00e8tes<\/strong><\/span><span style=\"color: #800000\"><strong> est mort<\/strong><\/span><\/p>\n<p>&#8220;Ma force \u00e0 lutter s&#8217;use et se prodigue.<br \/>\nJusqu&#8217;\u00e0 mon repos, tout est un combat ;<br \/>\nEt, comme un coursier bris\u00e9 de fatigue,<br \/>\nMon courage \u00e9teint chancelle et s&#8217;abat.&#8221;<\/p>\n<p>Ce sont les derniers vers d&#8217;Alfred de Musset, mort \u00e0 quarante six ans d&#8217;une hypertrophie du c\u0153ur. Le jour de son enterrement, il y a bien peu de monde \u00e0 l&#8217;\u00e9glise Saint-Roch, et il ne reste presque plus personne en arrivant au cimeti\u00e8re. <!--more-->A peine quelques amis ; et surtout aucune jeunesse pour le po\u00e8te qui a le mieux fait parler les c\u0153urs de vingt ans ; deux acteurs, cinq ou six acad\u00e9miciens (M\u00e9rim\u00e9e, Sainte-Beuve, Emile Augier, Alfred de Vigny) seulement accompagnent le &#8220;coll\u00e8gue&#8221; de l&#8217;Acad\u00e9mie fran\u00e7aise. Pas une com\u00e9dienne n&#8217;accompagne jusqu&#8217;\u00e0 sa derni\u00e8re demeure l&#8217;auteur \u00e0 qui le th\u00e9\u00e2tre fran\u00e7ais doit ses plus beaux personnages f\u00e9minins et beaucoup de ses derniers succ\u00e8s.<br \/>\nLe po\u00e8te qui vient de quitter le monde appara\u00eet comme un jeune-vieux sans post\u00e9rit\u00e9 perdu dans un univers de bourgeois repus qui l&#8217;ignorent et trouvent le romantisme comme d\u00e9pass\u00e9.<\/p>\n<div id=\"attachment_7109\" style=\"width: 207px\" class=\"wp-caption alignleft\"><a href=\"https:\/\/mieux-se-connaitre.com\/wp4\/wp-content\/uploads\/2013\/12\/EVT047A.jpg\"><img aria-describedby=\"caption-attachment-7109\" loading=\"lazy\" class=\"size-medium wp-image-7109\" alt=\"Com\u00e9dies et proverbes de Musset\" src=\"https:\/\/mieux-se-connaitre.com\/wp4\/wp-content\/uploads\/2013\/12\/EVT047A-197x300.jpg\" width=\"197\" height=\"300\" srcset=\"https:\/\/mieux-se-connaitre.com\/wp4\/wp-content\/uploads\/2013\/12\/EVT047A-197x300.jpg 197w, https:\/\/mieux-se-connaitre.com\/wp4\/wp-content\/uploads\/2013\/12\/EVT047A-98x150.jpg 98w, https:\/\/mieux-se-connaitre.com\/wp4\/wp-content\/uploads\/2013\/12\/EVT047A.jpg 316w\" sizes=\"(max-width: 197px) 100vw, 197px\" \/><\/a><p id=\"caption-attachment-7109\" class=\"wp-caption-text\">Com\u00e9dies et proverbes de Musset<\/p><\/div>\n<p><span style=\"color: #800000\"><strong><em>Com\u00e9dies et proverbes<\/em>, l&#8217;\u00e9dition de 1853 \u00a0\u00a0<\/strong> <\/span><br \/>\nParadoxe de dandy, les pi\u00e8ces qu&#8217;il \u00e9crit, Musset les regroupe sous le titre de Com\u00e9dies et Proverbes pour \u00eatre &#8220;lues dans un fauteuil et non pour \u00eatre jou\u00e9es&#8221;. Pourtant, depuis le succ\u00e8s de <em>Un Caprice<\/em> \u00e0 la Com\u00e9die fran\u00e7aise le 27 novembre 1847, elles n&#8217;arr\u00eatent pas d&#8217;\u00eatre port\u00e9es \u00e0 la sc\u00e8ne, non parfois sans soulever quelques probl\u00e8mes&#8230;&#8221;La crudit\u00e9 de certains d\u00e9tails, la mani\u00e8re dont sont pr\u00e9sent\u00e9es par Octave des th\u00e9ories pour le moins inconvenantes sur le mariage et l&#8217;amour, nous paraissent rendre cet ouvrage inadmissible.&#8221; Musset accepte de faire quelques am\u00e9nagements \u00e0 la demande de la commission des ouvrages dramatiques qui avait interdit <em>Les Caprices de Marianne<\/em>.<br \/>\n&#8220;Seule \u00e9dition compl\u00e8te revue et corrig\u00e9e par l&#8217;auteur&#8221;, l&#8217;\u00e9dition de 1853 des Com\u00e9dies et Proverbes est la derni\u00e8re r\u00e9alis\u00e9e du vivant de l&#8217;auteur.<\/p>\n<p><a href=\"https:\/\/mieux-se-connaitre.com\/wp4\/wp-content\/uploads\/2013\/12\/CD40_36.jpg\"><img loading=\"lazy\" class=\"size-medium wp-image-7111\" alt=\"Alfred de Musset par Landelle - Mus\u00e9e national de Versailles\" src=\"https:\/\/mieux-se-connaitre.com\/wp4\/wp-content\/uploads\/2013\/12\/CD40_36-248x300.jpg\" width=\"248\" height=\"300\" srcset=\"https:\/\/mieux-se-connaitre.com\/wp4\/wp-content\/uploads\/2013\/12\/CD40_36-248x300.jpg 248w, https:\/\/mieux-se-connaitre.com\/wp4\/wp-content\/uploads\/2013\/12\/CD40_36-124x150.jpg 124w, https:\/\/mieux-se-connaitre.com\/wp4\/wp-content\/uploads\/2013\/12\/CD40_36.jpg 397w\" sizes=\"(max-width: 248px) 100vw, 248px\" \/><\/a><\/p>\n<p><span style=\"color: #800000\"><strong>Musset Louis Charles Alfred de, po\u00e8te<\/strong> <\/span><br \/>\n1810 (Paris) &#8211; 1856 (Paris)<br \/>\n&#8220;Eh bien, tel que le voil\u00e0, nous l&#8217;aimons toujours&#8221; -Taine-<br \/>\nNi le droit, ni la peinture, ni la m\u00e9decine ne retiennent Alfred de Musset ; &#8220;sous pr\u00e9texte de faire son droit, il passait son temps \u00e0 se promener aux Tuileries et au boulevard&#8221;. Sa vocation est de faire des vers et faire l&#8217;amour. &#8220;Je voudrais \u00eatre un homme \u00e0 bonnes fortunes&#8221;.<br \/>\nSon g\u00e9nie : la forme dramatique. Apr\u00e8s le remarquable insucc\u00e8s de sa premi\u00e8re pi\u00e8ce \u00e9crite pour le th\u00e9\u00e2tre, La Nuit V\u00e9nitienne, Musset fait le serment de ne plus \u00e9crire pour le th\u00e9\u00e2tre, il \u00e9crit Un spectacle dans un fauteuil : toutes les pi\u00e8ces des Com\u00e9dies et proverbes ont \u00e9t\u00e9 \u00e9crites sans souci de mise en sc\u00e8ne, et de contraintes de repr\u00e9sentation ; elles paraissent dans la Revue des deux mondes.<br \/>\nPuis le 27 novembre 1847, Madame Allan fait ses d\u00e9buts au Th\u00e9\u00e2tre fran\u00e7ais dans Un caprice, le succ\u00e8s est triomphal ; le public \u00e9tonn\u00e9 d\u00e9couvre Musset auteur dramatique et, depuis ce jour, ses pi\u00e8ces sont jou\u00e9es.<br \/>\nMusset d\u00e9teste le travail sur commande et les contraintes, il d\u00e9teste la gravit\u00e9, r\u00e9agit contre le romantisme, s&#8217;adonne avec passion \u00e0 sa liaison avec George Sand et avec d&#8217;autres (Rachel, Madame Allan), et \u00e0 son \u00e9go\u00efsme. Lorsque vient le succ\u00e8s, il n&#8217;\u00e9crit d\u00e9j\u00e0 plus, ou presque.<\/p>\n<p>1829 : Premi\u00e8res po\u00e9sies<br \/>\n1829 : Contes d&#8217;Espagne et d&#8217;Italie<br \/>\n1er d\u00e9cembre 1830 : La Nuit V\u00e9nitienne<br \/>\n1833 : Les Caprices de Marianne<br \/>\n1834 : Lorenzaccio &#8211; On ne badine pas avec l&#8217;amour<br \/>\n1835 : Le Chandelier<br \/>\n1835 &#8211; 1837 : les Nuits<br \/>\n1836 : La Confession d&#8217;un enfant du si\u00e8cle<br \/>\n1834-37 : Com\u00e9dies et proverbes<br \/>\n1848 : Musset perd son emploi de biblioth\u00e9caire<br \/>\n1848 : l&#8217;Acad\u00e9mie d\u00e9cerne \u00e0 Musset un prix destin\u00e9 \u00e0 &#8220;secourir un jeune \u00e9crivain pauvre dont le talent d\u00e9j\u00e0 remarquable para\u00eet devoir \u00eatre encourag\u00e9&#8221;. Musset rit et envoie les fonds au National pour secourir les victimes de juin.<br \/>\n12 f\u00e9vrier 1852 : Alfred de Musset \u00e0 l&#8217;Acad\u00e9mie<\/p>\n<p><!--\nP { margin-bottom: 0.21cm; }\n--><\/p>\n<!-- google_ad_section_end -->","protected":false},"excerpt":{"rendered":"<!-- google_ad_section_start --><p>&#8220;Je ne voudrais pas \u00e9crire ou je voudrais \u00eatre Shakespeare ou Schiller.&#8221; (Alfred de Musset) 1857 : Le prince des po\u00e8tes est mort &#8220;Ma force \u00e0 lutter s&#8217;use et se prodigue. Jusqu&#8217;\u00e0 mon repos, tout est un combat ; Et,&hellip;<\/p>\n<p class=\"more-link-p\"><a class=\"more-link\" href=\"https:\/\/mieux-se-connaitre.com\/wp4\/2013\/12\/alfred-de-musset-le-poete-de-la-jeunesse\/\">Suite &rarr;<\/a><\/p>\n<!-- google_ad_section_end -->","protected":false},"author":1,"featured_media":0,"comment_status":"open","ping_status":"open","sticky":false,"template":"","format":"standard","meta":[],"categories":[7,155],"tags":[],"_links":{"self":[{"href":"https:\/\/mieux-se-connaitre.com\/wp4\/wp-json\/wp\/v2\/posts\/7108"}],"collection":[{"href":"https:\/\/mieux-se-connaitre.com\/wp4\/wp-json\/wp\/v2\/posts"}],"about":[{"href":"https:\/\/mieux-se-connaitre.com\/wp4\/wp-json\/wp\/v2\/types\/post"}],"author":[{"embeddable":true,"href":"https:\/\/mieux-se-connaitre.com\/wp4\/wp-json\/wp\/v2\/users\/1"}],"replies":[{"embeddable":true,"href":"https:\/\/mieux-se-connaitre.com\/wp4\/wp-json\/wp\/v2\/comments?post=7108"}],"version-history":[{"count":2,"href":"https:\/\/mieux-se-connaitre.com\/wp4\/wp-json\/wp\/v2\/posts\/7108\/revisions"}],"predecessor-version":[{"id":7121,"href":"https:\/\/mieux-se-connaitre.com\/wp4\/wp-json\/wp\/v2\/posts\/7108\/revisions\/7121"}],"wp:attachment":[{"href":"https:\/\/mieux-se-connaitre.com\/wp4\/wp-json\/wp\/v2\/media?parent=7108"}],"wp:term":[{"taxonomy":"category","embeddable":true,"href":"https:\/\/mieux-se-connaitre.com\/wp4\/wp-json\/wp\/v2\/categories?post=7108"},{"taxonomy":"post_tag","embeddable":true,"href":"https:\/\/mieux-se-connaitre.com\/wp4\/wp-json\/wp\/v2\/tags?post=7108"}],"curies":[{"name":"wp","href":"https:\/\/api.w.org\/{rel}","templated":true}]}}