{"id":7196,"date":"2014-01-16T17:59:16","date_gmt":"2014-01-16T15:59:16","guid":{"rendered":"https:\/\/mieux-se-connaitre.com\/wp4\/?p=7196"},"modified":"2014-01-16T17:59:32","modified_gmt":"2014-01-16T15:59:32","slug":"limmaculee-conception","status":"publish","type":"post","link":"https:\/\/mieux-se-connaitre.com\/wp4\/2014\/01\/limmaculee-conception\/","title":{"rendered":"L&#8217;immacul\u00e9e conception"},"content":{"rendered":"<!-- google_ad_section_start --><p><span style=\"color: #800000\"><strong><a href=\"https:\/\/mieux-se-connaitre.com\/wp4\/wp-content\/uploads\/2014\/01\/EVT050_1.jpg\"><img loading=\"lazy\" class=\"alignleft size-medium wp-image-7197\" alt=\"EVT050_1\" src=\"https:\/\/mieux-se-connaitre.com\/wp4\/wp-content\/uploads\/2014\/01\/EVT050_1-300x225.jpg\" width=\"300\" height=\"225\" srcset=\"https:\/\/mieux-se-connaitre.com\/wp4\/wp-content\/uploads\/2014\/01\/EVT050_1-300x225.jpg 300w, https:\/\/mieux-se-connaitre.com\/wp4\/wp-content\/uploads\/2014\/01\/EVT050_1-150x112.jpg 150w, https:\/\/mieux-se-connaitre.com\/wp4\/wp-content\/uploads\/2014\/01\/EVT050_1.jpg 640w\" sizes=\"(max-width: 300px) 100vw, 300px\" \/><\/a>De la force des apparitions au dogme de l&#8217;immacul\u00e9e conception en 1854<\/strong><\/span><\/p>\n<p>Tout commence par le cycle des apparitions de la Vierge Marie en 1830 ; elles se multiplient dans les ann\u00e9es 1840. Le <a href=\"https:\/\/mieux-se-connaitre.com\/wp4\/?p=4548\">culte marial<\/a> fait recette. L&#8217;Immacul\u00e9e Conception de la bienheureuse Vierge Marie fait l&#8217;objet des conversations, des pri\u00e8res et des r\u00e9flexions de l&#8217;\u00e9piscopat catholique et romain : &#8220;Est-il vraiment opportun de heurter les protestants et les lib\u00e9raux ? Peut-on d\u00e9finir une v\u00e9rit\u00e9 qu&#8217;on ne trouve pas affirm\u00e9e dans l&#8217;\u00e9criture ?&#8221; A savoir que la propre conception de la Vierge Marie n&#8217;est pas marqu\u00e9e du p\u00e9ch\u00e9 originel.<!--more-->La plupart des \u00e9v\u00eaques sont favorables \u00e0 la proclamation de ce dogme de &#8220;l&#8217;Immacul\u00e9e Conception&#8221;, mais les remarques affluent et des modifications de derni\u00e8re minute s&#8217;imposent. Le pape, quelque peu irrit\u00e9, accepte &#8220;l&#8217;humiliation&#8221; et le 8 d\u00e9cembre 1854, proclame &#8220;d&#8217;une voix claire et sonore&#8221;, mais non sans \u00e9motion, le dogme.<br \/>\nAinsi fait-il &#8220;la d\u00e9monstration pratique de l&#8217;autorit\u00e9 souveraine de l&#8217;Eglise en mati\u00e8re de doctrine et de l&#8217;infaillibilit\u00e9 dont J\u00e9sus-Christ a investi son vicaire sur terre.&#8221;<\/p>\n<div id=\"attachment_7198\" style=\"width: 310px\" class=\"wp-caption alignleft\"><a href=\"https:\/\/mieux-se-connaitre.com\/wp4\/wp-content\/uploads\/2014\/01\/EVT213_2.jpg\"><img aria-describedby=\"caption-attachment-7198\" loading=\"lazy\" class=\"size-medium wp-image-7198\" alt=\"p\u00e8lerinage \u00e0 Lourdes\" src=\"https:\/\/mieux-se-connaitre.com\/wp4\/wp-content\/uploads\/2014\/01\/EVT213_2-300x225.jpg\" width=\"300\" height=\"225\" srcset=\"https:\/\/mieux-se-connaitre.com\/wp4\/wp-content\/uploads\/2014\/01\/EVT213_2-300x225.jpg 300w, https:\/\/mieux-se-connaitre.com\/wp4\/wp-content\/uploads\/2014\/01\/EVT213_2-150x112.jpg 150w, https:\/\/mieux-se-connaitre.com\/wp4\/wp-content\/uploads\/2014\/01\/EVT213_2.jpg 640w\" sizes=\"(max-width: 300px) 100vw, 300px\" \/><\/a><p id=\"caption-attachment-7198\" class=\"wp-caption-text\">p\u00e8lerinage \u00e0 Lourdes<\/p><\/div>\n<p><span style=\"color: #800000\"><strong>1872 : Premier p\u00e8lerinage \u00e0 Lourdes, la foi populaire prend le train<\/strong><\/span><\/p>\n<p>&#8220;Tous \u00e9taient l\u00e0, assis ou couch\u00e9s, les yeux fix\u00e9s sur la grotte&#8230;la profonde et navrante tristesse de cela, que l&#8217;humanit\u00e9 ait besoin du mensonge.&#8221; (Zola &#8211;<em>Les Trois villes)<\/em><br \/>\n&#8220;Marie, nous vous aimons,<br \/>\nMarie, vous \u00eates notre seul espoir,<br \/>\nVierge pure, faites nous plus purs parmi les purs,<br \/>\nVierge puissante, sauvez nos malades.&#8221;<br \/>\nLa France panse les blessures de L&#8217;Ann\u00e9e terrible, l&#8217;espoir revient. On rend gr\u00e2ce \u00e0 la vie qui rena\u00eet et \u00e0 la Vierge Marie. Depuis ce premier p\u00e8lerinage national, la renomm\u00e9e de Lourdes ne cesse de grandir. Les trains blancs se succ\u00e8dent sans rel\u00e2che, emportant des milliers de t\u00eates couvertes d&#8217;ecz\u00e9ma, mang\u00e9es par la ros\u00e9ole, d\u00e9form\u00e9es par l&#8217;\u00e9l\u00e9phantiasis, transportant des hydropiques, des rhumatisants, des hydroc\u00e9phales, des phtisiques, des difformes, des rachitiques, des aveugles, des \u00e9pileptiques, des paralytiques, certains rong\u00e9s par les tumeurs.<br \/>\nLes p\u00e8lerinages, longtemps interdits par l&#8217;\u00c9glise, parce que tenus en grande suspicion par les autorit\u00e9s eccl\u00e9siastiques, ne cessent de se multiplier au XIXe.<br \/>\nIls sont de vibrants t\u00e9moignages de foi populaire et donnent une image nouvelle de l&#8217;essor industriel : d\u00e9veloppement des chemins de fer et de la production en s\u00e9rie de milliers d&#8217;objets-souvenirs.<\/p>\n<!-- google_ad_section_end -->","protected":false},"excerpt":{"rendered":"<!-- google_ad_section_start --><p>De la force des apparitions au dogme de l&#8217;immacul\u00e9e conception en 1854 Tout commence par le cycle des apparitions de la Vierge Marie en 1830 ; elles se multiplient dans les ann\u00e9es 1840. Le culte marial fait recette. L&#8217;Immacul\u00e9e Conception&hellip;<\/p>\n<p class=\"more-link-p\"><a class=\"more-link\" href=\"https:\/\/mieux-se-connaitre.com\/wp4\/2014\/01\/limmaculee-conception\/\">Suite &rarr;<\/a><\/p>\n<!-- google_ad_section_end -->","protected":false},"author":1,"featured_media":0,"comment_status":"open","ping_status":"open","sticky":false,"template":"","format":"standard","meta":[],"categories":[7,151],"tags":[],"_links":{"self":[{"href":"https:\/\/mieux-se-connaitre.com\/wp4\/wp-json\/wp\/v2\/posts\/7196"}],"collection":[{"href":"https:\/\/mieux-se-connaitre.com\/wp4\/wp-json\/wp\/v2\/posts"}],"about":[{"href":"https:\/\/mieux-se-connaitre.com\/wp4\/wp-json\/wp\/v2\/types\/post"}],"author":[{"embeddable":true,"href":"https:\/\/mieux-se-connaitre.com\/wp4\/wp-json\/wp\/v2\/users\/1"}],"replies":[{"embeddable":true,"href":"https:\/\/mieux-se-connaitre.com\/wp4\/wp-json\/wp\/v2\/comments?post=7196"}],"version-history":[{"count":3,"href":"https:\/\/mieux-se-connaitre.com\/wp4\/wp-json\/wp\/v2\/posts\/7196\/revisions"}],"predecessor-version":[{"id":7212,"href":"https:\/\/mieux-se-connaitre.com\/wp4\/wp-json\/wp\/v2\/posts\/7196\/revisions\/7212"}],"wp:attachment":[{"href":"https:\/\/mieux-se-connaitre.com\/wp4\/wp-json\/wp\/v2\/media?parent=7196"}],"wp:term":[{"taxonomy":"category","embeddable":true,"href":"https:\/\/mieux-se-connaitre.com\/wp4\/wp-json\/wp\/v2\/categories?post=7196"},{"taxonomy":"post_tag","embeddable":true,"href":"https:\/\/mieux-se-connaitre.com\/wp4\/wp-json\/wp\/v2\/tags?post=7196"}],"curies":[{"name":"wp","href":"https:\/\/api.w.org\/{rel}","templated":true}]}}