{"id":7491,"date":"2014-03-27T07:59:28","date_gmt":"2014-03-27T05:59:28","guid":{"rendered":"https:\/\/mieux-se-connaitre.com\/wp4\/?p=7491"},"modified":"2014-03-27T07:59:38","modified_gmt":"2014-03-27T05:59:38","slug":"emile-zola-reflet-et-acteur-du-xixe-siecle","status":"publish","type":"post","link":"https:\/\/mieux-se-connaitre.com\/wp4\/2014\/03\/emile-zola-reflet-et-acteur-du-xixe-siecle\/","title":{"rendered":"\u00c9mile Zola, reflet et acteur du XIXe si\u00e8cle"},"content":{"rendered":"<!-- google_ad_section_start --><p><!--\nP { margin-bottom: 0.21cm; }\n--><\/p>\n<div id=\"attachment_7492\" style=\"width: 240px\" class=\"wp-caption alignleft\"><a href=\"https:\/\/mieux-se-connaitre.com\/wp4\/wp-content\/uploads\/2014\/03\/RMN28.jpg\"><img aria-describedby=\"caption-attachment-7492\" loading=\"lazy\" class=\"size-medium wp-image-7492\" alt=\"\u00c9mile Zola par Manet - Mus\u00e9e d'Orsay\" src=\"https:\/\/mieux-se-connaitre.com\/wp4\/wp-content\/uploads\/2014\/03\/RMN28-230x300.jpg\" width=\"230\" height=\"300\" srcset=\"https:\/\/mieux-se-connaitre.com\/wp4\/wp-content\/uploads\/2014\/03\/RMN28-230x300.jpg 230w, https:\/\/mieux-se-connaitre.com\/wp4\/wp-content\/uploads\/2014\/03\/RMN28-115x150.jpg 115w, https:\/\/mieux-se-connaitre.com\/wp4\/wp-content\/uploads\/2014\/03\/RMN28.jpg 369w\" sizes=\"(max-width: 230px) 100vw, 230px\" \/><\/a><p id=\"caption-attachment-7492\" class=\"wp-caption-text\">\u00c9mile Zola par Manet &#8211; Mus\u00e9e d&#8217;Orsay<\/p><\/div>\n<p>\u00c9mile Zola met sa plume au service des luttes politiques et artistiques du XIXe si\u00e8cle.<\/p>\n<p><span style=\"color: #800000\"><strong>En 1898, la fondation de ligue des droits de l&#8217;homme<\/strong><\/span> marque l&#8217;av\u00e8nement d&#8217;un nouveau pouvoir intellectuel<br \/>\nAu milieu des passions qui se d\u00e9cha\u00eenent autour de l&#8217;affaire Dreyfus, \u00e9merge un&#8221;pouvoir&#8221;intellectuel.<!--more--><br \/>\n&#8220;Je n&#8217;ai qu&#8217;une passion, celle de la lumi\u00e8re&#8221; &#8211; Zola, J&#8217;accuse, L&#8217;Aurore, 13 janvier 1898 &#8211;<br \/>\n&#8220;Me faut le dire \u00e0 leur honneur, les hommes de pens\u00e9e se sont mis en mouvement, d&#8217;abord.&#8221; &#8211; Clemenceau dans L&#8217;Aurore, 18 janvier 1898 -.<br \/>\nSe d\u00e9gage aussi la haine de certains intellectuels &#8211; Barr\u00e8s, Mes cahiers &#8211; &#8220;Sous pr\u00e9texte de nous faire citoyen de l&#8217;humanit\u00e9, elle (l&#8217;universit\u00e9) nous d\u00e9racine de notre sol, de notre id\u00e9al aussi.&#8221;<br \/>\nLe combat s&#8217;\u00e9largit aux forces susceptibles de transformer en profondeur la soci\u00e9t\u00e9. A long terme, l&#8217;<a href=\"https:\/\/mieux-se-connaitre.com\/wp4\/2012\/09\/laffaire-dreyfus\/\">Affaire Dreyfus<\/a> va consolider la R\u00e9publique, va permettre de r\u00e9publicaniser l&#8217;\u00e9tat-major, d&#8217;affaiblir le pouvoir des congr\u00e9gations.<br \/>\nPour ceux qui sont attach\u00e9s aux droits de l&#8217;homme, la Ligue des droits de l&#8217;homme est n\u00e9e de l&#8217;Affaire et pendant l&#8217;Affaire.<br \/>\nLudovic Trarieux, ancien ministre de la Justice est \u00e0 l&#8217;origine de sa fondation. Seulement 4 \u00e0 5 mille en 1898, ses adeptes seront plus de 40 mille en 1906 et leur audience est grande.<\/p>\n<div id=\"attachment_7493\" style=\"width: 310px\" class=\"wp-caption alignleft\"><a href=\"https:\/\/mieux-se-connaitre.com\/wp4\/wp-content\/uploads\/2014\/03\/EVT201A.jpg\"><img aria-describedby=\"caption-attachment-7493\" loading=\"lazy\" class=\"size-medium wp-image-7493\" alt=\"Un atelier aux Batignolles de Fantin-Latour\" src=\"https:\/\/mieux-se-connaitre.com\/wp4\/wp-content\/uploads\/2014\/03\/EVT201A-300x222.jpg\" width=\"300\" height=\"222\" srcset=\"https:\/\/mieux-se-connaitre.com\/wp4\/wp-content\/uploads\/2014\/03\/EVT201A-300x222.jpg 300w, https:\/\/mieux-se-connaitre.com\/wp4\/wp-content\/uploads\/2014\/03\/EVT201A-150x111.jpg 150w, https:\/\/mieux-se-connaitre.com\/wp4\/wp-content\/uploads\/2014\/03\/EVT201A.jpg 640w\" sizes=\"(max-width: 300px) 100vw, 300px\" \/><\/a><p id=\"caption-attachment-7493\" class=\"wp-caption-text\">Un atelier aux Batignolles de Fantin-Latour<\/p><\/div>\n<p><span style=\"color: #800000\"><strong>Zola et les peintres au caf\u00e9 Guerbois<\/strong><\/span><\/p>\n<p>Les discussions esth\u00e9tiques au Caf\u00e9 Guerbois (l&#8217;Avenir National 5 Mai 1873) auxquelles il participe aux c\u00f4t\u00e9s de Manet, inspirent \u00e0 Fantin-Latour son tableau : Un atelier aux Batignolles, il y r\u00e9unit tous ses amis. Outre Manet, on peut y voir de gauche \u00e0 droite : Scholderer, Renoir, Astruc (assis) Emile Zola, Edmond Ma\u00eetre, Fr\u00e9d\u00e9ric Bazille et Claude Monet. Groupement de personnages, groupement d&#8217;\u00e9cole autour d&#8217;un ma\u00eetre encore tant contest\u00e9 que le tableau lui-m\u00eame suscite plus d&#8217;ironie que de vrais hommages. Il est refus\u00e9 au Salon de 1870.<br \/>\nBertall l&#8217;\u00e9pingle m\u00eame du titre de &#8220;J\u00e9sus Peignant au milieu de ses disciples, ou la divine \u00e9cole de Manet, tableau religieux par Fantin-Latour&#8221;.<\/p>\n<p><span style=\"color: #800000\"><strong>Zola, d\u00e9fenseur des Impressionnistes:<\/strong><\/span> devant l&#8217;<a href=\"https:\/\/mieux-se-connaitre.com\/wp4\/2011\/04\/olympia-dedouard-manet\/\"><em>Olympia<\/em><\/a> de Manet, Zola est l&#8217;un des rares qui ait ressenti qu&#8217;il \u00e9tait devant un chef d&#8217;oeuvre, il interpelle Manet ainsi:<\/p>\n<p>&#8220;Un tableau pour vous est un simple pr\u00e9texte \u00e0 analyse. Il vous fallait une femme nue, et vous avez choisie Olympia, la premi\u00e8re venue ; il vous fallait des taches claires et lumineuses, et vous avez mis un bouquet ; il vous fallait des taches noires, et vous avez plac\u00e9 dans un coin une n\u00e9gresse et un chat. Qu&#8217;est-ce que tout \u00e7 a veut dire ? Vous ne le savez gu\u00e8re, ni moi non plus. Mais je sais, moi, que vous avez admirablement r\u00e9ussi \u00e0 faire un \u0153uvre de peintre, de grand peintre&#8230;\u00e0 traduire \u00e9nergiquement et dans un langage particulier les v\u00e9rit\u00e9s de la lumi\u00e8re et de l&#8217;ombre, les r\u00e9alit\u00e9s des objets et des cr\u00e9atures.&#8221;<\/p>\n<p><span style=\"color: #800000\"><strong>Devant Femmes au jardin de Monet<\/strong><\/span>, il dit:&#8221;Il faut aimer singuli\u00e8rement son temps pour oser un pareil tour de force, des \u00e9toffes coup\u00e9es en deux par l&#8217;ombre et le soleil, des dames bien mises dans un parterre que le r\u00e2teau d&#8217;un jardinier a soigneusement peign\u00e9.&#8221;C\u00e9zanne se dispute avec Zola, son ami d&#8217;enfance, qui l&#8217;a\u00a0 pris pour le mod\u00e8le d&#8217;un &#8220;peintre rat\u00e9&#8221; dans L&#8217;\u0152uvre (1886)<span style=\"color: #800000\"><strong>Zola et le th\u00e9\u00e2tre<\/strong><\/span>Abonn\u00e9 au Th\u00e9\u00e2tre libre (th\u00e9\u00e2tre cr\u00e9\u00e9 par Antoine en 1887),\u00a0 Zola lui apporte aussi son soutien financier.<\/p>\n<div id=\"attachment_7494\" style=\"width: 207px\" class=\"wp-caption alignleft\"><a href=\"https:\/\/mieux-se-connaitre.com\/wp4\/wp-content\/uploads\/2014\/03\/CD28_055.jpg\"><img aria-describedby=\"caption-attachment-7494\" loading=\"lazy\" class=\"size-medium wp-image-7494\" alt=\"\u00c9mile Zola\" src=\"https:\/\/mieux-se-connaitre.com\/wp4\/wp-content\/uploads\/2014\/03\/CD28_055-197x300.jpg\" width=\"197\" height=\"300\" srcset=\"https:\/\/mieux-se-connaitre.com\/wp4\/wp-content\/uploads\/2014\/03\/CD28_055-197x300.jpg 197w, https:\/\/mieux-se-connaitre.com\/wp4\/wp-content\/uploads\/2014\/03\/CD28_055-98x150.jpg 98w, https:\/\/mieux-se-connaitre.com\/wp4\/wp-content\/uploads\/2014\/03\/CD28_055.jpg 316w\" sizes=\"(max-width: 197px) 100vw, 197px\" \/><\/a><p id=\"caption-attachment-7494\" class=\"wp-caption-text\">\u00c9mile Zola<\/p><\/div>\n<p><span style=\"color: #800000\"><strong>Zola Emile, \u00e9crivain fran\u00e7ais<\/strong><\/span><br \/>\n1840 (Paris) &#8211; 1902 (Paris)<\/p>\n<p>&#8220;Envions-le, sa destin\u00e9e et son c\u0153ur lui feront le sort le plus grand. Il fut un moment de la conscience humaine.&#8221; &#8211; Anatole France &#8211;<br \/>\nLa mis\u00e8re, Zola l&#8217;a connue, la boh\u00e8me aussi, sous les toits de Paris : rien \u00e0 manger &#8211; mais du r\u00eave, de la po\u00e9sie et les amis de Paul C\u00e9zanne. Une bougie de trois sous, c&#8217;\u00e9tait une nuit de litt\u00e9rature.<br \/>\nA vingt-deux ans, Zola est naturalis\u00e9 fran\u00e7ais. Il entre chez Hachette, s&#8217;occupe de publicit\u00e9 et rencontre les grands \u00e9crivains de son temps. Il travaille beaucoup, se lance dans le journalisme et la critique. La lecture de L&#8217;Introduction \u00e0 la m\u00e9thode exp\u00e9rimentale de Claude Bernard est pour lui une r\u00e9v\u00e9lation : il en tire la th\u00e9orie du &#8220;roman exp\u00e9rimental&#8221;. &#8220;L&#8217;exp\u00e9rimentateur est le juge d&#8217;instruction de la nature.<\/p>\n<p>Nous autres romanciers nous sommes les juges d&#8217;instruction des hommes et de leurs passions&#8221;.<br \/>\nConsacr\u00e9 d\u00e8s 1867 auteur \u00e0 succ\u00e8s avec Th\u00e9r\u00e8se Raquin, qui fait scandale, il d\u00e9cide d&#8217;\u00e9crire, \u00e0 l&#8217;\u00e9gal de Balzac, une fresque, les Rougon Macquart : vingt volumes occuperont sa vie d&#8217;\u00e9crivain. Le triomphe est acquis avec L&#8217;Assomoir. Il accueille dans sa maison de M\u00e9dan de jeunes romanciers \u00e0 l&#8217;enseigne du naturalisme. Ses romans lui apportent une c\u00e9l\u00e9brit\u00e9 sans \u00e9gale, la fortune et la haine de tous les bien-pensants. &#8220;La signification de son livre : faire de l&#8217;art en faisant du boudin&#8230; cela s&#8217;appelle le <a href=\"https:\/\/mieux-se-connaitre.com\/wp4\/2012\/01\/naturalisme-et-realisme\/\">r\u00e9alisme<\/a>&#8221; -Barbey d&#8217;Aurevilly-<br \/>\nZola aurait aim\u00e9 entrer \u00e0 l&#8217;Acad\u00e9mie fran\u00e7aise, mais il sacrifie la respectabilit\u00e9 \u00e0 sa soif de justice, et s&#8217;engage \u00e0 l&#8217;occasion de l&#8217;Affaire Dreyfus. Son \u00e9ditorial dans L&#8217;Aurore que dirige Clemenceau, J&#8217;accuse, est tir\u00e9 \u00e0 300 000 exemplaires. Poursuivi, condamn\u00e9, Zola s&#8217;exile. Un an plus tard, Dreyfus est lib\u00e9r\u00e9. &#8220;La v\u00e9rit\u00e9 est en marche, rien ne l&#8217;arr\u00eatera.&#8221; (1898)<br \/>\nZola, l&#8217;abominable gueux, l&#8217;Italien vendu aux juifs, le souteneur de Nana, le P\u00e8re la Trouille. Les haines qu&#8217;il a suscit\u00e9es \u00e9galent celles qui conduiront \u00e0 l&#8217;assassinat de Jaur\u00e8s. Il meurt accidentellement chez lui en 1902 : ses cendres seront transf\u00e9r\u00e9es au <a href=\"https:\/\/mieux-se-connaitre.com\/wp4\/2010\/11\/le-pantheon-des-republicains\/\">Panth\u00e9on <\/a>en 1908.<\/p>\n<p>1864 : <em>Contes \u00e0 Ninon<\/em><br \/>\n1867 : Edouard Manet, critique d&#8217;art<br \/>\n1867 : <em>Th\u00e9r\u00e8se Raquin<\/em><br \/>\n1877 : <em>L&#8217;Assommoir<\/em><br \/>\n1879 : <em>Nana<\/em><br \/>\n1880 : Le Roman exp\u00e9rimental<br \/>\n1883 : <em>Au bonheur des dames \u00a0<\/em><br \/>\n1885 : <a href=\"https:\/\/mieux-se-connaitre.com\/wp4\/2010\/06\/la-mine-et-la-colere\/\"><em>Germinal<\/em><\/a><\/p>\n<p>1890: <em>La b\u00eate humaine<\/em> immortalise les cheminots, m\u00e9caniciens et conducteurs du rail<br \/>\n1898 : J&#8217;accuse dans l&#8217;Aurore<br \/>\n1899-1903 : Les Quatre \u00c9vangiles<\/p>\n<!-- google_ad_section_end -->","protected":false},"excerpt":{"rendered":"<!-- google_ad_section_start --><p>\u00c9mile Zola met sa plume au service des luttes politiques et artistiques du XIXe si\u00e8cle. En 1898, la fondation de ligue des droits de l&#8217;homme marque l&#8217;av\u00e8nement d&#8217;un nouveau pouvoir intellectuel Au milieu des passions qui se d\u00e9cha\u00eenent autour de&hellip;<\/p>\n<p class=\"more-link-p\"><a class=\"more-link\" href=\"https:\/\/mieux-se-connaitre.com\/wp4\/2014\/03\/emile-zola-reflet-et-acteur-du-xixe-siecle\/\">Suite &rarr;<\/a><\/p>\n<!-- google_ad_section_end -->","protected":false},"author":1,"featured_media":0,"comment_status":"open","ping_status":"open","sticky":false,"template":"","format":"standard","meta":[],"categories":[7,155],"tags":[],"_links":{"self":[{"href":"https:\/\/mieux-se-connaitre.com\/wp4\/wp-json\/wp\/v2\/posts\/7491"}],"collection":[{"href":"https:\/\/mieux-se-connaitre.com\/wp4\/wp-json\/wp\/v2\/posts"}],"about":[{"href":"https:\/\/mieux-se-connaitre.com\/wp4\/wp-json\/wp\/v2\/types\/post"}],"author":[{"embeddable":true,"href":"https:\/\/mieux-se-connaitre.com\/wp4\/wp-json\/wp\/v2\/users\/1"}],"replies":[{"embeddable":true,"href":"https:\/\/mieux-se-connaitre.com\/wp4\/wp-json\/wp\/v2\/comments?post=7491"}],"version-history":[{"count":4,"href":"https:\/\/mieux-se-connaitre.com\/wp4\/wp-json\/wp\/v2\/posts\/7491\/revisions"}],"predecessor-version":[{"id":7518,"href":"https:\/\/mieux-se-connaitre.com\/wp4\/wp-json\/wp\/v2\/posts\/7491\/revisions\/7518"}],"wp:attachment":[{"href":"https:\/\/mieux-se-connaitre.com\/wp4\/wp-json\/wp\/v2\/media?parent=7491"}],"wp:term":[{"taxonomy":"category","embeddable":true,"href":"https:\/\/mieux-se-connaitre.com\/wp4\/wp-json\/wp\/v2\/categories?post=7491"},{"taxonomy":"post_tag","embeddable":true,"href":"https:\/\/mieux-se-connaitre.com\/wp4\/wp-json\/wp\/v2\/tags?post=7491"}],"curies":[{"name":"wp","href":"https:\/\/api.w.org\/{rel}","templated":true}]}}