{"id":7528,"date":"2014-04-03T07:56:13","date_gmt":"2014-04-03T05:56:13","guid":{"rendered":"https:\/\/mieux-se-connaitre.com\/wp4\/?p=7528"},"modified":"2020-07-17T18:50:20","modified_gmt":"2020-07-17T16:50:20","slug":"le-temps-des-cerises","status":"publish","type":"post","link":"https:\/\/mieux-se-connaitre.com\/wp4\/2014\/04\/le-temps-des-cerises\/","title":{"rendered":"Le temps des cerises"},"content":{"rendered":"<!-- google_ad_section_start --><div id=\"attachment_7530\" style=\"width: 197px\" class=\"wp-caption alignleft\"><a href=\"https:\/\/mieux-se-connaitre.com\/wp4\/wp-content\/uploads\/2014\/04\/cerisier.jpg\"><img aria-describedby=\"caption-attachment-7530\" loading=\"lazy\" class=\"wp-image-7530 size-medium\" src=\"https:\/\/mieux-se-connaitre.com\/wp4\/wp-content\/uploads\/2014\/04\/cerisier-187x300.jpg\" alt=\"le temps des cerises\" width=\"187\" height=\"300\" srcset=\"https:\/\/mieux-se-connaitre.com\/wp4\/wp-content\/uploads\/2014\/04\/cerisier-187x300.jpg 187w, https:\/\/mieux-se-connaitre.com\/wp4\/wp-content\/uploads\/2014\/04\/cerisier-93x150.jpg 93w, https:\/\/mieux-se-connaitre.com\/wp4\/wp-content\/uploads\/2014\/04\/cerisier.jpg 300w\" sizes=\"(max-width: 187px) 100vw, 187px\" \/><\/a><p id=\"caption-attachment-7530\" class=\"wp-caption-text\">cerisier<\/p><\/div>\n<p><em>Le Temps des cerises<\/em>, musique de A.Renard, illustre t\u00e9nor de l&#8217;Op\u00e9ra, paroles de Jean-Baptiste Cl\u00e9ment, dont les po\u00e9sies sociales sont farouches. Il fut \u00e9lu membre de la <a href=\"https:\/\/mieux-se-connaitre.com\/wp4\/2010\/05\/le-dernier-jour-de-la-semaine-sanglante\/\">Commune de Paris <\/a>.<\/p>\n<p>Un <a href=\"https:\/\/mieux-se-connaitre.com\/wp4\/2014\/04\/le-cerisier\/\">cerisier<\/a> veille sur sa tombe au <a href=\"https:\/\/pere-lachaise.com\/\">P\u00e8re Lachaise<\/a>.<\/p>\n<p>Le texte original\u00a0 de la chanson avait un caract\u00e8re r\u00e9volutionnaire et Cl\u00e9ment r\u00e9colta deux ann\u00e9es de prison et l&#8217;exil. La version sentimentale que nous connaissons tous a \u00e9t\u00e9 compos\u00e9e plus tard en Belgique. Cl\u00e9ment \u00e9tait dans le d\u00e9nuement le plus total et il c\u00e9da tous les droits au chanteur Renard en \u00e9change d&#8217;une pelisse.<\/p>\n<p>De nombreuses parodies ont \u00e9t\u00e9 \u00e9crites depuis, en particulier lors de la guerre de 14-18.<\/p>\n<p><a href=\"https:\/\/mieux-se-connaitre.com\/wp4\/wp-content\/uploads\/2014\/04\/chceris.aif\"><span style=\"color: #800000;\"><strong>La version romantique<\/strong><\/span><\/a><\/p>\n<p>&nbsp;<\/p>\n<p><span style=\"color: #800000;\"><strong>La version originale<\/strong><\/span><\/p>\n<p>Quand il reviendra, le temps des cerises,<\/p>\n<p>Pandores idiots, magistrats moqueurs,<\/p>\n<p>seront tous en f\u00eate.<\/p>\n<p>Les bourgeois auront la folie en t\u00eate&#8230;<\/p>\n<p>A l&#8217;ombre seront po\u00e8tes chanteurs.<\/p>\n<p>mais quand reviendra le temps des cerises<\/p>\n<p>Siffleront bien haut, chassepots vengeurs.<\/p>\n<p><span style=\"color: #800000;\"><strong>La version Grande Guerre<\/strong><\/span><\/p>\n<p>Quand tu reviendras de la grande guerre<\/p>\n<p>tu me trouveras comme au premier jour<\/p>\n<p>Aimante et sinc\u00e8re.<\/p>\n<p>Car j&#8217;aurai tenu la promesse ch\u00e8re<\/p>\n<p>D&#8217;\u00eatre toute \u00e0 toi jusqu&#8217;\u00e0 ton retour.<\/p>\n<p>Quand tu reviendras de la grande guerre<\/p>\n<p>J&#8217;aurai m\u00eame coeur et pareil amour.<\/p>\n<!-- google_ad_section_end -->","protected":false},"excerpt":{"rendered":"<!-- google_ad_section_start --><p>Le Temps des cerises, musique de A.Renard, illustre t\u00e9nor de l&#8217;Op\u00e9ra, paroles de Jean-Baptiste Cl\u00e9ment, dont les po\u00e9sies sociales sont farouches. Il fut \u00e9lu membre de la Commune de Paris . Un cerisier veille sur sa tombe au P\u00e8re Lachaise.&hellip;<\/p>\n<p class=\"more-link-p\"><a class=\"more-link\" href=\"https:\/\/mieux-se-connaitre.com\/wp4\/2014\/04\/le-temps-des-cerises\/\">Suite &rarr;<\/a><\/p>\n<!-- google_ad_section_end -->","protected":false},"author":1,"featured_media":0,"comment_status":"open","ping_status":"open","sticky":false,"template":"","format":"standard","meta":[],"categories":[279],"tags":[],"_links":{"self":[{"href":"https:\/\/mieux-se-connaitre.com\/wp4\/wp-json\/wp\/v2\/posts\/7528"}],"collection":[{"href":"https:\/\/mieux-se-connaitre.com\/wp4\/wp-json\/wp\/v2\/posts"}],"about":[{"href":"https:\/\/mieux-se-connaitre.com\/wp4\/wp-json\/wp\/v2\/types\/post"}],"author":[{"embeddable":true,"href":"https:\/\/mieux-se-connaitre.com\/wp4\/wp-json\/wp\/v2\/users\/1"}],"replies":[{"embeddable":true,"href":"https:\/\/mieux-se-connaitre.com\/wp4\/wp-json\/wp\/v2\/comments?post=7528"}],"version-history":[{"count":5,"href":"https:\/\/mieux-se-connaitre.com\/wp4\/wp-json\/wp\/v2\/posts\/7528\/revisions"}],"predecessor-version":[{"id":14251,"href":"https:\/\/mieux-se-connaitre.com\/wp4\/wp-json\/wp\/v2\/posts\/7528\/revisions\/14251"}],"wp:attachment":[{"href":"https:\/\/mieux-se-connaitre.com\/wp4\/wp-json\/wp\/v2\/media?parent=7528"}],"wp:term":[{"taxonomy":"category","embeddable":true,"href":"https:\/\/mieux-se-connaitre.com\/wp4\/wp-json\/wp\/v2\/categories?post=7528"},{"taxonomy":"post_tag","embeddable":true,"href":"https:\/\/mieux-se-connaitre.com\/wp4\/wp-json\/wp\/v2\/tags?post=7528"}],"curies":[{"name":"wp","href":"https:\/\/api.w.org\/{rel}","templated":true}]}}