{"id":7666,"date":"2014-05-08T07:59:47","date_gmt":"2014-05-08T05:59:47","guid":{"rendered":"https:\/\/mieux-se-connaitre.com\/wp4\/?p=7666"},"modified":"2014-05-08T07:59:51","modified_gmt":"2014-05-08T05:59:51","slug":"tocqueville","status":"publish","type":"post","link":"https:\/\/mieux-se-connaitre.com\/wp4\/2014\/05\/tocqueville\/","title":{"rendered":"Tocqueville"},"content":{"rendered":"<!-- google_ad_section_start --><div id=\"attachment_7667\" style=\"width: 310px\" class=\"wp-caption alignleft\"><a href=\"https:\/\/mieux-se-connaitre.com\/wp4\/wp-content\/uploads\/2014\/05\/EVT067k.jpg\"><img aria-describedby=\"caption-attachment-7667\" loading=\"lazy\" class=\"size-medium wp-image-7667\" alt=\"L'Ancien r\u00e9gime et la r\u00e9volution de Tocqueville\" src=\"https:\/\/mieux-se-connaitre.com\/wp4\/wp-content\/uploads\/2014\/05\/EVT067k-300x288.jpg\" width=\"300\" height=\"288\" srcset=\"https:\/\/mieux-se-connaitre.com\/wp4\/wp-content\/uploads\/2014\/05\/EVT067k-300x288.jpg 300w, https:\/\/mieux-se-connaitre.com\/wp4\/wp-content\/uploads\/2014\/05\/EVT067k-150x144.jpg 150w, https:\/\/mieux-se-connaitre.com\/wp4\/wp-content\/uploads\/2014\/05\/EVT067k.jpg 499w\" sizes=\"(max-width: 300px) 100vw, 300px\" \/><\/a><p id=\"caption-attachment-7667\" class=\"wp-caption-text\">L&#8217;Ancien r\u00e9gime et la r\u00e9volution de Tocqueville<\/p><\/div>\n<p>&nbsp;<\/p>\n<p><span style=\"color: #800000\"><strong>Importance relative des faits r\u00e9els<\/strong><\/span><br \/>\n<em>Il n&#8217;y a rien de plus propre \u00e0 rappeler les philosophes et les hommes d&#8217;Etat \u00e0 la modestie que l&#8217;histoire de notre R\u00e9volution : car il n&#8217;y eut jamais d&#8217;\u00e9v\u00e9nements plus grands, conduits de plus loin, mieux pr\u00e9par\u00e9s et moins pr\u00e9vus.<\/em> -Alexis de Tocqueville-<br \/>\nPour mieux comprendre la France de 1850, Tocqueville, hostile au coup d&#8217;Etat de Louis Napol\u00e9on Bonaparte et \u00e0 l&#8217;Empire, \u00e9tudie le Premier Empire. Frapp\u00e9 par l&#8217;ampleur de la volont\u00e9 centralisatrice de Napol\u00e9on Ier et curieux d&#8217;en retrouver les causes, il analyse les raisons de l&#8217;absolutisme royal. C&#8217;est ce tableau de la France politique et sociale au XVIIIe si\u00e8cle qu&#8217;il publie en 1856 sous le titre L&#8217;Ancien R\u00e9gime et la R\u00e9volution.<br \/>\nParti d&#8217;une hypoth\u00e8se et s&#8217;appuyant non seulement sur des sources imprim\u00e9es, mais sur les archives de la g\u00e9n\u00e9ralit\u00e9 de Tours, il \u00e9claire une question d&#8217;histoire compar\u00e9e : pourquoi le passage de la soci\u00e9t\u00e9 f\u00e9odale \u00e0 la soci\u00e9t\u00e9 d\u00e9mocratique a-t-il pris une forme plus aigu\u00eb en France que dans les autres pays d&#8217;Europe ?<br \/>\nTocqueville est un des premiers \u00e0 avoir compris que l&#8217;histoire est faite de repr\u00e9sentations plus ou moins imaginaires autant que de faits r\u00e9els.<!--more--><\/p>\n<div id=\"attachment_7668\" style=\"width: 230px\" class=\"wp-caption alignleft\"><a href=\"https:\/\/mieux-se-connaitre.com\/wp4\/wp-content\/uploads\/2014\/05\/CD41_33.jpg\"><img aria-describedby=\"caption-attachment-7668\" loading=\"lazy\" class=\"size-medium wp-image-7668\" alt=\"Tocqueville par Chass\u00e9riau\" src=\"https:\/\/mieux-se-connaitre.com\/wp4\/wp-content\/uploads\/2014\/05\/CD41_33-220x300.jpg\" width=\"220\" height=\"300\" srcset=\"https:\/\/mieux-se-connaitre.com\/wp4\/wp-content\/uploads\/2014\/05\/CD41_33-220x300.jpg 220w, https:\/\/mieux-se-connaitre.com\/wp4\/wp-content\/uploads\/2014\/05\/CD41_33-110x150.jpg 110w, https:\/\/mieux-se-connaitre.com\/wp4\/wp-content\/uploads\/2014\/05\/CD41_33.jpg 353w\" sizes=\"(max-width: 220px) 100vw, 220px\" \/><\/a><p id=\"caption-attachment-7668\" class=\"wp-caption-text\">Tocqueville par Chass\u00e9riau<\/p><\/div>\n<p><strong>Tocqueville Charles Alexis Cl\u00e9rel de, historien et homme politique fran\u00e7ais<\/strong><br \/>\n1805 (Paris) &#8211; 1859 (Cannes)<\/p>\n<p>Rien ne pr\u00e9pare Alexis \u00e0 incarner le lib\u00e9ralisme politique et m\u00eame la d\u00e9mocratie. Fils d&#8217;aristocrates, il passe son enfance au ch\u00e2teau familial<br \/>\nde Verneuil dans l&#8217;Eure, \u00e0 lire les philosophes des Lumi\u00e8res. Jeune magistrat, il part pour les Etats-Unis, en 1831, charg\u00e9 d&#8217;une \u00e9tude sur les prisons. Il en rapporte un ma\u00eetre ouvrage : De la d\u00e9mocratie en Am\u00e9rique. Orl\u00e9aniste, d\u00e9put\u00e9 de Valognes, il lance \u00e0 la Chambre, en<a href=\"https:\/\/mieux-se-connaitre.com\/wp4\/2013\/02\/juin-1848-la-republique-ecrase-linsurrection-ouvriere\/\"> janvier 1848<\/a> son proph\u00e9tique : &#8220;Messieurs, nous nous endormons sur un volcan !&#8221; Un mois plus tard, le tr\u00f4ne de Louis Philippe est balay\u00e9.<br \/>\nMinistre de la R\u00e9publique, Tocqueville refuse d&#8217;\u00eatre le complice de l&#8217;usurpateur Napol\u00e9on III. Arr\u00eat\u00e9, il est lib\u00e9r\u00e9 quelques jours apr\u00e8s ; il voyage alors en Allemagne, en Italie, tombe malade et meurt \u00e0 Cannes en 1859. L&#8217;Ancien R\u00e9gime et la R\u00e9volution, \u0153uvre dont on ne cesse -quelquefois inconsid\u00e9r\u00e9ment- de vanter l&#8217;actualit\u00e9, mais aussi des \u00e9crits nuanc\u00e9s sur le libre-\u00e9change ou son lucide rapport sur l&#8217;Alg\u00e9rie dans lequel il s&#8217;inqui\u00e8te de la haine des Europ\u00e9ens contre les Arabes, consid\u00e9r\u00e9s comme des &#8220;b\u00eates malfaisantes&#8221;, jalonnent sa vie de r\u00e9flexion constructive. Profond\u00e9ment antiraciste, il repousse avec fougue la th\u00e9orie de Gobineau sur la sup\u00e9riorit\u00e9 des Germains nordiques : c&#8217;est une &#8220;philosophie de haras&#8221;, indigne d&#8217;un chr\u00e9tien.<br \/>\nSainte-Beuve a d\u00e9fini Tocqueville comme un aristocrate plaidant sans joie la cause d\u00e9mocratique. Peut \u00eatre. Mais, qui l&#8217;annexe au nom d&#8217;un lib\u00e9ralisme \u00e9conomique sans frein, l&#8217;a mal lu. Tocqueville constate simplement que la marche vers plus d&#8217;\u00e9galit\u00e9 est irr\u00e9versible, tout en jugeant parfaitement possible de concilier la justice sociale et la libert\u00e9 politique, bref de d\u00e9finir les m\u0153urs et les institutions d&#8217;une libre d\u00e9mocratie d\u00e9centralis\u00e9e.<\/p>\n<p>1835-40 : De la d\u00e9mocratie en Am\u00e9rique<br \/>\n1839-48 : d\u00e9put\u00e9 de Valognes<br \/>\n1848 : il est r\u00e9\u00e9lu d\u00e9put\u00e9 de la Constituante<br \/>\n1849 : ministre des Affaires \u00e9trang\u00e8res (pendant cinq mois)<br \/>\n1856 : L&#8217;Ancien R\u00e9gime et la R\u00e9volution<\/p>\n<p><!--\nP { margin-bottom: 0.21cm; }\n--><\/p>\n<!-- google_ad_section_end -->","protected":false},"excerpt":{"rendered":"<!-- google_ad_section_start --><p>&nbsp; Importance relative des faits r\u00e9els Il n&#8217;y a rien de plus propre \u00e0 rappeler les philosophes et les hommes d&#8217;Etat \u00e0 la modestie que l&#8217;histoire de notre R\u00e9volution : car il n&#8217;y eut jamais d&#8217;\u00e9v\u00e9nements plus grands, conduits de&hellip;<\/p>\n<p class=\"more-link-p\"><a class=\"more-link\" href=\"https:\/\/mieux-se-connaitre.com\/wp4\/2014\/05\/tocqueville\/\">Suite &rarr;<\/a><\/p>\n<!-- google_ad_section_end -->","protected":false},"author":1,"featured_media":0,"comment_status":"open","ping_status":"open","sticky":false,"template":"","format":"standard","meta":[],"categories":[7,150],"tags":[],"_links":{"self":[{"href":"https:\/\/mieux-se-connaitre.com\/wp4\/wp-json\/wp\/v2\/posts\/7666"}],"collection":[{"href":"https:\/\/mieux-se-connaitre.com\/wp4\/wp-json\/wp\/v2\/posts"}],"about":[{"href":"https:\/\/mieux-se-connaitre.com\/wp4\/wp-json\/wp\/v2\/types\/post"}],"author":[{"embeddable":true,"href":"https:\/\/mieux-se-connaitre.com\/wp4\/wp-json\/wp\/v2\/users\/1"}],"replies":[{"embeddable":true,"href":"https:\/\/mieux-se-connaitre.com\/wp4\/wp-json\/wp\/v2\/comments?post=7666"}],"version-history":[{"count":2,"href":"https:\/\/mieux-se-connaitre.com\/wp4\/wp-json\/wp\/v2\/posts\/7666\/revisions"}],"predecessor-version":[{"id":7685,"href":"https:\/\/mieux-se-connaitre.com\/wp4\/wp-json\/wp\/v2\/posts\/7666\/revisions\/7685"}],"wp:attachment":[{"href":"https:\/\/mieux-se-connaitre.com\/wp4\/wp-json\/wp\/v2\/media?parent=7666"}],"wp:term":[{"taxonomy":"category","embeddable":true,"href":"https:\/\/mieux-se-connaitre.com\/wp4\/wp-json\/wp\/v2\/categories?post=7666"},{"taxonomy":"post_tag","embeddable":true,"href":"https:\/\/mieux-se-connaitre.com\/wp4\/wp-json\/wp\/v2\/tags?post=7666"}],"curies":[{"name":"wp","href":"https:\/\/api.w.org\/{rel}","templated":true}]}}