{"id":7858,"date":"2014-07-03T07:59:25","date_gmt":"2014-07-03T05:59:25","guid":{"rendered":"https:\/\/mieux-se-connaitre.com\/wp4\/?p=7858"},"modified":"2014-07-03T07:59:46","modified_gmt":"2014-07-03T05:59:46","slug":"les-enjeux-francais-au-moyen-orient-au-xixe","status":"publish","type":"post","link":"https:\/\/mieux-se-connaitre.com\/wp4\/2014\/07\/les-enjeux-francais-au-moyen-orient-au-xixe\/","title":{"rendered":"Les enjeux fran\u00e7ais au Moyen Orient au XIXe"},"content":{"rendered":"<!-- google_ad_section_start --><div id=\"attachment_7860\" style=\"width: 310px\" class=\"wp-caption alignleft\"><a href=\"https:\/\/mieux-se-connaitre.com\/wp4\/wp-content\/uploads\/2014\/07\/EVT083B.jpg\"><img aria-describedby=\"caption-attachment-7860\" loading=\"lazy\" class=\"size-medium wp-image-7860\" alt=\"Lesseps et Napol\u00e9on III\" src=\"https:\/\/mieux-se-connaitre.com\/wp4\/wp-content\/uploads\/2014\/07\/EVT083B-300x225.jpg\" width=\"300\" height=\"225\" srcset=\"https:\/\/mieux-se-connaitre.com\/wp4\/wp-content\/uploads\/2014\/07\/EVT083B-300x225.jpg 300w, https:\/\/mieux-se-connaitre.com\/wp4\/wp-content\/uploads\/2014\/07\/EVT083B-150x112.jpg 150w, https:\/\/mieux-se-connaitre.com\/wp4\/wp-content\/uploads\/2014\/07\/EVT083B.jpg 640w\" sizes=\"(max-width: 300px) 100vw, 300px\" \/><\/a><p id=\"caption-attachment-7860\" class=\"wp-caption-text\">Lesseps et Napol\u00e9on III<\/p><\/div>\n<p><span style=\"color: #800000\"><strong>Une ouverture diplomatique<\/strong><\/span><\/p>\n<p>Projet retenu sous Napol\u00e9on Ier, sur une id\u00e9e reprise par Saint-Simon, l&#8217;entreprise du <a href=\"https:\/\/mieux-se-connaitre.com\/wp4\/2014\/04\/transports-maritimes-au-xixe\/\">canal de Suez<\/a> est d&#8217;un int\u00e9r\u00eat mondial :&#8221;Suez sera le centre de notre vie de travail ; c&#8217;est l\u00e0 que nous ferons l&#8217;acte que le monde attend pour confesser que nous sommes m\u00e2les.&#8221;<br \/>\nMais, en 1854, le projet n&#8217;est pas plus avanc\u00e9 qu&#8217;en 1847 malgr\u00e9 la constitution d&#8217;une soci\u00e9t\u00e9 civile charg\u00e9e de l&#8217;\u00e9tude des travaux.<br \/>\nC&#8217;est alors que Lesseps entre en sc\u00e8ne : il est consul \u00e0 Alexandrie, ami du prince Sa\u00efd ; il obtient un acte de concession, conscient aussi que l&#8217;affaire de Suez doit &#8220;conserver son caract\u00e8re d&#8217;initiative \u00e9gyptienne en dehors des complications de la diplomatie europ\u00e9enne.&#8221;<br \/>\nMalgr\u00e9 l&#8217;opposition ouverte et d\u00e9clar\u00e9e des Anglais (1857), la Compagnie Universelle du Canal de Suez est constitu\u00e9e le 15 d\u00e9cembre 1858. La souscription est ouverte depuis le 5 novembre. &#8220;La souscription est ouverte !&#8221;<!--more--><span style=\"color: #800000\"><strong><a href=\"https:\/\/mieux-se-connaitre.com\/wp4\/wp-content\/uploads\/2014\/07\/CD27_063.jpg\"><img loading=\"lazy\" class=\"alignleft size-medium wp-image-7859\" alt=\"CD27_063\" src=\"https:\/\/mieux-se-connaitre.com\/wp4\/wp-content\/uploads\/2014\/07\/CD27_063-300x225.jpg\" width=\"300\" height=\"225\" srcset=\"https:\/\/mieux-se-connaitre.com\/wp4\/wp-content\/uploads\/2014\/07\/CD27_063-300x225.jpg 300w, https:\/\/mieux-se-connaitre.com\/wp4\/wp-content\/uploads\/2014\/07\/CD27_063-150x112.jpg 150w, https:\/\/mieux-se-connaitre.com\/wp4\/wp-content\/uploads\/2014\/07\/CD27_063.jpg 640w\" sizes=\"(max-width: 300px) 100vw, 300px\" \/><\/a>Pr\u00e9sence fran\u00e7aise au Proche-Orient<\/strong><\/span><\/p>\n<p>Les d\u00e9plorables \u00e9v\u00e9nements dont le Liban est le th\u00e9\u00e2tre (massacre des chr\u00e9tiens maronites et des j\u00e9suites par les Druses, encourag\u00e9s par les fonctionnaires turcs et les repr\u00e9sentants britanniques) ont vivement pr\u00e9occup\u00e9 les esprits. Les rapports ne laissent aucun doute sur l&#8217;intention bien arr\u00eat\u00e9e des Druses d&#8217;en finir avec les populations chr\u00e9tiennes de la montagne.<br \/>\nLa France est la premi\u00e8re \u00e0 prendre parti pour les maronites et le gouvernement fran\u00e7ais s&#8217;est concert\u00e9 avec les autres puissances europ\u00e9ennes pour intervenir.<br \/>\nLe corps exp\u00e9ditionnaire fran\u00e7ais d\u00e9barque le 26 ao\u00fbt 1860 \u00e0 Beyrouth puis occupe la Syrie. Le gouvernement fran\u00e7ais r\u00e9affirme ainsi le droit des peuples \u00e0 \u00eatre prot\u00e9g\u00e9s, d\u00e9fend les int\u00e9r\u00eats chr\u00e9tiens et renforce sa pr\u00e9sence au Proche-Orient (Suez n&#8217;est pas loin).<\/p>\n<p>C&#8217;\u00e9tait au XIXe&#8230;.<\/p>\n<!-- google_ad_section_end -->","protected":false},"excerpt":{"rendered":"<!-- google_ad_section_start --><p>Une ouverture diplomatique Projet retenu sous Napol\u00e9on Ier, sur une id\u00e9e reprise par Saint-Simon, l&#8217;entreprise du canal de Suez est d&#8217;un int\u00e9r\u00eat mondial :&#8221;Suez sera le centre de notre vie de travail ; c&#8217;est l\u00e0 que nous ferons l&#8217;acte que&hellip;<\/p>\n<p class=\"more-link-p\"><a class=\"more-link\" href=\"https:\/\/mieux-se-connaitre.com\/wp4\/2014\/07\/les-enjeux-francais-au-moyen-orient-au-xixe\/\">Suite &rarr;<\/a><\/p>\n<!-- google_ad_section_end -->","protected":false},"author":1,"featured_media":0,"comment_status":"open","ping_status":"open","sticky":false,"template":"","format":"standard","meta":[],"categories":[7,151],"tags":[],"_links":{"self":[{"href":"https:\/\/mieux-se-connaitre.com\/wp4\/wp-json\/wp\/v2\/posts\/7858"}],"collection":[{"href":"https:\/\/mieux-se-connaitre.com\/wp4\/wp-json\/wp\/v2\/posts"}],"about":[{"href":"https:\/\/mieux-se-connaitre.com\/wp4\/wp-json\/wp\/v2\/types\/post"}],"author":[{"embeddable":true,"href":"https:\/\/mieux-se-connaitre.com\/wp4\/wp-json\/wp\/v2\/users\/1"}],"replies":[{"embeddable":true,"href":"https:\/\/mieux-se-connaitre.com\/wp4\/wp-json\/wp\/v2\/comments?post=7858"}],"version-history":[{"count":2,"href":"https:\/\/mieux-se-connaitre.com\/wp4\/wp-json\/wp\/v2\/posts\/7858\/revisions"}],"predecessor-version":[{"id":7866,"href":"https:\/\/mieux-se-connaitre.com\/wp4\/wp-json\/wp\/v2\/posts\/7858\/revisions\/7866"}],"wp:attachment":[{"href":"https:\/\/mieux-se-connaitre.com\/wp4\/wp-json\/wp\/v2\/media?parent=7858"}],"wp:term":[{"taxonomy":"category","embeddable":true,"href":"https:\/\/mieux-se-connaitre.com\/wp4\/wp-json\/wp\/v2\/categories?post=7858"},{"taxonomy":"post_tag","embeddable":true,"href":"https:\/\/mieux-se-connaitre.com\/wp4\/wp-json\/wp\/v2\/tags?post=7858"}],"curies":[{"name":"wp","href":"https:\/\/api.w.org\/{rel}","templated":true}]}}