{"id":7899,"date":"2014-07-17T07:59:44","date_gmt":"2014-07-17T05:59:44","guid":{"rendered":"https:\/\/mieux-se-connaitre.com\/wp4\/?p=7899"},"modified":"2014-07-17T08:01:26","modified_gmt":"2014-07-17T06:01:26","slug":"linfaillibilite-pontificale","status":"publish","type":"post","link":"https:\/\/mieux-se-connaitre.com\/wp4\/2014\/07\/linfaillibilite-pontificale\/","title":{"rendered":"L&#8217;infaillibilit\u00e9 pontificale"},"content":{"rendered":"<!-- google_ad_section_start --><div id=\"attachment_7900\" style=\"width: 310px\" class=\"wp-caption alignleft\"><a href=\"https:\/\/mieux-se-connaitre.com\/wp4\/wp-content\/uploads\/2014\/07\/CD39_083.jpg\"><img aria-describedby=\"caption-attachment-7900\" loading=\"lazy\" class=\"size-medium wp-image-7900\" alt=\"Dogme de l'infaillibilit\u00e9 pontificale\" src=\"https:\/\/mieux-se-connaitre.com\/wp4\/wp-content\/uploads\/2014\/07\/CD39_083-300x225.jpg\" width=\"300\" height=\"225\" srcset=\"https:\/\/mieux-se-connaitre.com\/wp4\/wp-content\/uploads\/2014\/07\/CD39_083-300x225.jpg 300w, https:\/\/mieux-se-connaitre.com\/wp4\/wp-content\/uploads\/2014\/07\/CD39_083-150x112.jpg 150w, https:\/\/mieux-se-connaitre.com\/wp4\/wp-content\/uploads\/2014\/07\/CD39_083.jpg 640w\" sizes=\"(max-width: 300px) 100vw, 300px\" \/><\/a><p id=\"caption-attachment-7900\" class=\"wp-caption-text\">Dogme de l&#8217;infaillibilit\u00e9 pontificale<\/p><\/div>\n<p>L&#8217;Eglise absolutiste<\/p>\n<p>Le <a href=\"https:\/\/mieux-se-connaitre.com\/wp4\/2013\/08\/les-relations-avec-le-vatican-et-lunite-italienne\/\">pape Pie IX<\/a> annonce son intention de convoquer \u00e0 Rome un concile \u0153cum\u00e9nique. Officiellement, il s&#8217;agit de confirmer la restauration de la soci\u00e9t\u00e9 chr\u00e9tienne qu&#8217;il a entreprise depuis le d\u00e9but de son pontificat, entra\u00eenant <a href=\"https:\/\/mieux-se-connaitre.com\/wp4\/2012\/01\/eglise-papaute-et-laicite-au-xixe-siecle\/\">l&#8217;Eglise dans la voie de l&#8217;absolutisme<\/a>.<br \/>\nEn fait, la vraie question \u00e0 l&#8217;ordre du jour est celle de l&#8217;infaillibilit\u00e9 pontificale. Mais des rapporteurs partiaux, une acoustique d\u00e9plorable, totalement inadapt\u00e9e aux discussions collectives, des d\u00e9lib\u00e9rations secr\u00e8tes et souvent en langue latine ne favorisent pas la clart\u00e9 des d\u00e9bats qui finissent par s&#8217;enliser.<!--more-->Une opposition &#8220;anti-infaillibiliste s&#8217;organise ; les catholiques lib\u00e9raux, d&#8217;abord favorables au concile, commencent \u00e0 s&#8217;\u00e9mouvoir, les gouvernements aussi. Le rapporteur proclame : &#8220;Le pape porte l&#8217;\u00c9glise, il est donc infaillible.&#8221;<br \/>\nIl fait tr\u00e8s chaud \u00e0 Rome ce jour-l\u00e0 (le 18 juillet 1870) ; les opposants se sont d\u00e9j\u00e0 retir\u00e9s. La France vient de d\u00e9clarer la guerre \u00e0 la Prusse et fait \u00e9vacuer sa garnison de Rome. Les Italiens vont pouvoir y entrer. Pie IX suspend le concile, mais le dogme de l&#8217;infaillibilit\u00e9 a d\u00e9j\u00e0 \u00e9t\u00e9 promulgu\u00e9.<\/p>\n<!-- google_ad_section_end -->","protected":false},"excerpt":{"rendered":"<!-- google_ad_section_start --><p>L&#8217;Eglise absolutiste Le pape Pie IX annonce son intention de convoquer \u00e0 Rome un concile \u0153cum\u00e9nique. Officiellement, il s&#8217;agit de confirmer la restauration de la soci\u00e9t\u00e9 chr\u00e9tienne qu&#8217;il a entreprise depuis le d\u00e9but de son pontificat, entra\u00eenant l&#8217;Eglise dans la&hellip;<\/p>\n<p class=\"more-link-p\"><a class=\"more-link\" href=\"https:\/\/mieux-se-connaitre.com\/wp4\/2014\/07\/linfaillibilite-pontificale\/\">Suite &rarr;<\/a><\/p>\n<!-- google_ad_section_end -->","protected":false},"author":1,"featured_media":0,"comment_status":"open","ping_status":"open","sticky":false,"template":"","format":"standard","meta":[],"categories":[7,151],"tags":[],"_links":{"self":[{"href":"https:\/\/mieux-se-connaitre.com\/wp4\/wp-json\/wp\/v2\/posts\/7899"}],"collection":[{"href":"https:\/\/mieux-se-connaitre.com\/wp4\/wp-json\/wp\/v2\/posts"}],"about":[{"href":"https:\/\/mieux-se-connaitre.com\/wp4\/wp-json\/wp\/v2\/types\/post"}],"author":[{"embeddable":true,"href":"https:\/\/mieux-se-connaitre.com\/wp4\/wp-json\/wp\/v2\/users\/1"}],"replies":[{"embeddable":true,"href":"https:\/\/mieux-se-connaitre.com\/wp4\/wp-json\/wp\/v2\/comments?post=7899"}],"version-history":[{"count":4,"href":"https:\/\/mieux-se-connaitre.com\/wp4\/wp-json\/wp\/v2\/posts\/7899\/revisions"}],"predecessor-version":[{"id":7954,"href":"https:\/\/mieux-se-connaitre.com\/wp4\/wp-json\/wp\/v2\/posts\/7899\/revisions\/7954"}],"wp:attachment":[{"href":"https:\/\/mieux-se-connaitre.com\/wp4\/wp-json\/wp\/v2\/media?parent=7899"}],"wp:term":[{"taxonomy":"category","embeddable":true,"href":"https:\/\/mieux-se-connaitre.com\/wp4\/wp-json\/wp\/v2\/categories?post=7899"},{"taxonomy":"post_tag","embeddable":true,"href":"https:\/\/mieux-se-connaitre.com\/wp4\/wp-json\/wp\/v2\/tags?post=7899"}],"curies":[{"name":"wp","href":"https:\/\/api.w.org\/{rel}","templated":true}]}}