{"id":8223,"date":"2014-10-09T08:00:36","date_gmt":"2014-10-09T06:00:36","guid":{"rendered":"https:\/\/mieux-se-connaitre.com\/wp4\/?p=8223"},"modified":"2020-07-21T12:35:32","modified_gmt":"2020-07-21T10:35:32","slug":"choix-ecologiques","status":"publish","type":"post","link":"https:\/\/mieux-se-connaitre.com\/wp4\/2014\/10\/choix-ecologiques\/","title":{"rendered":"Choix \u00e9cologiques"},"content":{"rendered":"<!-- google_ad_section_start --><div id=\"attachment_8224\" style=\"width: 310px\" class=\"wp-caption alignleft\"><a href=\"https:\/\/mieux-se-connaitre.com\/wp4\/wp-content\/uploads\/2014\/09\/avionNepal.jpg\"><img aria-describedby=\"caption-attachment-8224\" loading=\"lazy\" class=\"wp-image-8224 size-medium\" src=\"https:\/\/mieux-se-connaitre.com\/wp4\/wp-content\/uploads\/2014\/09\/avionNepal-300x186.jpg\" alt=\"\u00e9cologie\" width=\"300\" height=\"186\" srcset=\"https:\/\/mieux-se-connaitre.com\/wp4\/wp-content\/uploads\/2014\/09\/avionNepal-300x186.jpg 300w, https:\/\/mieux-se-connaitre.com\/wp4\/wp-content\/uploads\/2014\/09\/avionNepal-150x93.jpg 150w, https:\/\/mieux-se-connaitre.com\/wp4\/wp-content\/uploads\/2014\/09\/avionNepal.jpg 800w\" sizes=\"(max-width: 300px) 100vw, 300px\" \/><\/a><p id=\"caption-attachment-8224\" class=\"wp-caption-text\">avion \u00e0 Lukla au N\u00e9pal<\/p><\/div>\n<h2><span style=\"color: #800000;\">L&#8217;\u00e9cologie et vous<\/span><\/h2>\n<p>Vous avez une responsabilit\u00e9 internationale dans le domaine de l&#8217;\u00e9cologie. Vous venez d&#8217;apprendre que le sc\u00e9nario catastrophe s&#8217;est r\u00e9ellement mis en marche : nous allons mourir de chaud par effet de serre dans les cinq ans si on ne fait pas quelque chose: pas un petit quelque chose ou une d\u00e9cision qui mettra dix ans \u00e0 se mettre en oeuvre, quelque chose de draconien et d&#8217;imm\u00e9diat. Car le r\u00e9chauffement climatique ne se fera pas progressivement, un jour le changement sera catastrophique, brutal, soudain, comme un tremblement de terre.<\/p>\n<p>En supposant qu&#8217;il soit encore temps, quels choix \u00e9cologiques faites-vous?<\/p>\n<p>&#8211; supprimer tous les vols a\u00e9riens (pas besoin d&#8217;aller au N\u00e9pal pour passer de bonnes vacances et pas besoin d&#8217;aller \u00e0 New-York avec les t\u00e9l\u00e9conf\u00e9rences!),<\/p>\n<p>&#8211; supprimer toutes les voitures \u00e0 essence ou diesel,<\/p>\n<p>&#8211; supprimer le chauffage,<\/p>\n<p>&#8211; arr\u00eater toutes les centrales au fuel, au gaz et au charbon, mais par quoi les remplacer car on stoppe les recherches sur le nucl\u00e9aire d&#8217;avenir comme la <a href=\"https:\/\/mieux-se-connaitre.com\/wp4\/2018\/05\/le-nucleaire-en-sortir-ou-non\/\">fusion proton-bore<\/a>.<\/p>\n<p>&#8211; Taxer les <a href=\"https:\/\/mieux-se-connaitre.com\/wp4\/2011\/02\/contrepeteries-gourmandes\/\">produits alimentaires<\/a> qui viennent des antipodes.<\/p>\n<h2><span style=\"color: #800000;\">Personnellement, entra\u00eenez-vous \u00e0 l&#8217;\u00e9cologie<\/span><\/h2>\n<div id=\"attachment_6685\" style=\"width: 310px\" class=\"wp-caption alignleft\"><a href=\"https:\/\/mieux-se-connaitre.com\/wp4\/wp-content\/uploads\/2013\/09\/043.jpg\"><img aria-describedby=\"caption-attachment-6685\" loading=\"lazy\" class=\"wp-image-6685 size-medium\" src=\"https:\/\/mieux-se-connaitre.com\/wp4\/wp-content\/uploads\/2013\/09\/043-300x225.jpg\" alt=\"\u00e9cologie\" width=\"300\" height=\"225\" srcset=\"https:\/\/mieux-se-connaitre.com\/wp4\/wp-content\/uploads\/2013\/09\/043-300x225.jpg 300w, https:\/\/mieux-se-connaitre.com\/wp4\/wp-content\/uploads\/2013\/09\/043-150x112.jpg 150w, https:\/\/mieux-se-connaitre.com\/wp4\/wp-content\/uploads\/2013\/09\/043.jpg 800w\" sizes=\"(max-width: 300px) 100vw, 300px\" \/><\/a><p id=\"caption-attachment-6685\" class=\"wp-caption-text\">en Argentine \u00a9 Jorge Sclar<\/p><\/div>\n<p>L&#8217;environnement ne peut plus supporter la pression que la population humaine exerce sur lui.<\/p>\n<p>Non seulement nous ne contr\u00f4lons plus les cons\u00e9quences de nos activit\u00e9s.<\/p>\n<p>Le jour o\u00f9 la rupture deviendra catastrophique, aucune d\u00e9cision politique n&#8217;y pourra plus rien. Sans effet de serre du tout, la temp\u00e9rature sur Terre serait de -19\u00b0C et avec l&#8217;effet de serre qui existait au moment de l&#8217;apparition des premi\u00e8res mol\u00e9cules organiques, la temp\u00e9ratures \u00e9tait de 80\u00b0C.<\/p>\n<p>Essayez d&#8217;exercer une pression minimum sur l&#8217;environnement : \u00e9conomiser l&#8217;eau, l&#8217;\u00e9lectricit\u00e9, n&#8217;utiliser aucun moyen de transport polluant&#8230;Il reste la marche et le v\u00e9lo, car m\u00eame la traction animale, si elle \u00e9tait utilis\u00e9e par toute la population humaine, serait tr\u00e8s polluante!<\/p>\n<p>Choisir ses aliments en fonction de leur empreinte hydrique et de la pollution que g\u00e9n\u00e8re leur production.<\/p>\n<p>Ne rien acheter d&#8217;inutile.<\/p>\n<p>Organiser rendez-vous et courses pour \u00e9viter les d\u00e9placements inutiles, etc.<\/p>\n<p>Jusqu&#8217;o\u00f9 sommes nous capables d&#8217;aller pour sauver la plan\u00e8te? Est-ce possible d&#8217;agir sans faire \u00e9crouler toute l&#8217;organisation sociale ?<\/p>\n<h2><span style=\"color: #800000;\">L&#8217;automobile et vous<\/span><\/h2>\n<div id=\"attachment_4136\" style=\"width: 310px\" class=\"wp-caption alignleft\"><a href=\"https:\/\/mieux-se-connaitre.com\/wp4\/wp-content\/uploads\/2011\/09\/vauto6.jpg\"><img aria-describedby=\"caption-attachment-4136\" loading=\"lazy\" class=\"size-medium wp-image-4136\" src=\"https:\/\/mieux-se-connaitre.com\/wp4\/wp-content\/uploads\/2011\/09\/vauto6-300x225.jpg\" alt=\"Voitures de collection\" width=\"300\" height=\"225\" srcset=\"https:\/\/mieux-se-connaitre.com\/wp4\/wp-content\/uploads\/2011\/09\/vauto6-300x225.jpg 300w, https:\/\/mieux-se-connaitre.com\/wp4\/wp-content\/uploads\/2011\/09\/vauto6-150x112.jpg 150w, https:\/\/mieux-se-connaitre.com\/wp4\/wp-content\/uploads\/2011\/09\/vauto6.jpg 800w\" sizes=\"(max-width: 300px) 100vw, 300px\" \/><\/a><p id=\"caption-attachment-4136\" class=\"wp-caption-text\">Voitures de collection<\/p><\/div>\n<p>L&#8217;automobile, symbole de libert\u00e9, outil de travail pour une bonne partie de la population hors de grandes villes, vous en priver peut il faire partie de vos choix \u00e9cologiques?<\/p>\n<p>Combien de kilom\u00e8tres par an faites-vous parcourir \u00e0 votre automobile?<\/p>\n<p>Prenez-vous votre voiture pour parcourir moins d&#8217;un kilom\u00e8tre?<\/p>\n<p>Prenez-vous votre voiture si vous avez les transports en commun \u00e0 moins d&#8217;un kilom\u00e8tre?<\/p>\n<p>Pour vous, l&#8217;automobile est-elle un objet d&#8217;art, un bijou, un moyen de s\u00e9duction ou juste un moyen de se transporter? Privil\u00e9giez-vous l&#8217;esth\u00e9tique, la sophistication technique ou la robustesse lorsque vous choisissez votre voiture?<\/p>\n<p>Vous retournez-vous sur une belle voiture?<\/p>\n<p>Seriez-vous pr\u00eat(e) \u00e0 vous passer de voiture?<\/p>\n<h2><span style=\"color: #800000;\">Un sapin \u00e9colo<\/span><\/h2>\n<div id=\"attachment_4448\" style=\"width: 187px\" class=\"wp-caption alignleft\"><a href=\"https:\/\/mieux-se-connaitre.com\/wp4\/wp-content\/uploads\/2011\/12\/sapin2.jpg\"><img aria-describedby=\"caption-attachment-4448\" loading=\"lazy\" class=\"size-medium wp-image-4448\" src=\"https:\/\/mieux-se-connaitre.com\/wp4\/wp-content\/uploads\/2011\/12\/sapin2-177x300.jpg\" alt=\"Mon sapin \u00e9colo-soudure-r\u00e9cup en chantier\" width=\"177\" height=\"300\" srcset=\"https:\/\/mieux-se-connaitre.com\/wp4\/wp-content\/uploads\/2011\/12\/sapin2-177x300.jpg 177w, https:\/\/mieux-se-connaitre.com\/wp4\/wp-content\/uploads\/2011\/12\/sapin2-88x150.jpg 88w, https:\/\/mieux-se-connaitre.com\/wp4\/wp-content\/uploads\/2011\/12\/sapin2.jpg 472w\" sizes=\"(max-width: 177px) 100vw, 177px\" \/><\/a><p id=\"caption-attachment-4448\" class=\"wp-caption-text\">Mon sapin \u00e9colo-soudure-r\u00e9cup en chantier<\/p><\/div>\n<p>Faites un petit geste avant que l\u2019atmosph\u00e8re de la Terre ne change radicalement car sa composition est r\u00e9gie par les \u00e9changes d\u2019oxyg\u00e8ne et de gaz carbonique du monde vivant.<\/p>\n<p>Sans vie, l&#8217;atmosph\u00e8re va devenir comme celle de V\u00e9nus, avec une pression et une temp\u00e9rature au sol tr\u00e8s \u00e9lev\u00e9e.<\/p>\n<p>Au lieu de sacrifier des for\u00eats de petits <a href=\"https:\/\/mieux-se-connaitre.com\/wp4\/2009\/12\/le-sapin\/\">sapins<\/a> qui vont \u00eatre br\u00fbl\u00e9s et vont g\u00e9n\u00e9rer du CO2, inventez vos arbres de No\u00ebl r\u00e9utilisables, en plastique si vous manquez de go\u00fbt et d&#8217;imagination, en lamelles de bois si vous regardez les pubs, en soudure \u00e0 l&#8217;arc \u00e0 partir de m\u00e9taux de r\u00e9cup\u00e9ration ou \u00e0 partir de plaques d&#8217;inox, en pl\u00e2tre ou en chiffons de couleur sur une armature de m\u00e9tal.<\/p>\n<p>Un peu d&#8217;imagination!<\/p>\n<p>&nbsp;<\/p>\n<p>&nbsp;<\/p>\n<h2><span style=\"color: #800000;\">Vous et le papier toilette<\/span><\/h2>\n<div id=\"attachment_821\" style=\"width: 310px\" class=\"wp-caption alignleft\"><a href=\"https:\/\/mieux-se-connaitre.com\/wp4\/wp-content\/uploads\/2009\/09\/potdechambre.jpg\"><img aria-describedby=\"caption-attachment-821\" loading=\"lazy\" class=\"size-medium wp-image-821\" src=\"https:\/\/mieux-se-connaitre.com\/wp4\/wp-content\/uploads\/2009\/09\/potdechambre-300x243.jpg\" alt=\"pot de chambre, \u00e0 la mari\u00e9e\" width=\"300\" height=\"243\" srcset=\"https:\/\/mieux-se-connaitre.com\/wp4\/wp-content\/uploads\/2009\/09\/potdechambre-300x243.jpg 300w, https:\/\/mieux-se-connaitre.com\/wp4\/wp-content\/uploads\/2009\/09\/potdechambre-150x121.jpg 150w, https:\/\/mieux-se-connaitre.com\/wp4\/wp-content\/uploads\/2009\/09\/potdechambre.jpg 800w\" sizes=\"(max-width: 300px) 100vw, 300px\" \/><\/a><p id=\"caption-attachment-821\" class=\"wp-caption-text\">pot de chambre, \u00e0 la mari\u00e9e<\/p><\/div>\n<p>Vous \u00eates-vous d\u00e9j\u00e0 demand\u00e9 combien de m\u00e8tres de PQ vous utilisiez par jour?<br \/>\nComment utilisez-vous le papier toilette?<\/p>\n<p>L&#8217;utilisez-vous de la m\u00eame fa\u00e7on lorsque vous \u00eates chez vous, dans des toilettes publiques ou chez des amis.<\/p>\n<p>Par exemple, dans les toilettes publiques, \u00e9liminez-vous les deux ou trois premi\u00e8res feuilles pour vous assurer que personne d&#8217;autre n&#8217;y a mis les mains?<\/p>\n<p>Les consommations de PQ vont de un \u00e0 dix environ selon les individus, selon leurs pratiques, leur physiologie et la fr\u00e9quence des s\u00e9jours aux toilettes.<br \/>\nNotez votre consommation et vos pratiques pendant une semaine.<\/p>\n<p>Ce petit retour au stade anal est tr\u00e8s instructif.<\/p>\n<h2><span style=\"color: #800000;\">Courir avec son chier sans d\u00e9ranger!<\/span><\/h2>\n<div id=\"attachment_7371\" style=\"width: 310px\" class=\"wp-caption alignleft\"><a href=\"https:\/\/mieux-se-connaitre.com\/wp4\/wp-content\/uploads\/2014\/02\/siffletchien.gif\"><img aria-describedby=\"caption-attachment-7371\" loading=\"lazy\" class=\"size-medium wp-image-7371\" src=\"https:\/\/mieux-se-connaitre.com\/wp4\/wp-content\/uploads\/2014\/02\/siffletchien-300x207.gif\" alt=\"sifflet silencieux pour chien\" width=\"300\" height=\"207\" srcset=\"https:\/\/mieux-se-connaitre.com\/wp4\/wp-content\/uploads\/2014\/02\/siffletchien-300x207.gif 300w, https:\/\/mieux-se-connaitre.com\/wp4\/wp-content\/uploads\/2014\/02\/siffletchien-150x103.gif 150w\" sizes=\"(max-width: 300px) 100vw, 300px\" \/><\/a><p id=\"caption-attachment-7371\" class=\"wp-caption-text\">sifflet silencieux pour chien<\/p><\/div>\n<p>Clin d&#8217;oeil!<\/p>\n<p>&nbsp;<\/p>\n<!-- google_ad_section_end -->","protected":false},"excerpt":{"rendered":"<!-- google_ad_section_start --><p>L&#8217;\u00e9cologie et vous Vous avez une responsabilit\u00e9 internationale dans le domaine de l&#8217;\u00e9cologie. Vous venez d&#8217;apprendre que le sc\u00e9nario catastrophe s&#8217;est r\u00e9ellement mis en marche : nous allons mourir de chaud par effet de serre dans les cinq ans si&hellip;<\/p>\n<p class=\"more-link-p\"><a class=\"more-link\" href=\"https:\/\/mieux-se-connaitre.com\/wp4\/2014\/10\/choix-ecologiques\/\">Suite &rarr;<\/a><\/p>\n<!-- google_ad_section_end -->","protected":false},"author":1,"featured_media":0,"comment_status":"open","ping_status":"open","sticky":false,"template":"","format":"standard","meta":[],"categories":[1],"tags":[],"_links":{"self":[{"href":"https:\/\/mieux-se-connaitre.com\/wp4\/wp-json\/wp\/v2\/posts\/8223"}],"collection":[{"href":"https:\/\/mieux-se-connaitre.com\/wp4\/wp-json\/wp\/v2\/posts"}],"about":[{"href":"https:\/\/mieux-se-connaitre.com\/wp4\/wp-json\/wp\/v2\/types\/post"}],"author":[{"embeddable":true,"href":"https:\/\/mieux-se-connaitre.com\/wp4\/wp-json\/wp\/v2\/users\/1"}],"replies":[{"embeddable":true,"href":"https:\/\/mieux-se-connaitre.com\/wp4\/wp-json\/wp\/v2\/comments?post=8223"}],"version-history":[{"count":8,"href":"https:\/\/mieux-se-connaitre.com\/wp4\/wp-json\/wp\/v2\/posts\/8223\/revisions"}],"predecessor-version":[{"id":14298,"href":"https:\/\/mieux-se-connaitre.com\/wp4\/wp-json\/wp\/v2\/posts\/8223\/revisions\/14298"}],"wp:attachment":[{"href":"https:\/\/mieux-se-connaitre.com\/wp4\/wp-json\/wp\/v2\/media?parent=8223"}],"wp:term":[{"taxonomy":"category","embeddable":true,"href":"https:\/\/mieux-se-connaitre.com\/wp4\/wp-json\/wp\/v2\/categories?post=8223"},{"taxonomy":"post_tag","embeddable":true,"href":"https:\/\/mieux-se-connaitre.com\/wp4\/wp-json\/wp\/v2\/tags?post=8223"}],"curies":[{"name":"wp","href":"https:\/\/api.w.org\/{rel}","templated":true}]}}