{"id":8235,"date":"2014-10-16T07:59:43","date_gmt":"2014-10-16T05:59:43","guid":{"rendered":"https:\/\/mieux-se-connaitre.com\/wp4\/?p=8235"},"modified":"2014-10-15T17:56:36","modified_gmt":"2014-10-15T15:56:36","slug":"langelus-de-millet","status":"publish","type":"post","link":"https:\/\/mieux-se-connaitre.com\/wp4\/2014\/10\/langelus-de-millet\/","title":{"rendered":"L&#8217;Ang\u00e9lus de Millet"},"content":{"rendered":"<!-- google_ad_section_start --><div id=\"attachment_8237\" style=\"width: 310px\" class=\"wp-caption alignleft\"><a href=\"https:\/\/mieux-se-connaitre.com\/wp4\/wp-content\/uploads\/2014\/10\/EVT090a.jpg\"><img aria-describedby=\"caption-attachment-8237\" loading=\"lazy\" class=\"size-medium wp-image-8237\" src=\"https:\/\/mieux-se-connaitre.com\/wp4\/wp-content\/uploads\/2014\/10\/EVT090a-300x246.jpg\" alt=\"L'Ang\u00e9lus de Jean-Fran\u00e7ois Millet\" width=\"300\" height=\"246\" srcset=\"https:\/\/mieux-se-connaitre.com\/wp4\/wp-content\/uploads\/2014\/10\/EVT090a-300x246.jpg 300w, https:\/\/mieux-se-connaitre.com\/wp4\/wp-content\/uploads\/2014\/10\/EVT090a-150x123.jpg 150w, https:\/\/mieux-se-connaitre.com\/wp4\/wp-content\/uploads\/2014\/10\/EVT090a.jpg 583w\" sizes=\"(max-width: 300px) 100vw, 300px\" \/><\/a><p id=\"caption-attachment-8237\" class=\"wp-caption-text\">L&#8217;Ang\u00e9lus de Jean-Fran\u00e7ois Millet<\/p><\/div>\n<p>&#8220;Pouvez-vous me peindre un ang\u00e9lus?&#8221;<br \/>\nAppleton, peintre am\u00e9ricain volage, qui avait command\u00e9 un Ang\u00e9lus \u00e0 Millet, ne revint jamais le chercher ; Millet se d\u00e9cide tout de m\u00eame \u00e0 terminer le tableau qui va conna\u00eetre une notori\u00e9t\u00e9 exceptionnelle. On le retrouve partout de par le monde, en Am\u00e9rique, en France, repr\u00e9sent\u00e9 sur les assiettes, les broderies, les tapis.<br \/>\n&#8220;La t\u00e2che est termin\u00e9e, la brouette est l\u00e0, pleine de la r\u00e9colte de la journ\u00e9e&#8230; la cloche a sonn\u00e9 le couvre-feu du travail&#8230;la sc\u00e8ne est admirable et vise plus loin que le sujet. La peinture, ainsi comprise, cesse d&#8217;\u00eatre un pur spectacle, elle s&#8217;\u00e9l\u00e8ve et prend un r\u00f4le moralisateur, \u00e9ducateur ; le citoyen passe l&#8217;artiste.&#8221; -Gambetta &#8211;<!--more--><\/p>\n<div id=\"attachment_8236\" style=\"width: 207px\" class=\"wp-caption alignleft\"><a href=\"https:\/\/mieux-se-connaitre.com\/wp4\/wp-content\/uploads\/2014\/10\/CD25_036.jpg\"><img aria-describedby=\"caption-attachment-8236\" loading=\"lazy\" class=\"size-medium wp-image-8236\" src=\"https:\/\/mieux-se-connaitre.com\/wp4\/wp-content\/uploads\/2014\/10\/CD25_036-197x300.jpg\" alt=\"Jean-Fran\u00e7ois Millet\" width=\"197\" height=\"300\" srcset=\"https:\/\/mieux-se-connaitre.com\/wp4\/wp-content\/uploads\/2014\/10\/CD25_036-197x300.jpg 197w, https:\/\/mieux-se-connaitre.com\/wp4\/wp-content\/uploads\/2014\/10\/CD25_036-98x150.jpg 98w, https:\/\/mieux-se-connaitre.com\/wp4\/wp-content\/uploads\/2014\/10\/CD25_036.jpg 316w\" sizes=\"(max-width: 197px) 100vw, 197px\" \/><\/a><p id=\"caption-attachment-8236\" class=\"wp-caption-text\">Jean-Fran\u00e7ois Millet<\/p><\/div>\n<p><span style=\"color: #800000;\"><strong>Millet Jean-Fran\u00e7ois, peintre fran\u00e7ais<\/strong><\/span><br \/>\n1814 (Gr\u00e9ville, Manche) &#8211; 1875 (Barbizon)<\/p>\n<p>L&#8217;image moralisatrice de Millet a \u00e9t\u00e9 forg\u00e9e apr\u00e8s sa mort. De son vivant, son \u0153uvre est longtemps controvers\u00e9e.<br \/>\nGrand admirateur de Poussin et de Michel-Ange, il s&#8217;adonne d&#8217;abord au portrait et aux mythologies galantes, ce qui lui permet de survivre (c&#8217;est sa &#8220;mani\u00e8re fleurie&#8221;)<br \/>\nIl est tr\u00e8s marqu\u00e9 par la R\u00e9volution de 1848 et fascin\u00e9 par son aspect populaire mais, s&#8217;il peint la mis\u00e8re paysanne, Millet n&#8217;est pourtant pas un r\u00e9volutionnaire ; il n&#8217;est pas m\u00e9content de &#8220;troubler un peu les heureux dans leur repos&#8221;, mais il n&#8217;est pas un militant. La r\u00e9alit\u00e9 qu&#8217;il peint, il la constate, il la d\u00e9plore, sans la combattre.<br \/>\nIl s&#8217;installe \u00e0 Barbizon et devient le peintre du naturalisme paysan. Le choix de ses sujets ( Le Semeur, La Becqu\u00e9e, La Berg\u00e8re, Les Glaneuses, L&#8217;Ang\u00e9lus) entra\u00eene l&#8217;adh\u00e9sion des critiques qui, comme Castagnary, le d\u00e9fenseur de Courbet, voient dans son \u0153uvre une critique sociale.<br \/>\nM\u00eame si apr\u00e8s 1860, Millet peint beaucoup de paysages \u00e0 l&#8217;atelier, et r\u00e9ussit des chefs-d&#8217;oeuvre au pastel, il reste le &#8220;<a href=\"https:\/\/mieux-se-connaitre.com\/wp4\/2011\/08\/le-paysan-dans-lart-au-xixe-siecle\/\">peintre des paysans<\/a>&#8220;, et un des peintres les plus populaires du si\u00e8cle.<\/p>\n<p>1837 : arriv\u00e9e \u00e0 Paris gr\u00e2ce \u00e0 une bourse de la ville de Cherbourg &#8211; entr\u00e9e dans l&#8217;atelier de Delaroche \u00e0 l&#8217;Ecole des Beaux-Arts<br \/>\n1846 : tableaux chez Durand-Ruel<br \/>\n1848 : <em>Le Vanneur<\/em> et <em>La captivit\u00e9 des juifs \u00e0 Babylone<\/em>, au Salon<br \/>\n1849 : installation d\u00e9finitive \u00e0 Barbizon<\/p>\n<p>1857 : <a href=\"https:\/\/mieux-se-connaitre.com\/wp4\/2011\/08\/des-glaneuses-de-jean-francois-millet\/\"><em>Des glaneuses<\/em><\/a>, au Salon<br \/>\n1859 : <em>L&#8217;Ang\u00e9lus<\/em> (expos\u00e9 en 1865)<br \/>\n1862 : <em>L&#8217;Homme \u00e0 la houe<\/em><br \/>\n1867 : r\u00e9trospective de son \u0153uvre dans le cadre de l&#8217;Exposition universelle<br \/>\n1871 : refus d&#8217;entrer dans la F\u00e9d\u00e9ration des artistes de la Commune.<br \/>\n1873 : <em><a href=\"https:\/\/mieux-se-connaitre.com\/wp4\/2012\/03\/le-printemps-de-jean-francois-millet\/\">Le Printemps<\/a><\/em><\/p>\n<!-- google_ad_section_end -->","protected":false},"excerpt":{"rendered":"<!-- google_ad_section_start --><p>&#8220;Pouvez-vous me peindre un ang\u00e9lus?&#8221; Appleton, peintre am\u00e9ricain volage, qui avait command\u00e9 un Ang\u00e9lus \u00e0 Millet, ne revint jamais le chercher ; Millet se d\u00e9cide tout de m\u00eame \u00e0 terminer le tableau qui va conna\u00eetre une notori\u00e9t\u00e9 exceptionnelle. On le&hellip;<\/p>\n<p class=\"more-link-p\"><a class=\"more-link\" href=\"https:\/\/mieux-se-connaitre.com\/wp4\/2014\/10\/langelus-de-millet\/\">Suite &rarr;<\/a><\/p>\n<!-- google_ad_section_end -->","protected":false},"author":1,"featured_media":0,"comment_status":"open","ping_status":"open","sticky":false,"template":"","format":"standard","meta":[],"categories":[158,7],"tags":[],"_links":{"self":[{"href":"https:\/\/mieux-se-connaitre.com\/wp4\/wp-json\/wp\/v2\/posts\/8235"}],"collection":[{"href":"https:\/\/mieux-se-connaitre.com\/wp4\/wp-json\/wp\/v2\/posts"}],"about":[{"href":"https:\/\/mieux-se-connaitre.com\/wp4\/wp-json\/wp\/v2\/types\/post"}],"author":[{"embeddable":true,"href":"https:\/\/mieux-se-connaitre.com\/wp4\/wp-json\/wp\/v2\/users\/1"}],"replies":[{"embeddable":true,"href":"https:\/\/mieux-se-connaitre.com\/wp4\/wp-json\/wp\/v2\/comments?post=8235"}],"version-history":[{"count":2,"href":"https:\/\/mieux-se-connaitre.com\/wp4\/wp-json\/wp\/v2\/posts\/8235\/revisions"}],"predecessor-version":[{"id":8239,"href":"https:\/\/mieux-se-connaitre.com\/wp4\/wp-json\/wp\/v2\/posts\/8235\/revisions\/8239"}],"wp:attachment":[{"href":"https:\/\/mieux-se-connaitre.com\/wp4\/wp-json\/wp\/v2\/media?parent=8235"}],"wp:term":[{"taxonomy":"category","embeddable":true,"href":"https:\/\/mieux-se-connaitre.com\/wp4\/wp-json\/wp\/v2\/categories?post=8235"},{"taxonomy":"post_tag","embeddable":true,"href":"https:\/\/mieux-se-connaitre.com\/wp4\/wp-json\/wp\/v2\/tags?post=8235"}],"curies":[{"name":"wp","href":"https:\/\/api.w.org\/{rel}","templated":true}]}}