{"id":8288,"date":"2014-10-30T07:59:24","date_gmt":"2014-10-30T05:59:24","guid":{"rendered":"https:\/\/mieux-se-connaitre.com\/wp4\/?p=8288"},"modified":"2020-05-26T14:22:11","modified_gmt":"2020-05-26T12:22:11","slug":"le-general-boulanger","status":"publish","type":"post","link":"https:\/\/mieux-se-connaitre.com\/wp4\/2014\/10\/le-general-boulanger\/","title":{"rendered":"L&#8217;arm\u00e9e au pas du g\u00e9n\u00e9ral Boulanger"},"content":{"rendered":"<!-- google_ad_section_start --><div id=\"attachment_8289\" style=\"width: 305px\" class=\"wp-caption alignleft\"><a href=\"https:\/\/mieux-se-connaitre.com\/wp4\/wp-content\/uploads\/2014\/10\/boulanger2.jpg\"><img aria-describedby=\"caption-attachment-8289\" loading=\"lazy\" class=\"wp-image-8289 size-medium\" src=\"https:\/\/mieux-se-connaitre.com\/wp4\/wp-content\/uploads\/2014\/10\/boulanger2-295x300.jpg\" alt=\"arm\u00e9e\" width=\"295\" height=\"300\" srcset=\"https:\/\/mieux-se-connaitre.com\/wp4\/wp-content\/uploads\/2014\/10\/boulanger2-295x300.jpg 295w, https:\/\/mieux-se-connaitre.com\/wp4\/wp-content\/uploads\/2014\/10\/boulanger2-147x150.jpg 147w, https:\/\/mieux-se-connaitre.com\/wp4\/wp-content\/uploads\/2014\/10\/boulanger2.jpg 302w\" sizes=\"(max-width: 295px) 100vw, 295px\" \/><\/a><p id=\"caption-attachment-8289\" class=\"wp-caption-text\">Le g\u00e9n\u00e9ral Boulanger<\/p><\/div>\n<h2><span style=\"color: #800000;\">L&#8217;irr\u00e9sistible ministre de la Guerre !<\/span><\/h2>\n<p>Tr\u00e8s fid\u00e8le \u00e0 la R\u00e9publique et \u00e0 ses principes, <a href=\"https:\/\/mieux-se-connaitre.com\/wp4\/2011\/03\/quelques-medailles-celebres-de-la-legion-dhonneur-au-xixe\/\">Boulanger<\/a> montre qu&#8217;il peut aussi bien mater les officiers d&#8217;une brigade de cavalerie en matant la brigade qu&#8217;envoyer des troupes pour r\u00e9tablir l&#8217;ordre \u00e0 la suite d&#8217;une \u00e9meute. Il sait aussi innover en adoucissant le sort du troupier :<br \/>\n. am\u00e9lioration de l&#8217;ordinaire,<br \/>\n. remplacement de la gamelle par des assiettes,<br \/>\n. remplacement de la paillasse par un matelas,<br \/>\n. adaptation de l&#8217;uniforme,<br \/>\n. autorisation du port de la barbe,<br \/>\n. organisation des cong\u00e9s pour travaux agricoles.<br \/>\nMais surtout, il g\u00e9n\u00e9ralise le service militaire obligatoire et fait voter les cr\u00e9dits pour la mise en place du fusil Lebel a r\u00e9p\u00e9tition.<br \/>\nLe ministre repr\u00e9sente un renouveau apr\u00e8s l&#8217;humiliation de 1870, il est le porte-drapeau de l&#8217;antiparlementarisme, le repr\u00e9sentant du petit peuple contre le clerg\u00e9 et les princes. De plus il pla\u00eet aux femmes. Il est irr\u00e9sistible !<\/p>\n<div id=\"attachment_8290\" style=\"width: 310px\" class=\"wp-caption alignleft\"><a href=\"https:\/\/mieux-se-connaitre.com\/wp4\/wp-content\/uploads\/2014\/10\/CD17_060.jpg\"><img aria-describedby=\"caption-attachment-8290\" loading=\"lazy\" class=\"wp-image-8290 size-medium\" src=\"https:\/\/mieux-se-connaitre.com\/wp4\/wp-content\/uploads\/2014\/10\/CD17_060-300x225.jpg\" alt=\"Image d'Epinal\" width=\"300\" height=\"225\" srcset=\"https:\/\/mieux-se-connaitre.com\/wp4\/wp-content\/uploads\/2014\/10\/CD17_060-300x225.jpg 300w, https:\/\/mieux-se-connaitre.com\/wp4\/wp-content\/uploads\/2014\/10\/CD17_060-150x112.jpg 150w, https:\/\/mieux-se-connaitre.com\/wp4\/wp-content\/uploads\/2014\/10\/CD17_060.jpg 640w\" sizes=\"(max-width: 300px) 100vw, 300px\" \/><\/a><p id=\"caption-attachment-8290\" class=\"wp-caption-text\">Dragons fran\u00e7ais<\/p><\/div>\n<h2><span style=\"color: #800000;\"><strong>L&#8217;arm\u00e9e au XIXe<\/strong><\/span><\/h2>\n<p>Sous le Second Empire, le service militaire durait sept ans, et on ne le faisait que si on avait \u00e9t\u00e9 d\u00e9sign\u00e9 par tirage au sort. Les mauvais num\u00e9ros pouvaient, s&#8217;ils en avaient les moyens, acheter un rempla\u00e7ant &#8211; souvent un ancien soldat qui &#8220;rempilait&#8221;. L&#8217;arm\u00e9e \u00e9tait pratiquement une arm\u00e9e de m\u00e9tier.<br \/>\nApr\u00e8s la d\u00e9faite de 1871 et l&#8217;av\u00e8nement de la IIIe R\u00e9publique, le service militaire de trois ans, puis de deux ans, devient obligatoire. L&#8217;arm\u00e9e est d\u00e9sormais celle des citoyens, acclam\u00e9e aux d\u00e9fil\u00e9s du 14 juillet.<br \/>\nA la caserne, se m\u00ealent toutes les cat\u00e9gories sociales. On vit une vie nouvelle, contraignante, mais souvent moins dure qu&#8217;\u00e0 la ferme ou \u00e0 l&#8217;usine. Oblig\u00e9 \u00e0 la toilette quotidienne, chacun acquiert les rudiments de l&#8217;hygi\u00e8ne et est souvent mieux nourri qu&#8217;\u00e0 la maison. Le campagnard d\u00e9couvre la ville, les caf\u00e9s, les magasins, les femmes.<br \/>\nPar contre, les cadres de cette arm\u00e9e restent issus des classes dirigeantes, ancienne noblesse, bourgeoisie, et ils en partagent l&#8217;id\u00e9al politique. Aussi le pouvoir continue-t-il d&#8217;envoyer la troupe pr\u00e9sum\u00e9e docile contre les gr\u00e9vistes ou les vignerons r\u00e9volt\u00e9s du Midi.<\/p>\n<p>Aussi la droite voit-elle, dans l&#8217;arm\u00e9e, un recours toujours possible -le g\u00e9n\u00e9ral Boulanger- ou bien utilise l&#8217;<a href=\"https:\/\/mieux-se-connaitre.com\/wp4\/2012\/09\/laffaire-dreyfus\/\">affaire Dreyfus<\/a> pour mener une campagne x\u00e9nophobe et antis\u00e9mite, tandis que chacune de ces crises renforce l&#8217;antimilitarisme de la gauche.<\/p>\n<!-- google_ad_section_end -->","protected":false},"excerpt":{"rendered":"<!-- google_ad_section_start --><p>L&#8217;irr\u00e9sistible ministre de la Guerre ! Tr\u00e8s fid\u00e8le \u00e0 la R\u00e9publique et \u00e0 ses principes, Boulanger montre qu&#8217;il peut aussi bien mater les officiers d&#8217;une brigade de cavalerie en matant la brigade qu&#8217;envoyer des troupes pour r\u00e9tablir l&#8217;ordre \u00e0 la&hellip;<\/p>\n<p class=\"more-link-p\"><a class=\"more-link\" href=\"https:\/\/mieux-se-connaitre.com\/wp4\/2014\/10\/le-general-boulanger\/\">Suite &rarr;<\/a><\/p>\n<!-- google_ad_section_end -->","protected":false},"author":1,"featured_media":0,"comment_status":"open","ping_status":"open","sticky":false,"template":"","format":"standard","meta":[],"categories":[7,150],"tags":[],"_links":{"self":[{"href":"https:\/\/mieux-se-connaitre.com\/wp4\/wp-json\/wp\/v2\/posts\/8288"}],"collection":[{"href":"https:\/\/mieux-se-connaitre.com\/wp4\/wp-json\/wp\/v2\/posts"}],"about":[{"href":"https:\/\/mieux-se-connaitre.com\/wp4\/wp-json\/wp\/v2\/types\/post"}],"author":[{"embeddable":true,"href":"https:\/\/mieux-se-connaitre.com\/wp4\/wp-json\/wp\/v2\/users\/1"}],"replies":[{"embeddable":true,"href":"https:\/\/mieux-se-connaitre.com\/wp4\/wp-json\/wp\/v2\/comments?post=8288"}],"version-history":[{"count":4,"href":"https:\/\/mieux-se-connaitre.com\/wp4\/wp-json\/wp\/v2\/posts\/8288\/revisions"}],"predecessor-version":[{"id":13217,"href":"https:\/\/mieux-se-connaitre.com\/wp4\/wp-json\/wp\/v2\/posts\/8288\/revisions\/13217"}],"wp:attachment":[{"href":"https:\/\/mieux-se-connaitre.com\/wp4\/wp-json\/wp\/v2\/media?parent=8288"}],"wp:term":[{"taxonomy":"category","embeddable":true,"href":"https:\/\/mieux-se-connaitre.com\/wp4\/wp-json\/wp\/v2\/categories?post=8288"},{"taxonomy":"post_tag","embeddable":true,"href":"https:\/\/mieux-se-connaitre.com\/wp4\/wp-json\/wp\/v2\/tags?post=8288"}],"curies":[{"name":"wp","href":"https:\/\/api.w.org\/{rel}","templated":true}]}}