{"id":8301,"date":"2014-11-06T07:59:28","date_gmt":"2014-11-06T05:59:28","guid":{"rendered":"https:\/\/mieux-se-connaitre.com\/wp4\/?p=8301"},"modified":"2014-11-04T20:32:26","modified_gmt":"2014-11-04T18:32:26","slug":"la-liberte-eclairant-le-monde","status":"publish","type":"post","link":"https:\/\/mieux-se-connaitre.com\/wp4\/2014\/11\/la-liberte-eclairant-le-monde\/","title":{"rendered":"La Libert\u00e9 \u00e9clairant le monde"},"content":{"rendered":"<!-- google_ad_section_start --><div id=\"attachment_8302\" style=\"width: 310px\" class=\"wp-caption alignleft\"><a href=\"https:\/\/mieux-se-connaitre.com\/wp4\/wp-content\/uploads\/2014\/11\/CD06_19.jpg\"><img aria-describedby=\"caption-attachment-8302\" loading=\"lazy\" class=\"size-medium wp-image-8302\" src=\"https:\/\/mieux-se-connaitre.com\/wp4\/wp-content\/uploads\/2014\/11\/CD06_19-300x225.jpg\" alt=\"La libert\u00e9 \u00e9clairant le monde - maquette de la construction\" width=\"300\" height=\"225\" srcset=\"https:\/\/mieux-se-connaitre.com\/wp4\/wp-content\/uploads\/2014\/11\/CD06_19-300x225.jpg 300w, https:\/\/mieux-se-connaitre.com\/wp4\/wp-content\/uploads\/2014\/11\/CD06_19-150x112.jpg 150w, https:\/\/mieux-se-connaitre.com\/wp4\/wp-content\/uploads\/2014\/11\/CD06_19.jpg 640w\" sizes=\"(max-width: 300px) 100vw, 300px\" \/><\/a><p id=\"caption-attachment-8302\" class=\"wp-caption-text\">La libert\u00e9 \u00e9clairant le monde &#8211; maquette de la construction<\/p><\/div>\n<p>La statue de la Libert\u00e9 est construite sous l&#8217;\u00e9gide du Comit\u00e9 de l&#8217;Union franco-am\u00e9ricaine<br \/>\nNew-York, 26 octobre 1886 : l&#8217;inauguration de la Libert\u00e9 \u00e9clairant le monde, la plus grande statue du si\u00e8cle a lieu au milieu de d\u00e9monstrations sans pr\u00e9c\u00e9dent.<br \/>\nLe <a href=\"https:\/\/mieux-se-connaitre.com\/wp4\/2011\/03\/quelques-medailles-celebres-de-la-legion-dhonneur-au-xixe\/\">sculpteur Bartholdi<\/a> regarde celle qu&#8217;il appelle sa fille et \u00e0 qui il a donn\u00e9 le corps de sa femme et la t\u00eate de sa m\u00e8re ; il la voit telle qu&#8217;elle s&#8217;est impos\u00e9e \u00e0 lui d\u00e8s son arriv\u00e9e dans la baie de New-York en 1871. Il venait l\u00e0 avec l&#8217;id\u00e9e tr\u00e8s forte de r\u00e9aliser un monument pour la comm\u00e9moration de l&#8217;ind\u00e9pendance am\u00e9ricaine.<!--more-->En France, pendant sa construction, la statue a \u00e9t\u00e9 la grande attraction et le but de promenade des Parisiens. Ils ne la perdront pas compl\u00e8tement leur Libert\u00e9, les Parisiens, car la colonie am\u00e9ricaine leur fera don d&#8217;un mod\u00e8le r\u00e9duit ; &#8220;du moins, si l&#8217;\u00eele des cygnes ne rappelle que de tr\u00e8s loin la rade de New-York, les flots qui couleront au pied de la statue, comme les pens\u00e9es et les sentiments de tous les Fran\u00e7ais qui la contempleront, se dirigeront-ils vers ce pays ami.&#8221;<\/p>\n<div id=\"attachment_8303\" style=\"width: 272px\" class=\"wp-caption alignleft\"><a href=\"https:\/\/mieux-se-connaitre.com\/wp4\/wp-content\/uploads\/2014\/11\/CD31_68.jpg\"><img aria-describedby=\"caption-attachment-8303\" loading=\"lazy\" class=\"size-medium wp-image-8303\" src=\"https:\/\/mieux-se-connaitre.com\/wp4\/wp-content\/uploads\/2014\/11\/CD31_68-262x300.jpg\" alt=\"Montage de la statue de la libert\u00e9\" width=\"262\" height=\"300\" srcset=\"https:\/\/mieux-se-connaitre.com\/wp4\/wp-content\/uploads\/2014\/11\/CD31_68-262x300.jpg 262w, https:\/\/mieux-se-connaitre.com\/wp4\/wp-content\/uploads\/2014\/11\/CD31_68-131x150.jpg 131w, https:\/\/mieux-se-connaitre.com\/wp4\/wp-content\/uploads\/2014\/11\/CD31_68.jpg 420w\" sizes=\"(max-width: 262px) 100vw, 262px\" \/><\/a><p id=\"caption-attachment-8303\" class=\"wp-caption-text\">Montage de la statue de la libert\u00e9<\/p><\/div>\n<div id=\"attachment_8304\" style=\"width: 250px\" class=\"wp-caption alignleft\"><a href=\"https:\/\/mieux-se-connaitre.com\/wp4\/wp-content\/uploads\/2014\/11\/CD05_63.jpg\"><img aria-describedby=\"caption-attachment-8304\" loading=\"lazy\" class=\"size-medium wp-image-8304\" src=\"https:\/\/mieux-se-connaitre.com\/wp4\/wp-content\/uploads\/2014\/11\/CD05_63-240x300.jpg\" alt=\"Inauguration de la statue de la Libert\u00e9 \u00e0 Grenelle\" width=\"240\" height=\"300\" srcset=\"https:\/\/mieux-se-connaitre.com\/wp4\/wp-content\/uploads\/2014\/11\/CD05_63-240x300.jpg 240w, https:\/\/mieux-se-connaitre.com\/wp4\/wp-content\/uploads\/2014\/11\/CD05_63-120x150.jpg 120w, https:\/\/mieux-se-connaitre.com\/wp4\/wp-content\/uploads\/2014\/11\/CD05_63.jpg 385w\" sizes=\"(max-width: 240px) 100vw, 240px\" \/><\/a><p id=\"caption-attachment-8304\" class=\"wp-caption-text\">Inauguration de la statue de la Libert\u00e9 \u00e0 Grenelle<\/p><\/div>\n<!-- google_ad_section_end -->","protected":false},"excerpt":{"rendered":"<!-- google_ad_section_start --><p>La statue de la Libert\u00e9 est construite sous l&#8217;\u00e9gide du Comit\u00e9 de l&#8217;Union franco-am\u00e9ricaine New-York, 26 octobre 1886 : l&#8217;inauguration de la Libert\u00e9 \u00e9clairant le monde, la plus grande statue du si\u00e8cle a lieu au milieu de d\u00e9monstrations sans pr\u00e9c\u00e9dent.&hellip;<\/p>\n<p class=\"more-link-p\"><a class=\"more-link\" href=\"https:\/\/mieux-se-connaitre.com\/wp4\/2014\/11\/la-liberte-eclairant-le-monde\/\">Suite &rarr;<\/a><\/p>\n<!-- google_ad_section_end -->","protected":false},"author":1,"featured_media":0,"comment_status":"open","ping_status":"open","sticky":false,"template":"","format":"standard","meta":[],"categories":[158,7],"tags":[],"_links":{"self":[{"href":"https:\/\/mieux-se-connaitre.com\/wp4\/wp-json\/wp\/v2\/posts\/8301"}],"collection":[{"href":"https:\/\/mieux-se-connaitre.com\/wp4\/wp-json\/wp\/v2\/posts"}],"about":[{"href":"https:\/\/mieux-se-connaitre.com\/wp4\/wp-json\/wp\/v2\/types\/post"}],"author":[{"embeddable":true,"href":"https:\/\/mieux-se-connaitre.com\/wp4\/wp-json\/wp\/v2\/users\/1"}],"replies":[{"embeddable":true,"href":"https:\/\/mieux-se-connaitre.com\/wp4\/wp-json\/wp\/v2\/comments?post=8301"}],"version-history":[{"count":1,"href":"https:\/\/mieux-se-connaitre.com\/wp4\/wp-json\/wp\/v2\/posts\/8301\/revisions"}],"predecessor-version":[{"id":8305,"href":"https:\/\/mieux-se-connaitre.com\/wp4\/wp-json\/wp\/v2\/posts\/8301\/revisions\/8305"}],"wp:attachment":[{"href":"https:\/\/mieux-se-connaitre.com\/wp4\/wp-json\/wp\/v2\/media?parent=8301"}],"wp:term":[{"taxonomy":"category","embeddable":true,"href":"https:\/\/mieux-se-connaitre.com\/wp4\/wp-json\/wp\/v2\/categories?post=8301"},{"taxonomy":"post_tag","embeddable":true,"href":"https:\/\/mieux-se-connaitre.com\/wp4\/wp-json\/wp\/v2\/tags?post=8301"}],"curies":[{"name":"wp","href":"https:\/\/api.w.org\/{rel}","templated":true}]}}