{"id":8405,"date":"2014-11-27T07:59:16","date_gmt":"2014-11-27T05:59:16","guid":{"rendered":"https:\/\/mieux-se-connaitre.com\/wp4\/?p=8405"},"modified":"2014-11-20T18:25:46","modified_gmt":"2014-11-20T16:25:46","slug":"cantate-per-questa-bella-mano-de-mozart","status":"publish","type":"post","link":"https:\/\/mieux-se-connaitre.com\/wp4\/2014\/11\/cantate-per-questa-bella-mano-de-mozart\/","title":{"rendered":"Cantate &#8220;Per questa bella mano&#8221; de Mozart"},"content":{"rendered":"<!-- google_ad_section_start --><div id=\"attachment_8406\" style=\"width: 300px\" class=\"wp-caption alignleft\"><a href=\"https:\/\/mieux-se-connaitre.com\/wp4\/wp-content\/uploads\/2014\/11\/MAIN.jpg\"><img aria-describedby=\"caption-attachment-8406\" loading=\"lazy\" class=\"size-medium wp-image-8406\" src=\"https:\/\/mieux-se-connaitre.com\/wp4\/wp-content\/uploads\/2014\/11\/MAIN-290x300.jpg\" alt=\"dessin de main\" width=\"290\" height=\"300\" srcset=\"https:\/\/mieux-se-connaitre.com\/wp4\/wp-content\/uploads\/2014\/11\/MAIN-290x300.jpg 290w, https:\/\/mieux-se-connaitre.com\/wp4\/wp-content\/uploads\/2014\/11\/MAIN-145x150.jpg 145w, https:\/\/mieux-se-connaitre.com\/wp4\/wp-content\/uploads\/2014\/11\/MAIN.jpg 822w\" sizes=\"(max-width: 290px) 100vw, 290px\" \/><\/a><p id=\"caption-attachment-8406\" class=\"wp-caption-text\">dessin de main<\/p><\/div>\n<p>Mozart \u00e9crit cette cantate KV 612 \u00e0 Vienne en mars 1791, dans la trente cinqui\u00e8me et derni\u00e8re ann\u00e9e de sa vie. <em>Per questa bella mano<\/em> (pour cette belle main), est un curieux duo pour une basse vocale et une contrebasse instrumentale avec l&#8217;accompagnement de deux violons, alto, violoncelle, fl\u00fbte, 2 hautbois, 2 bassons et 2 cors en r\u00e9. L&#8217;auteur du texte est inconnu.<\/p>\n<p>Le th\u00e8me, \u00e0 six croches,\u00a0 rythm\u00e9 en sicilienne, est pr\u00e9sent\u00e9 par les archets rejoints par la fl\u00fbte au moment de conclure. il est repris par les hautbois sur un accompagnement inattendu de traits en triolets et doubles cordes de la contrebasse, annon\u00e7ant l&#8217;entr\u00e9e de la basse vocale.<!--more-->Le chanteur reprend le th\u00e8me \u00e0 son d\u00e9but sur des arp\u00e8ges du contrebassiste et, \u00e0 la fin du premier tutti, les deux s&#8217;unissent dans un trille \u00e0 la suite duquel la sicilienne fait place \u00e0 un allegro \u00e0 4 temps, sorte de stretto extr\u00eamement brillant qui servira de conclusion.<\/p>\n<p>Cette page est singuli\u00e8rement remarquable par les \u00e9carts de voix qu&#8217;elle exige du chanteur, par l&#8217;agilit\u00e9 violonistique de la partie de contrebasse, enfin par l&#8217;intervention des vents, \u00e0 d\u00e9couvert, dont le rythme martial, coup\u00e9 par les gammes ascendantes des violons, ach\u00e8ve le tout avec brio.<\/p>\n<!-- google_ad_section_end -->","protected":false},"excerpt":{"rendered":"<!-- google_ad_section_start --><p>Mozart \u00e9crit cette cantate KV 612 \u00e0 Vienne en mars 1791, dans la trente cinqui\u00e8me et derni\u00e8re ann\u00e9e de sa vie. Per questa bella mano (pour cette belle main), est un curieux duo pour une basse vocale et une contrebasse&hellip;<\/p>\n<p class=\"more-link-p\"><a class=\"more-link\" href=\"https:\/\/mieux-se-connaitre.com\/wp4\/2014\/11\/cantate-per-questa-bella-mano-de-mozart\/\">Suite &rarr;<\/a><\/p>\n<!-- google_ad_section_end -->","protected":false},"author":1,"featured_media":0,"comment_status":"open","ping_status":"open","sticky":false,"template":"","format":"standard","meta":[],"categories":[256],"tags":[],"_links":{"self":[{"href":"https:\/\/mieux-se-connaitre.com\/wp4\/wp-json\/wp\/v2\/posts\/8405"}],"collection":[{"href":"https:\/\/mieux-se-connaitre.com\/wp4\/wp-json\/wp\/v2\/posts"}],"about":[{"href":"https:\/\/mieux-se-connaitre.com\/wp4\/wp-json\/wp\/v2\/types\/post"}],"author":[{"embeddable":true,"href":"https:\/\/mieux-se-connaitre.com\/wp4\/wp-json\/wp\/v2\/users\/1"}],"replies":[{"embeddable":true,"href":"https:\/\/mieux-se-connaitre.com\/wp4\/wp-json\/wp\/v2\/comments?post=8405"}],"version-history":[{"count":1,"href":"https:\/\/mieux-se-connaitre.com\/wp4\/wp-json\/wp\/v2\/posts\/8405\/revisions"}],"predecessor-version":[{"id":8407,"href":"https:\/\/mieux-se-connaitre.com\/wp4\/wp-json\/wp\/v2\/posts\/8405\/revisions\/8407"}],"wp:attachment":[{"href":"https:\/\/mieux-se-connaitre.com\/wp4\/wp-json\/wp\/v2\/media?parent=8405"}],"wp:term":[{"taxonomy":"category","embeddable":true,"href":"https:\/\/mieux-se-connaitre.com\/wp4\/wp-json\/wp\/v2\/categories?post=8405"},{"taxonomy":"post_tag","embeddable":true,"href":"https:\/\/mieux-se-connaitre.com\/wp4\/wp-json\/wp\/v2\/tags?post=8405"}],"curies":[{"name":"wp","href":"https:\/\/api.w.org\/{rel}","templated":true}]}}