{"id":8423,"date":"2014-12-04T07:59:35","date_gmt":"2014-12-04T05:59:35","guid":{"rendered":"https:\/\/mieux-se-connaitre.com\/wp4\/?p=8423"},"modified":"2014-11-27T20:59:07","modified_gmt":"2014-11-27T18:59:07","slug":"messe-du-couronnement-de-mozart","status":"publish","type":"post","link":"https:\/\/mieux-se-connaitre.com\/wp4\/2014\/12\/messe-du-couronnement-de-mozart\/","title":{"rendered":"Messe du Couronnement de Mozart"},"content":{"rendered":"<!-- google_ad_section_start --><div id=\"attachment_8424\" style=\"width: 235px\" class=\"wp-caption alignleft\"><a href=\"https:\/\/mieux-se-connaitre.com\/wp4\/wp-content\/uploads\/2014\/11\/poitie3.jpg\"><img aria-describedby=\"caption-attachment-8424\" loading=\"lazy\" class=\"size-medium wp-image-8424\" src=\"https:\/\/mieux-se-connaitre.com\/wp4\/wp-content\/uploads\/2014\/11\/poitie3-225x300.jpg\" alt=\"orgue de Poitiers\" width=\"225\" height=\"300\" srcset=\"https:\/\/mieux-se-connaitre.com\/wp4\/wp-content\/uploads\/2014\/11\/poitie3-225x300.jpg 225w, https:\/\/mieux-se-connaitre.com\/wp4\/wp-content\/uploads\/2014\/11\/poitie3-112x150.jpg 112w, https:\/\/mieux-se-connaitre.com\/wp4\/wp-content\/uploads\/2014\/11\/poitie3.jpg 240w\" sizes=\"(max-width: 225px) 100vw, 225px\" \/><\/a><p id=\"caption-attachment-8424\" class=\"wp-caption-text\">orgue de Poitiers<\/p><\/div>\n<p>L&#8217;\u00c9glise de Maria Plain, petit village voisin de Salzburg, poss\u00e8de une vierge miraculeuse dont la couronne fut consacr\u00e9e \u00e0 Rome en 1751. C&#8217;est \u00e0 l&#8217;occasion de la comm\u00e9moration de cette f\u00eate religieuse que Mozart \u00e9crit cette messe dite <em>du Couronnement <\/em>KV 317 en ut majeur<em>, <\/em>pour quatre voix avec accompagnement de deux violons, cors, trompettes, timbales, violoncelles, contrebasses, bassons et orgue.<!--more-->Mozart compose cette messe en mars 1779. Son s\u00e9jour \u00e0 Mannheim et son second voyage \u00e0 Paris renouvellent son style religieux sans toutefois bouleverser la composition orchestrale. Le style plus libre instaure une mani\u00e8re que l&#8217;on retrouvera dans les oeuvres religieuses ult\u00e9rieures.<\/p>\n<p>Sans aucun pr\u00e9lude instrumental, <em><strong>le Kyrie<\/strong><\/em> d\u00e9bute par un triple appel des voix auquel r\u00e9pond l&#8217;accompagnement solennel des violons. Le soprano expose un second th\u00e8me m\u00e9lodique, soutenu par un accompagnement l\u00e9ger des archets auquel r\u00e9pondent les imitations des hautbois.<\/p>\n<p>Dans le th\u00e8me initial repris en mineur, les voix se pressent, plus path\u00e9tiques, jusqu&#8217;au deux derni\u00e8res mesures o\u00f9 les violons et les hautbois, comme un \u00e9cho du Kyrie, donnent une conclusion pleine de po\u00e9sie.<\/p>\n<p><em><strong>Le Gloria<\/strong><\/em>, not\u00e9 par Mozart Allegro con spirito, se pr\u00e9sente comme un v\u00e9ritable mouvement de symphonie, avec des effets dramatiques. C&#8217;est un chef d&#8217;oeuvre de prosodie o\u00f9 les paroles sont soulign\u00e9es par les instruments comme dans un lied.<\/p>\n<p><em><strong>Le Credo<\/strong><\/em> est remarquable par la puissance de son accompagnement orchestral o\u00f9 le roulement continu des violons est scand\u00e9 par les appels des cors et des trompettistes et par les dessins des hautbois. Les voix n&#8217;attaquent qu&#8217;apr\u00e8s quatre mesures d&#8217;introduction. Elles sont subitement stopp\u00e9es par l&#8217;interrogation d&#8217;un accord de 7e introduisant un adagio en fa mineur o\u00f9 les dessins des violons en sourdine apportent un \u00e9pisode d&#8217;une subite profondeur exprimant la naissance du Christ et la ferveur de Mozart devant l&#8217;Incarnation.<\/p>\n<p>Pas de solo, les voix se fondent avec les instruments dans un ensemble o\u00f9 l&#8217;emploi, \u00e0 l&#8217;\u00e9poque fort audacieux, d&#8217;accords de neuvi\u00e8me anticipe les innovations harmoniques de l&#8217;ouverture d&#8217;Idom\u00e9n\u00e9e.<\/p>\n<p><strong><em>Le Sanctu<\/em>s<\/strong> conserve le m\u00eame caract\u00e8re grandiose. C&#8217;est un choeur solennel soutenu par l&#8217;unisson des violons et des basses jusqu&#8217;\u00e0 l&#8217;<em>Hosanna<\/em>, plus a\u00e9r\u00e9, o\u00f9 les voix \u00e9talent l&#8217;<em>In excelsis<\/em> sur d&#8217;admirables modulations. Par contraste le th\u00e8me l\u00e9ger du <em>Benedictus<\/em> expos\u00e9 par les premiers violons et accompagn\u00e9 par les seconds, a l&#8217;allure d&#8217;un rondo instrumental. Il est interrompu, \u00e0 deux reprises par les retours de l&#8217;<em>Hosanna<\/em>.<\/p>\n<p>Le solo de l&#8217;<em><strong>Agnus dei<\/strong><\/em>, accompagn\u00e9 en sourdine aux archets\u00a0 est \u00e9crit dans un ton diff\u00e9rent de celui de la <em>Messe<\/em> et \u00e9voque, dans ses premi\u00e8res mesures, le th\u00e8me d&#8217;un air des <em>Noces de Figaro<\/em>. C&#8217;est une cantil\u00e8ne accompagn\u00e9e de pizzicati qui aboutit au Dona nobis pacem o\u00f9 r\u00e9apparait le th\u00e8me m\u00e9lodique du Kyrie.<\/p>\n<p>Enfin l&#8217;allegro con spirito qui termine cette <em>Messe<\/em> est une extension g\u00e9niale de ce m\u00eame th\u00e8me qui conf\u00e8re une singuli\u00e8re po\u00e9sie \u00e0 la conclusion et une unit\u00e9 d&#8217;inspiration \u00e0 l&#8217;oeuvre tout enti\u00e8re.<\/p>\n<p>La <a href=\"http:\/\/www.amazon.fr\/gp\/product\/B00000E3EM\/ref=as_li_tl?ie=UTF8&amp;camp=1642&amp;creative=6746&amp;creativeASIN=B00000E3EM&amp;linkCode=as2&amp;tag=mieuxseconnai-21&amp;linkId=BKBBNB5CMWXQ543Z&quot;&gt;Jean%20Paul Ii &quot;Messe Du Couronnement&quot;&lt;\/a&gt;&lt;img src=&quot;http:\/\/ir-fr.amazon-adsystem.com\/e\/ir?t=mieuxseconnai-21&amp;l=as2&amp;o=8&amp;a=B00000E3EM&quot; width=&quot;1&quot; height=&quot;1&quot; border=&quot;0&quot; alt=&quot;&quot; style=&quot;border:none !important; margin:0px !important;\"><em>Messe du Couronnement<\/em><\/a> est le message religieux de Mozart le plus lumineux.<\/p>\n<p>&nbsp;<\/p>\n<p>&nbsp;<br \/>\n<script type=\"text\/javascript\" src=\"http:\/\/wms-eu.amazon-adsystem.com\/20070822\/FR\/js\/link-enhancer-common.js?tag=mieuxseconnai-21&#038;linkId=XAOEKVXLMURAM764\">\n<\/script><br \/>\n<noscript><br \/>\n    <img src=\"http:\/\/wms-eu.amazon-adsystem.com\/20070822\/FR\/img\/noscript.gif?tag=mieuxseconnai-21&#038;linkId=XAOEKVXLMURAM764\" alt=\"\" \/><br \/>\n<\/noscript><\/p>\n<!-- google_ad_section_end -->","protected":false},"excerpt":{"rendered":"<!-- google_ad_section_start --><p>L&#8217;\u00c9glise de Maria Plain, petit village voisin de Salzburg, poss\u00e8de une vierge miraculeuse dont la couronne fut consacr\u00e9e \u00e0 Rome en 1751. C&#8217;est \u00e0 l&#8217;occasion de la comm\u00e9moration de cette f\u00eate religieuse que Mozart \u00e9crit cette messe dite du Couronnement&hellip;<\/p>\n<p class=\"more-link-p\"><a class=\"more-link\" href=\"https:\/\/mieux-se-connaitre.com\/wp4\/2014\/12\/messe-du-couronnement-de-mozart\/\">Suite &rarr;<\/a><\/p>\n<!-- google_ad_section_end -->","protected":false},"author":1,"featured_media":0,"comment_status":"open","ping_status":"open","sticky":false,"template":"","format":"standard","meta":[],"categories":[256],"tags":[],"_links":{"self":[{"href":"https:\/\/mieux-se-connaitre.com\/wp4\/wp-json\/wp\/v2\/posts\/8423"}],"collection":[{"href":"https:\/\/mieux-se-connaitre.com\/wp4\/wp-json\/wp\/v2\/posts"}],"about":[{"href":"https:\/\/mieux-se-connaitre.com\/wp4\/wp-json\/wp\/v2\/types\/post"}],"author":[{"embeddable":true,"href":"https:\/\/mieux-se-connaitre.com\/wp4\/wp-json\/wp\/v2\/users\/1"}],"replies":[{"embeddable":true,"href":"https:\/\/mieux-se-connaitre.com\/wp4\/wp-json\/wp\/v2\/comments?post=8423"}],"version-history":[{"count":3,"href":"https:\/\/mieux-se-connaitre.com\/wp4\/wp-json\/wp\/v2\/posts\/8423\/revisions"}],"predecessor-version":[{"id":8426,"href":"https:\/\/mieux-se-connaitre.com\/wp4\/wp-json\/wp\/v2\/posts\/8423\/revisions\/8426"}],"wp:attachment":[{"href":"https:\/\/mieux-se-connaitre.com\/wp4\/wp-json\/wp\/v2\/media?parent=8423"}],"wp:term":[{"taxonomy":"category","embeddable":true,"href":"https:\/\/mieux-se-connaitre.com\/wp4\/wp-json\/wp\/v2\/categories?post=8423"},{"taxonomy":"post_tag","embeddable":true,"href":"https:\/\/mieux-se-connaitre.com\/wp4\/wp-json\/wp\/v2\/tags?post=8423"}],"curies":[{"name":"wp","href":"https:\/\/api.w.org\/{rel}","templated":true}]}}