{"id":8502,"date":"2014-12-25T07:59:06","date_gmt":"2014-12-25T05:59:06","guid":{"rendered":"https:\/\/mieux-se-connaitre.com\/wp4\/?p=8502"},"modified":"2020-07-03T15:52:30","modified_gmt":"2020-07-03T13:52:30","slug":"foi","status":"publish","type":"post","link":"https:\/\/mieux-se-connaitre.com\/wp4\/2014\/12\/foi\/","title":{"rendered":"La foi, mais en quel dieu?"},"content":{"rendered":"<!-- google_ad_section_start --><div id=\"attachment_8503\" style=\"width: 310px\" class=\"wp-caption alignleft\"><a href=\"https:\/\/mieux-se-connaitre.com\/wp4\/wp-content\/uploads\/2014\/12\/CD22_062.jpg\"><img aria-describedby=\"caption-attachment-8503\" loading=\"lazy\" class=\"wp-image-8503 size-medium\" src=\"https:\/\/mieux-se-connaitre.com\/wp4\/wp-content\/uploads\/2014\/12\/CD22_062-300x225.jpg\" alt=\"croire en dieu\" width=\"300\" height=\"225\" srcset=\"https:\/\/mieux-se-connaitre.com\/wp4\/wp-content\/uploads\/2014\/12\/CD22_062-300x225.jpg 300w, https:\/\/mieux-se-connaitre.com\/wp4\/wp-content\/uploads\/2014\/12\/CD22_062-150x112.jpg 150w, https:\/\/mieux-se-connaitre.com\/wp4\/wp-content\/uploads\/2014\/12\/CD22_062.jpg 640w\" sizes=\"(max-width: 300px) 100vw, 300px\" \/><\/a><p id=\"caption-attachment-8503\" class=\"wp-caption-text\">Paul Claudel<\/p><\/div>\n<h2><span style=\"color: #800000;\">La foi de Paul Claudel<\/span><\/h2>\n<p>Le 25 d\u00e9cembre 1886, <a href=\"https:\/\/mieux-se-connaitre.com\/wp4\/2011\/01\/reves-et-images-du-bonheur-au-xixe\/\">Paul Claudel<\/a> se convertissait \u00e0 Notre-Dame! Difficile \u00e0 croire que ce diplomate qui n&#8217;a pas h\u00e9sit\u00e9 \u00e0 faire enfermer sa soeur, la sculptrice <a href=\"http:\/\/www.museecamilleclaudel.fr\/fr\/collections\/camille-claudel\/1881-1885-larrivee-paris-et-la-rencontre-avec-auguste-rodin-un-tournant\">Camille Claudel<\/a> ait soudain eu la r\u00e9v\u00e9lation de Dieu!<\/p>\n<p>Cons\u00e9quence d&#8217;un petit accident vasculaire c\u00e9r\u00e9bral lorsqu&#8217;il a pris froid dans l&#8217;\u00e9glise, remords?<\/p>\n<p>Trois ans plus tard, il \u00e9crit <em>T\u00eate d&#8217;Or<\/em>, le chant d&#8217;un conflit.<\/p>\n<p>&#8220;Quand j&#8217;eus fini ce livre, je me sentis vaincu, et qu&#8217;il fallait c\u00e9der. La grande crise de ma vie \u00e9tait termin\u00e9e&#8221;.<\/p>\n<p>&#8220;T\u00eate d&#8217;or&#8221;, c&#8217;est le chant d&#8217;un conflit, au c\u0153ur du po\u00e8te : il veut croire, se convertit le 25 d\u00e9cembre 1886 et parvient enfin, trois ans plus tard, aux gestes simples de la manifestation de sa foi.<br \/>\nT\u00eate d&#8217;or, l&#8217;aventurier, le parvenu, s&#8217;empare du pouvoir : il tue le roi l\u00e9gitime, laisse s&#8217;\u00e9chapper la princesse.<br \/>\nAnim\u00e9 du d\u00e9sir incessant de conqu\u00eate, il soumet l&#8217;Europe et s&#8217;enfonce dans l&#8217;Asie. Mais son arm\u00e9e se d\u00e9bande devant les Barbares : T\u00eate d&#8217;or r\u00e9siste ; mourant, il rallie l&#8217;arm\u00e9e et remporte la victoire. Sur le champ de bataille, il retrouve la princesse crucifi\u00e9e par un soldat d\u00e9serteur : de ses dents il arrache les clous qui la tiennent attach\u00e9e et meurt dans ses bras.<br \/>\nSupr\u00eame dialogue : effort bris\u00e9, d\u00e9ch\u00e9ance, victoire accomplie de l&#8217;homme nouveau ; sommet, aussi, du symbolisme, associ\u00e9 au culte de l&#8217;\u00e9nergie.<br \/>\nBloc \u00e9nigmatique, ce drame est tir\u00e9 \u00e0 cent exemplaires en 1890.<br \/>\nClaudel en \u00e9crira plus tard une seconde version.<\/p>\n<h2><span style=\"color: #800000;\">Quel Dieu priez-vous?<\/span><\/h2>\n<div id=\"attachment_8221\" style=\"width: 235px\" class=\"wp-caption alignleft\"><a href=\"https:\/\/mieux-se-connaitre.com\/wp4\/wp-content\/uploads\/2014\/09\/bouddha2.jpg\"><img aria-describedby=\"caption-attachment-8221\" loading=\"lazy\" class=\"size-medium wp-image-8221\" src=\"https:\/\/mieux-se-connaitre.com\/wp4\/wp-content\/uploads\/2014\/09\/bouddha2-225x300.jpg\" alt=\"foi\" width=\"225\" height=\"300\" srcset=\"https:\/\/mieux-se-connaitre.com\/wp4\/wp-content\/uploads\/2014\/09\/bouddha2-225x300.jpg 225w, https:\/\/mieux-se-connaitre.com\/wp4\/wp-content\/uploads\/2014\/09\/bouddha2-112x150.jpg 112w, https:\/\/mieux-se-connaitre.com\/wp4\/wp-content\/uploads\/2014\/09\/bouddha2.jpg 600w\" sizes=\"(max-width: 225px) 100vw, 225px\" \/><\/a><p id=\"caption-attachment-8221\" class=\"wp-caption-text\">Temple bouddhiste au N\u00e9pal<\/p><\/div>\n<p>La foi est une affaire personnelle, les religions sont affaires sociales, souvent pour maintenir les fid\u00e8les dans la crainte en se servant de la peur de la mort, ou plut\u00f4t de la disparition d\u00e9finitive (car la mort est parfois pr\u00e9sent\u00e9e comme le bonheur supr\u00eame!). Je laisse donc de c\u00f4t\u00e9 les religions et leur strat\u00e9gie de manipulation.<\/p>\n<p>Si on tenait une preuve de l&#8217;existence de Dieu, il n&#8217;y aurait pas besoin de religions. L&#8217;affirmation Dieu existe serait un fait \u00e9tabli et incontestable. Mais il n&#8217;existe aucune d\u00e9monstration valable de l&#8217;existence de Dieu.<\/p>\n<p>Ainsi des hommes manipulateurs (ou illumin\u00e9s qui croyaient vraiment en l&#8217;existence de Dieu, je laisse le b\u00e9n\u00e9fice du doute) ont cr\u00e9\u00e9 les religions pour asseoir leur pouvoir en donnant des images de Dieu qui correspondaient aux peurs et aspirations sociales d&#8217;une \u00e9poque donn\u00e9e. Les plus malins, ou les plus convaincus, ont r\u00e9ussi \u00e0 durer.<br \/>\nLa foi est une autre affaire: on peut croire qu\u2019il existe un Dieu qui nous a cr\u00e9\u00e9s, on peut croire que Dieu existe et qu\u2019il s\u2019occupe de nos petites affaires, on peut croire qu\u2019on ne sait pas s\u2019il y a un Dieu, mais il nous semble qu\u2019il peut exister une entit\u00e9 que nous ne conna\u00eetrons jamais et qui nous d\u00e9passe. On peut croire que Dieu n\u2019existe pas et que nous ne sommes que des passeurs d\u2019ADN, on peut aussi \u00e9lever au statut de dieu tout puissant l\u2019argent et la finance. Si on y pr\u00eate attention, le langage est exactement le m\u00eame!<\/p>\n<h2><span style=\"color: #800000;\">Que r\u00e9pondre?<\/span><\/h2>\n<div id=\"attachment_10316\" style=\"width: 310px\" class=\"wp-caption alignleft\"><a href=\"https:\/\/mieux-se-connaitre.com\/wp4\/wp-content\/uploads\/2018\/11\/couchersoleil.jpg\"><img aria-describedby=\"caption-attachment-10316\" loading=\"lazy\" class=\"size-medium wp-image-10316\" src=\"https:\/\/mieux-se-connaitre.com\/wp4\/wp-content\/uploads\/2018\/11\/couchersoleil-300x225.jpg\" alt=\"foi\" width=\"300\" height=\"225\" srcset=\"https:\/\/mieux-se-connaitre.com\/wp4\/wp-content\/uploads\/2018\/11\/couchersoleil-300x225.jpg 300w, https:\/\/mieux-se-connaitre.com\/wp4\/wp-content\/uploads\/2018\/11\/couchersoleil-150x113.jpg 150w, https:\/\/mieux-se-connaitre.com\/wp4\/wp-content\/uploads\/2018\/11\/couchersoleil-600x450.jpg 600w, https:\/\/mieux-se-connaitre.com\/wp4\/wp-content\/uploads\/2018\/11\/couchersoleil.jpg 640w\" sizes=\"(max-width: 300px) 100vw, 300px\" \/><\/a><p id=\"caption-attachment-10316\" class=\"wp-caption-text\">coucher de soleil sur Beyrouth<\/p><\/div>\n<p>Je regardais le coucher de soleil sur Beyrouth, \u00e0 l&#8217;heure o\u00f9 les Libanais viennent prendre le frais, p\u00eacher, piqueniquer ou faire du skate.<br \/>\nJe n&#8217;avais vraiment pas l&#8217;air d&#8217;\u00eatre une autochtone!<\/p>\n<p>Une jeune Syrienne de 13 ou 14 ans m&#8217;aborde pour discuter avec moi. Elle est avec sa famille, parle anglais et \u00e9tudie dans un coll\u00e8ge protestant \u00e0 Beyrouth.<br \/>\nD\u00e9but de la conversation:<br \/>\nla fillette : croyez-vous en Dieu?<br \/>\nmoi : non<br \/>\nla fillette: alors vous croyez en l&#8217;argent!<br \/>\nmoi: non, \u00e7a n&#8217;a rien \u00e0 voir.<br \/>\nla fillette : comment pouvez-vous vivre sans croire en Dieu?<br \/>\nQue r\u00e9pondriez-vous \u00e0 cette questions de la jeune Syrienne?<\/p>\n<h2><span style=\"color: #800000;\">La manipulation au nom de dogmes, religieux ou non<\/span><\/h2>\n<div id=\"attachment_8532\" style=\"width: 310px\" class=\"wp-caption alignleft\"><a href=\"https:\/\/mieux-se-connaitre.com\/wp4\/wp-content\/uploads\/2014\/12\/Terre.jpg\"><img aria-describedby=\"caption-attachment-8532\" loading=\"lazy\" class=\"size-medium wp-image-8532\" src=\"https:\/\/mieux-se-connaitre.com\/wp4\/wp-content\/uploads\/2014\/12\/Terre-300x225.jpg\" alt=\"oui, la Terre est ronde!\" width=\"300\" height=\"225\" srcset=\"https:\/\/mieux-se-connaitre.com\/wp4\/wp-content\/uploads\/2014\/12\/Terre-300x225.jpg 300w, https:\/\/mieux-se-connaitre.com\/wp4\/wp-content\/uploads\/2014\/12\/Terre-150x112.jpg 150w, https:\/\/mieux-se-connaitre.com\/wp4\/wp-content\/uploads\/2014\/12\/Terre.jpg 640w\" sizes=\"(max-width: 300px) 100vw, 300px\" \/><\/a><p id=\"caption-attachment-8532\" class=\"wp-caption-text\">La Terre vue de Apollo<\/p><\/div>\n<p>En allant voir l&#8217;<a href=\"https:\/\/www.resmusica.com\/2016\/04\/23\/giordano-bruno-de-filidei-triomphe-sur-la-scene-de-gennevilliers\/\">op\u00e9ra <em>Giordano Bruno<\/em><\/a> au th\u00e9\u00e2tre de Gennevilliers, superbe spectacle de Francesco Filidei, je me demandais s&#8217;il y avait aujourd&#8217;hui de grandes th\u00e9ories qui d\u00e9rangent le pouvoir au point qu&#8217;il n&#8217;h\u00e9siterait pas, sinon \u00e0 br\u00fbler leur auteur en place publique, du moins \u00e0 le faire dispara\u00eetre.<\/p>\n<p>En science, il y en a sans doute, mais comme la science aujourd&#8217;hui a besoin de beaucoup de cr\u00e9dits, point n&#8217;est besoin de br\u00fbler leur auteur, il suffit de ne pas lui accorder de cr\u00e9dits. C&#8217;est le cas par exemple de la <a href=\"https:\/\/mieux-se-connaitre.com\/wp4\/2018\/05\/le-nucleaire-en-sortir-ou-non\/\">fili\u00e8re proton bore<\/a> pour domestiquer la fusion nucl\u00e9aire (ce qui r\u00e9soudrait tous les probl\u00e8mes de d\u00e9chets nucl\u00e9aires et d&#8217;\u00e9nergie), mais cette fili\u00e8re d\u00e9range tout le monde, les militaires, ceux qui ont accord\u00e9 les cr\u00e9dits pharaoniques pour le projet <a href=\"https:\/\/www.iter.org\/fr\/proj\/inafewlines\">ITER<\/a> pour tenter de domestiquer la fusion deuterium-tritium dont on sait depuis 40 ans qu&#8217;elle ne peut pas fonctionner car il est impossible d&#8217;arr\u00eater les neutrons rapides. Bref!<br \/>\nCe op\u00e9ra montre aussi comment le pouvoir de l&#8217;\u00e9glise cr\u00e9e froidement le fanatisme pour \u00e9liminer les esprits novateurs et \u00e0 quel point il est facile de g\u00e9n\u00e9rer ce fanatisme.<\/p>\n<p>Le seul rempart \u00e0 la mont\u00e9e des fanatismes est l&#8217;\u00e9ducation, la facult\u00e9 d&#8217;introspection.<\/p>\n<h2><span style=\"color: #800000;\">Adorer les puissants ou les \u00eecones comme des dieux<\/span><\/h2>\n<div id=\"attachment_8434\" style=\"width: 234px\" class=\"wp-caption alignleft\"><a href=\"https:\/\/mieux-se-connaitre.com\/wp4\/wp-content\/uploads\/2014\/12\/elisabeth.jpg\"><img aria-describedby=\"caption-attachment-8434\" loading=\"lazy\" class=\"size-medium wp-image-8434\" src=\"https:\/\/mieux-se-connaitre.com\/wp4\/wp-content\/uploads\/2014\/12\/elisabeth-224x300.jpg\" alt=\"Fian\u00e7ailles de SAR la princesse \u00c9lisabeth et du Lt Philippe Mountbatten - France Illustration 1947\" width=\"224\" height=\"300\" srcset=\"https:\/\/mieux-se-connaitre.com\/wp4\/wp-content\/uploads\/2014\/12\/elisabeth-224x300.jpg 224w, https:\/\/mieux-se-connaitre.com\/wp4\/wp-content\/uploads\/2014\/12\/elisabeth-112x150.jpg 112w, https:\/\/mieux-se-connaitre.com\/wp4\/wp-content\/uploads\/2014\/12\/elisabeth.jpg 599w\" sizes=\"(max-width: 224px) 100vw, 224px\" \/><\/a><p id=\"caption-attachment-8434\" class=\"wp-caption-text\">Fian\u00e7ailles de SAR la princesse \u00c9lisabeth et du Lt Philippe Mountbatten &#8211; France Illustration 1947<\/p><\/div>\n<p>Cours de princesses, cours de c\u00e9l\u00e9brit\u00e9s du monde du spectacle ou du sport, les adorez-vous?<\/p>\n<p>Ne lisez-vous jamais un journal sur l&#8217;actualit\u00e9 des c\u00e9l\u00e9brit\u00e9s (bizarre qu&#8217;il n&#8217;y ait pas de terme fran\u00e7ais pour la presse people autre que presse \u00e0 sensation ou presse \u00e0 scandale!).<\/p>\n<p>Nous ne sommes pas neutres face \u00e0 ces images et aux pages des magazines:<\/p>\n<p>Face \u00e0 elles, comment vous sentez-vous?<\/p>\n<p>Quels souvenirs vous \u00e9voquent-elles?<\/p>\n<p>Comment avez-vous envie de r\u00e9agir?<\/p>\n<p>&nbsp;<\/p>\n<!-- google_ad_section_end -->","protected":false},"excerpt":{"rendered":"<!-- google_ad_section_start --><p>La foi de Paul Claudel Le 25 d\u00e9cembre 1886, Paul Claudel se convertissait \u00e0 Notre-Dame! Difficile \u00e0 croire que ce diplomate qui n&#8217;a pas h\u00e9sit\u00e9 \u00e0 faire enfermer sa soeur, la sculptrice Camille Claudel ait soudain eu la r\u00e9v\u00e9lation de&hellip;<\/p>\n<p class=\"more-link-p\"><a class=\"more-link\" href=\"https:\/\/mieux-se-connaitre.com\/wp4\/2014\/12\/foi\/\">Suite &rarr;<\/a><\/p>\n<!-- google_ad_section_end -->","protected":false},"author":1,"featured_media":0,"comment_status":"open","ping_status":"open","sticky":false,"template":"","format":"standard","meta":[],"categories":[7,1,155],"tags":[],"_links":{"self":[{"href":"https:\/\/mieux-se-connaitre.com\/wp4\/wp-json\/wp\/v2\/posts\/8502"}],"collection":[{"href":"https:\/\/mieux-se-connaitre.com\/wp4\/wp-json\/wp\/v2\/posts"}],"about":[{"href":"https:\/\/mieux-se-connaitre.com\/wp4\/wp-json\/wp\/v2\/types\/post"}],"author":[{"embeddable":true,"href":"https:\/\/mieux-se-connaitre.com\/wp4\/wp-json\/wp\/v2\/users\/1"}],"replies":[{"embeddable":true,"href":"https:\/\/mieux-se-connaitre.com\/wp4\/wp-json\/wp\/v2\/comments?post=8502"}],"version-history":[{"count":6,"href":"https:\/\/mieux-se-connaitre.com\/wp4\/wp-json\/wp\/v2\/posts\/8502\/revisions"}],"predecessor-version":[{"id":14126,"href":"https:\/\/mieux-se-connaitre.com\/wp4\/wp-json\/wp\/v2\/posts\/8502\/revisions\/14126"}],"wp:attachment":[{"href":"https:\/\/mieux-se-connaitre.com\/wp4\/wp-json\/wp\/v2\/media?parent=8502"}],"wp:term":[{"taxonomy":"category","embeddable":true,"href":"https:\/\/mieux-se-connaitre.com\/wp4\/wp-json\/wp\/v2\/categories?post=8502"},{"taxonomy":"post_tag","embeddable":true,"href":"https:\/\/mieux-se-connaitre.com\/wp4\/wp-json\/wp\/v2\/tags?post=8502"}],"curies":[{"name":"wp","href":"https:\/\/api.w.org\/{rel}","templated":true}]}}