{"id":8513,"date":"2014-12-25T07:58:49","date_gmt":"2014-12-25T05:58:49","guid":{"rendered":"https:\/\/mieux-se-connaitre.com\/wp4\/?p=8513"},"modified":"2014-12-26T16:32:34","modified_gmt":"2014-12-26T14:32:34","slug":"palestine-haine-sans-fin","status":"publish","type":"post","link":"https:\/\/mieux-se-connaitre.com\/wp4\/2014\/12\/palestine-haine-sans-fin\/","title":{"rendered":"Palestine, haine sans fin"},"content":{"rendered":"<!-- google_ad_section_start --><div id=\"attachment_8518\" style=\"width: 310px\" class=\"wp-caption alignleft\"><a href=\"https:\/\/mieux-se-connaitre.com\/wp4\/wp-content\/uploads\/2014\/12\/palestine2.jpg\"><img aria-describedby=\"caption-attachment-8518\" loading=\"lazy\" class=\"size-medium wp-image-8518\" src=\"https:\/\/mieux-se-connaitre.com\/wp4\/wp-content\/uploads\/2014\/12\/palestine2-300x298.jpg\" alt=\"Le retour \u00e0 la Terre promise - L'Illustration 1933 (vieux Juif orthodoxe et jeune pionnier)\" width=\"300\" height=\"298\" srcset=\"https:\/\/mieux-se-connaitre.com\/wp4\/wp-content\/uploads\/2014\/12\/palestine2-300x298.jpg 300w, https:\/\/mieux-se-connaitre.com\/wp4\/wp-content\/uploads\/2014\/12\/palestine2-150x150.jpg 150w, https:\/\/mieux-se-connaitre.com\/wp4\/wp-content\/uploads\/2014\/12\/palestine2.jpg 800w\" sizes=\"(max-width: 300px) 100vw, 300px\" \/><\/a><p id=\"caption-attachment-8518\" class=\"wp-caption-text\">Le retour \u00e0 la Terre promise &#8211; L&#8217;Illustration 1933 (vieux Juif orthodoxe et jeune pionnier)<\/p><\/div>\n<p>A la suite du &#8220;d\u00e9pouillement&#8221; de mes anciennes revues qui nous permettent de prendre une distance par rapport \u00e0 l&#8217;information dont on nous abreuve quotidiennement, j&#8217;ai extrait un passage du livre <em>Ex\u00e9cut\u00e9 \u00e0 blanc, <\/em>m\u00e9moires d&#8217;un mercenaire qui a v\u00e9cu la guerre de 1982 au Liban et a \u00e9t\u00e9 prisonnier des Palestiniens. Points de vues \u00e0 faire pleurer, reflets de la persistances des haines \u00e0 travers les si\u00e8cles, c\u00f4t\u00e9 d\u00e9risoire des d\u00e9cisions internationales qui entretiennent, voire g\u00e9n\u00e8rent les conflits&#8230;Quelques bribes pour stimuler le questionnement.<!--more--><\/p>\n<p>&nbsp;<\/p>\n<div id=\"attachment_8520\" style=\"width: 310px\" class=\"wp-caption alignleft\"><a href=\"https:\/\/mieux-se-connaitre.com\/wp4\/wp-content\/uploads\/2014\/12\/palestine.jpg\"><img aria-describedby=\"caption-attachment-8520\" loading=\"lazy\" class=\"size-medium wp-image-8520\" src=\"https:\/\/mieux-se-connaitre.com\/wp4\/wp-content\/uploads\/2014\/12\/palestine-300x108.jpg\" alt=\"Manifestation des juifs de New-York -1929\" width=\"300\" height=\"108\" srcset=\"https:\/\/mieux-se-connaitre.com\/wp4\/wp-content\/uploads\/2014\/12\/palestine-300x108.jpg 300w, https:\/\/mieux-se-connaitre.com\/wp4\/wp-content\/uploads\/2014\/12\/palestine-150x54.jpg 150w, https:\/\/mieux-se-connaitre.com\/wp4\/wp-content\/uploads\/2014\/12\/palestine.jpg 800w\" sizes=\"(max-width: 300px) 100vw, 300px\" \/><\/a><p id=\"caption-attachment-8520\" class=\"wp-caption-text\">Manifestation des juifs de New-York -1929<\/p><\/div>\n<p><span style=\"color: #800000;\"><strong>1929 : 25 000 juifs de New-York manifestent \u00e0 Madison square garden<\/strong> <\/span>pour protester contre les assassinats de leur cor\u00e9ligionnaires en Palestine&#8230;Les autorit\u00e9s britanniques pr\u00e9tendent \u00eatre ma\u00eetresses de la situation, sous pr\u00e9texte qu&#8217;une commission d&#8217;enqu\u00eate a \u00e9t\u00e9 envoy\u00e9s sur place. Cela n&#8217;emp\u00eache nullement qu&#8217;un malaise g\u00e9n\u00e9ral r\u00e8gne sur tout le pays. (Le Monde Illustr\u00e9 &#8211; 14 septembre 1929).<\/p>\n<p><span style=\"color: #800000;\"><strong>L&#8217;illustration 1933 : Le retour \u00e0 la Terre promise<\/strong><\/span> : dans les souks de J\u00e9rusalem, deux g\u00e9n\u00e9rations, les vieux Juifs orthodoxes et les jeunes pionniers sionistes. &#8220;Je laissai Tel-Aviv sans regret et j&#8217;avais h\u00e2te de conna\u00eetre les colonies. Je voulais voir ce miracle, les Juifs qui redeviennent laboureurs et vignerons comme l&#8217;avaient \u00e9t\u00e9 leurs anc\u00eatres.&#8221; Le c\u00f4t\u00e9 grandiose du sionisme est le retour \u00e0 la terre&#8230;Il faut voir de ses yeux la Palestine, du moins dans l&#8217;\u00e9tat o\u00f9 l&#8217;ont laiss\u00e9e les Arabes pour se rendre compte de la t\u00e2che qui s&#8217;offrait aux premiers colons, venus surtout de Roumanie, de Pologne et de Russie&#8230;.Il a fallu enfin compter avec l&#8217;Arabe, qui fait rena\u00eetre sur la terre retrouv\u00e9e la m\u00eame hantise de massacre que le pogrom dans les pays abandonn\u00e9s \u00e0 cause de l&#8217;hostilit\u00e9 de leurs habitants. Les Juifs en Palestine sont m\u00eame redevenus militaires par n\u00e9cessit\u00e9, d\u00e9cid\u00e9s \u00e0 ne plus se laisser massacrer sans rendre, conform\u00e9ment \u00e0 leur dogme &#8220;oeil pour oeil et dent pour dent&#8221;.<\/p>\n<div id=\"attachment_8521\" style=\"width: 230px\" class=\"wp-caption alignleft\"><a href=\"https:\/\/mieux-se-connaitre.com\/wp4\/wp-content\/uploads\/2014\/12\/palestine3.jpg\"><img aria-describedby=\"caption-attachment-8521\" loading=\"lazy\" class=\"size-medium wp-image-8521\" src=\"https:\/\/mieux-se-connaitre.com\/wp4\/wp-content\/uploads\/2014\/12\/palestine3-220x300.jpg\" alt=\"1929 : Policier fouillant un Arabe suspect \u00e0 J\u00e9rusalem\" width=\"220\" height=\"300\" srcset=\"https:\/\/mieux-se-connaitre.com\/wp4\/wp-content\/uploads\/2014\/12\/palestine3-220x300.jpg 220w, https:\/\/mieux-se-connaitre.com\/wp4\/wp-content\/uploads\/2014\/12\/palestine3-110x150.jpg 110w, https:\/\/mieux-se-connaitre.com\/wp4\/wp-content\/uploads\/2014\/12\/palestine3.jpg 569w\" sizes=\"(max-width: 220px) 100vw, 220px\" \/><\/a><p id=\"caption-attachment-8521\" class=\"wp-caption-text\">1929 : Policier fouillant un Arabe suspect \u00e0 J\u00e9rusalem<\/p><\/div>\n<p>Et enfin, il a fallu venir \u00e0 bout du plus compliqu\u00e9 des probl\u00e8mes: se procurer sans violence des terres nouvelles&#8230;.<\/p>\n<p>Dans certaines colonies, le collectivisme est pouss\u00e9 beaucoup plus loin qu&#8217;en URSS&#8230;La vie s&#8217;\u00e9coule avec une r\u00e9gularit\u00e9 et une monotonie qui ne peuvent \u00eatre compens\u00e9es que par une vie int\u00e9rieure profonde. Beaucoup de participants des colonies collectivistes sont effectivement d&#8217;anciens intellectuels transform\u00e9s en ouvriers agricoles&#8230;<\/p>\n<p><a href=\"http:\/\/7ecrit.com\/livre\/execute-blanc\"><span style=\"color: #800000;\"><strong>Ex\u00e9cut\u00e9 \u00e0 blanc &#8211; 1982<\/strong><\/span><\/a> (extrait)<\/p>\n<p>Au Moyen-Orient, l\u2019\u00e9tat de guerre permanent ne se terminera que par l\u2019extermination totale d\u2019un des camps, par la destruction totale des Isra\u00e9liens ou des Palestiniens. Ces deux peuples sont d\u00e9termin\u00e9s \u00e0 s\u2019entre-tuer depuis des mill\u00e9naires.<br \/>\nEn 70 apr\u00e8s J.-C., c\u2019en est enfin termin\u00e9 avec le fl\u00e9au qui a tent\u00e9 de faire trembler la Rome d\u00e9cadente. L\u2019\u00e9pop\u00e9e de Bar Kokhba, Massada, n\u2019est plus qu\u2019un mauvais souvenir. La grande et puissante nation n\u2019a de cesse qu\u2019elle n\u2019ait an\u00e9anti ce peuple qui a os\u00e9 s\u2019\u00e9lever contre son h\u00e9g\u00e9monie. Il faut remonter encore plus loin, aux premi\u00e8res luttes qui oppos\u00e8rent les Philistins \u00e0 la tribu de David, pour trouver les origines de la guerre jud\u00e9o-palestinienne, guerre s\u00e9mite qui ne peut \u00eatre accomplie que par des adversaires s\u00e9mites, dans un esprit et une logique s\u00e9mites avec pour objectif l\u2019an\u00e9antissement de l\u2019autre. Cette guerre totale, cruelle, \u00e0 la long\u00e9vit\u00e9 record, ne fait gr\u00e2ce \u00e0 personne, ni aux femmes, ni surtout aux enfants, cette mauvaise graine qui pourrait perp\u00e9tuer la race en se reproduisant.<br \/>\nCes deux peuples sont irr\u00e9m\u00e9diablement en voie de disparition. Le premier qui aura an\u00e9anti l\u2019autre sortira tellement affaibli des combats qu\u2019il sera \u00e0 la merci totale des autres peuples qui veulent sa mort.<br \/>\nLes Arabes l\u2019ont bien compris, qui laissent Isra\u00ebl en terminer avec le nationalisme palestinien, esp\u00e9rant pouvoir ensuite se repa\u00eetre des restes d\u2019une arm\u00e9e us\u00e9e par la guerre.<\/p>\n<!-- google_ad_section_end -->","protected":false},"excerpt":{"rendered":"<!-- google_ad_section_start --><p>A la suite du &#8220;d\u00e9pouillement&#8221; de mes anciennes revues qui nous permettent de prendre une distance par rapport \u00e0 l&#8217;information dont on nous abreuve quotidiennement, j&#8217;ai extrait un passage du livre Ex\u00e9cut\u00e9 \u00e0 blanc, m\u00e9moires d&#8217;un mercenaire qui a v\u00e9cu&hellip;<\/p>\n<p class=\"more-link-p\"><a class=\"more-link\" href=\"https:\/\/mieux-se-connaitre.com\/wp4\/2014\/12\/palestine-haine-sans-fin\/\">Suite &rarr;<\/a><\/p>\n<!-- google_ad_section_end -->","protected":false},"author":1,"featured_media":0,"comment_status":"open","ping_status":"open","sticky":false,"template":"","format":"standard","meta":[],"categories":[279],"tags":[],"_links":{"self":[{"href":"https:\/\/mieux-se-connaitre.com\/wp4\/wp-json\/wp\/v2\/posts\/8513"}],"collection":[{"href":"https:\/\/mieux-se-connaitre.com\/wp4\/wp-json\/wp\/v2\/posts"}],"about":[{"href":"https:\/\/mieux-se-connaitre.com\/wp4\/wp-json\/wp\/v2\/types\/post"}],"author":[{"embeddable":true,"href":"https:\/\/mieux-se-connaitre.com\/wp4\/wp-json\/wp\/v2\/users\/1"}],"replies":[{"embeddable":true,"href":"https:\/\/mieux-se-connaitre.com\/wp4\/wp-json\/wp\/v2\/comments?post=8513"}],"version-history":[{"count":4,"href":"https:\/\/mieux-se-connaitre.com\/wp4\/wp-json\/wp\/v2\/posts\/8513\/revisions"}],"predecessor-version":[{"id":8522,"href":"https:\/\/mieux-se-connaitre.com\/wp4\/wp-json\/wp\/v2\/posts\/8513\/revisions\/8522"}],"wp:attachment":[{"href":"https:\/\/mieux-se-connaitre.com\/wp4\/wp-json\/wp\/v2\/media?parent=8513"}],"wp:term":[{"taxonomy":"category","embeddable":true,"href":"https:\/\/mieux-se-connaitre.com\/wp4\/wp-json\/wp\/v2\/categories?post=8513"},{"taxonomy":"post_tag","embeddable":true,"href":"https:\/\/mieux-se-connaitre.com\/wp4\/wp-json\/wp\/v2\/tags?post=8513"}],"curies":[{"name":"wp","href":"https:\/\/api.w.org\/{rel}","templated":true}]}}