{"id":9096,"date":"2015-08-28T20:59:34","date_gmt":"2015-08-28T18:59:34","guid":{"rendered":"https:\/\/mieux-se-connaitre.com\/wp4\/?p=9096"},"modified":"2015-08-28T20:29:33","modified_gmt":"2015-08-28T18:29:33","slug":"thiers-lhomme-inevitable-en-1871","status":"publish","type":"post","link":"https:\/\/mieux-se-connaitre.com\/wp4\/2015\/08\/thiers-lhomme-inevitable-en-1871\/","title":{"rendered":"Thiers, l&#8217;homme in\u00e9vitable en 1871"},"content":{"rendered":"<!-- google_ad_section_start --><div id=\"attachment_9097\" style=\"width: 310px\" class=\"wp-caption alignleft\"><a href=\"https:\/\/mieux-se-connaitre.com\/wp4\/wp-content\/uploads\/2015\/08\/EVT206b.jpg\"><img aria-describedby=\"caption-attachment-9097\" loading=\"lazy\" class=\"size-medium wp-image-9097\" src=\"https:\/\/mieux-se-connaitre.com\/wp4\/wp-content\/uploads\/2015\/08\/EVT206b-300x225.jpg\" alt=\"Adolphe Thiers\" width=\"300\" height=\"225\" srcset=\"https:\/\/mieux-se-connaitre.com\/wp4\/wp-content\/uploads\/2015\/08\/EVT206b-300x225.jpg 300w, https:\/\/mieux-se-connaitre.com\/wp4\/wp-content\/uploads\/2015\/08\/EVT206b-150x113.jpg 150w, https:\/\/mieux-se-connaitre.com\/wp4\/wp-content\/uploads\/2015\/08\/EVT206b-600x450.jpg 600w, https:\/\/mieux-se-connaitre.com\/wp4\/wp-content\/uploads\/2015\/08\/EVT206b.jpg 640w\" sizes=\"(max-width: 300px) 100vw, 300px\" \/><\/a><p id=\"caption-attachment-9097\" class=\"wp-caption-text\">Adolphe Thiers<\/p><\/div>\n<p>L&#8217;armistice sign\u00e9, les \u00e9lections ont lieu, en fait, sur le probl\u00e8me : paix ou guerre, et dans des conditions dramatiques ; elles donnent une assembl\u00e9e \u00e0 majorit\u00e9 de royalistes. Mais la R\u00e9publique est en place depuis le 4 Septembre.<br \/>\n<a href=\"https:\/\/mieux-se-connaitre.com\/wp4\/2011\/10\/les-presidents-de-la-republique-de-la-premiere-a-la-troisieme\/\">Thiers<\/a>, l&#8217;orl\u00e9aniste, \u00e9lu dans 26 d\u00e9partements, devient l&#8217;homme &#8220;in\u00e9vitable&#8221;. Le 16, il est propos\u00e9 comme &#8220;Chef du pouvoir ex\u00e9cutif de la R\u00e9publique fran\u00e7aise&#8221;. Le 17, la proposition rapport\u00e9e par Victor Lefranc est vot\u00e9e sans d\u00e9bat ni scrutin \u00e0 une tr\u00e8s large majorit\u00e9.<!--more-->Thiers exercera ses fonctions sous l&#8217;autorit\u00e9 de l&#8217;Assembl\u00e9e nationale avec le concours de ministres qu&#8217;il aura choisis et qu&#8217;il pr\u00e9sidera. Un d\u00e9cret marque le caract\u00e8re provisoire du r\u00e9gime : en attendant qu&#8217;il soit statu\u00e9 sur les institutions de la France, Thiers s&#8217;engage \u00e0 ne pas prendre parti sur le futur r\u00e9gime, laissant la possibilit\u00e9 d&#8217;une restauration (Pacte de Bordeaux).<br \/>\nQuelques mois plus tard, il deviendra pr\u00e9sident de la R\u00e9publique, apr\u00e8s les n\u00e9gociations d\u00e9sastreuses pour la France du trait\u00e9 de Francfort et apr\u00e8s l&#8217;\u00e9chec du projet de fusion des royalistes.<\/p>\n<div id=\"attachment_9098\" style=\"width: 310px\" class=\"wp-caption alignleft\"><a href=\"https:\/\/mieux-se-connaitre.com\/wp4\/wp-content\/uploads\/2015\/08\/EVT296A.jpg\"><img aria-describedby=\"caption-attachment-9098\" loading=\"lazy\" class=\"size-medium wp-image-9098\" src=\"https:\/\/mieux-se-connaitre.com\/wp4\/wp-content\/uploads\/2015\/08\/EVT296A-300x225.jpg\" alt=\"Ruines de l'h\u00f4tel de ville de Paris apr\u00e8s la Commune\" width=\"300\" height=\"225\" srcset=\"https:\/\/mieux-se-connaitre.com\/wp4\/wp-content\/uploads\/2015\/08\/EVT296A-300x225.jpg 300w, https:\/\/mieux-se-connaitre.com\/wp4\/wp-content\/uploads\/2015\/08\/EVT296A-150x113.jpg 150w, https:\/\/mieux-se-connaitre.com\/wp4\/wp-content\/uploads\/2015\/08\/EVT296A-600x450.jpg 600w, https:\/\/mieux-se-connaitre.com\/wp4\/wp-content\/uploads\/2015\/08\/EVT296A.jpg 640w\" sizes=\"(max-width: 300px) 100vw, 300px\" \/><\/a><p id=\"caption-attachment-9098\" class=\"wp-caption-text\">Ruines de l&#8217;h\u00f4tel de ville de Paris apr\u00e8s la Commune<\/p><\/div>\n<p><span style=\"color: #800000;\"><strong>La reconstruction de l&#8217;h\u00f4tel de ville, <\/strong><strong>pour oublier les malheurs de la patrie.<\/strong><\/span><\/p>\n<p><em>On rencontre fr\u00e9quemment Monsieur Thiers autour de ces murs d\u00e9labr\u00e9s qui racontent si \u00e9loquemment les malheurs de la patrie. M. Thiers veut que le premier de nos monuments reconstruits soit l&#8217;H\u00f4tel de Ville.<\/em> Mais faut-il restaurer ou reconstruire ?<br \/>\nD\u00e8s 1872, la commission penche vers la reconstruction <em>pour faire oublier le triste souvenir de ces jours n\u00e9fastes pendant lesquels l&#8217;H\u00f4tel de Ville a \u00e9t\u00e9 d\u00e9truit.<\/em><br \/>\nUn concours est organis\u00e9 : Il est gagn\u00e9 par les deux architectes Ballu et Deperthes. Les travaux ne seront pas achev\u00e9s pour l&#8217;inauguration, mais la c\u00e9l\u00e9bration honore les conseils qui l&#8217;ont voulue, les artistes et les travailleurs qui l&#8217;ont r\u00e9alis\u00e9e&#8221; et pla\u00eet aux Parisiens. Les femmes n&#8217;ont pas \u00e9t\u00e9 invit\u00e9es \u00e0 la r\u00e9ception ; on craint que, <em>dans la foule, les toilettes n&#8217;aient beaucoup \u00e0 souffrir<\/em>.<\/p>\n<!-- google_ad_section_end -->","protected":false},"excerpt":{"rendered":"<!-- google_ad_section_start --><p>L&#8217;armistice sign\u00e9, les \u00e9lections ont lieu, en fait, sur le probl\u00e8me : paix ou guerre, et dans des conditions dramatiques ; elles donnent une assembl\u00e9e \u00e0 majorit\u00e9 de royalistes. Mais la R\u00e9publique est en place depuis le 4 Septembre. Thiers,&hellip;<\/p>\n<p class=\"more-link-p\"><a class=\"more-link\" href=\"https:\/\/mieux-se-connaitre.com\/wp4\/2015\/08\/thiers-lhomme-inevitable-en-1871\/\">Suite &rarr;<\/a><\/p>\n<!-- google_ad_section_end -->","protected":false},"author":1,"featured_media":0,"comment_status":"open","ping_status":"open","sticky":false,"template":"","format":"standard","meta":[],"categories":[7,150],"tags":[],"_links":{"self":[{"href":"https:\/\/mieux-se-connaitre.com\/wp4\/wp-json\/wp\/v2\/posts\/9096"}],"collection":[{"href":"https:\/\/mieux-se-connaitre.com\/wp4\/wp-json\/wp\/v2\/posts"}],"about":[{"href":"https:\/\/mieux-se-connaitre.com\/wp4\/wp-json\/wp\/v2\/types\/post"}],"author":[{"embeddable":true,"href":"https:\/\/mieux-se-connaitre.com\/wp4\/wp-json\/wp\/v2\/users\/1"}],"replies":[{"embeddable":true,"href":"https:\/\/mieux-se-connaitre.com\/wp4\/wp-json\/wp\/v2\/comments?post=9096"}],"version-history":[{"count":1,"href":"https:\/\/mieux-se-connaitre.com\/wp4\/wp-json\/wp\/v2\/posts\/9096\/revisions"}],"predecessor-version":[{"id":9099,"href":"https:\/\/mieux-se-connaitre.com\/wp4\/wp-json\/wp\/v2\/posts\/9096\/revisions\/9099"}],"wp:attachment":[{"href":"https:\/\/mieux-se-connaitre.com\/wp4\/wp-json\/wp\/v2\/media?parent=9096"}],"wp:term":[{"taxonomy":"category","embeddable":true,"href":"https:\/\/mieux-se-connaitre.com\/wp4\/wp-json\/wp\/v2\/categories?post=9096"},{"taxonomy":"post_tag","embeddable":true,"href":"https:\/\/mieux-se-connaitre.com\/wp4\/wp-json\/wp\/v2\/tags?post=9096"}],"curies":[{"name":"wp","href":"https:\/\/api.w.org\/{rel}","templated":true}]}}