{"id":9109,"date":"2015-09-03T20:59:09","date_gmt":"2015-09-03T18:59:09","guid":{"rendered":"https:\/\/mieux-se-connaitre.com\/wp4\/?p=9109"},"modified":"2015-09-03T19:39:55","modified_gmt":"2015-09-03T17:39:55","slug":"mireio","status":"publish","type":"post","link":"https:\/\/mieux-se-connaitre.com\/wp4\/2015\/09\/mireio\/","title":{"rendered":"Mireio"},"content":{"rendered":"<!-- google_ad_section_start --><div id=\"attachment_9110\" style=\"width: 310px\" class=\"wp-caption alignleft\"><a href=\"https:\/\/mieux-se-connaitre.com\/wp4\/wp-content\/uploads\/2015\/09\/EVT091_1.jpg\"><img aria-describedby=\"caption-attachment-9110\" loading=\"lazy\" class=\"size-medium wp-image-9110\" src=\"https:\/\/mieux-se-connaitre.com\/wp4\/wp-content\/uploads\/2015\/09\/EVT091_1-300x225.jpg\" alt=\"Mireille de Mistral\" width=\"300\" height=\"225\" srcset=\"https:\/\/mieux-se-connaitre.com\/wp4\/wp-content\/uploads\/2015\/09\/EVT091_1-300x225.jpg 300w, https:\/\/mieux-se-connaitre.com\/wp4\/wp-content\/uploads\/2015\/09\/EVT091_1-150x113.jpg 150w, https:\/\/mieux-se-connaitre.com\/wp4\/wp-content\/uploads\/2015\/09\/EVT091_1-600x450.jpg 600w, https:\/\/mieux-se-connaitre.com\/wp4\/wp-content\/uploads\/2015\/09\/EVT091_1.jpg 640w\" sizes=\"(max-width: 300px) 100vw, 300px\" \/><\/a><p id=\"caption-attachment-9110\" class=\"wp-caption-text\">Mireille de Mistral<\/p><\/div>\n<p><span style=\"color: #800000;\"><strong>Un po\u00e8me \u00e9pique qui souffle un vent proven\u00e7al<\/strong><\/span><\/p>\n<p>1859 : Mistral est inquiet : <em>J&#8217;ai achev\u00e9 Mireille, je travaille \u00e0 la traduction, ce qui commence \u00e0 m&#8217;ennuyer &#8230; Veillez \u00e0 ce que Mireio ne soit pas assassin\u00e9e sur le seuil de son mas.<\/em><br \/>\nMireille ne sera pas assassin\u00e9e par la critique, mais plut\u00f4t salu\u00e9e comme un \u00e9v\u00e9nement litt\u00e9raire, l&#8217;apparition d&#8217;un po\u00e8me \u00e9pique en Provence. Tout le monde s&#8217;\u00e9prend des amours malheureuses d&#8217;un pauvre tresseur d&#8217;osier et de la na\u00efve Mireille.<br \/>\nMireio est un chef d&#8217;\u0153uvre de gr\u00e2ce, de sentiment, de po\u00e9sie que tout le monde admirerait et saurait par c\u0153ur s&#8217;il \u00e9tait \u00e9crit en latin ou en grec au lieu d&#8217;\u00eatre \u00e9crit en patois proven\u00e7al. Mais que reste-t-il de Mireio dans le drame lyrique de Gounod (1864) ? La premi\u00e8re version est tellement rat\u00e9e que Gounod coupe et remanie tout : Mireille se marie au lieu de mourir ! <!--more--><\/p>\n<div id=\"attachment_9111\" style=\"width: 208px\" class=\"wp-caption alignleft\"><a href=\"https:\/\/mieux-se-connaitre.com\/wp4\/wp-content\/uploads\/2015\/09\/CD11_006.jpg\"><img aria-describedby=\"caption-attachment-9111\" loading=\"lazy\" class=\"size-medium wp-image-9111\" src=\"https:\/\/mieux-se-connaitre.com\/wp4\/wp-content\/uploads\/2015\/09\/CD11_006-198x300.jpg\" alt=\"Fr\u00e9d\u00e9ric Mistral\" width=\"198\" height=\"300\" srcset=\"https:\/\/mieux-se-connaitre.com\/wp4\/wp-content\/uploads\/2015\/09\/CD11_006-198x300.jpg 198w, https:\/\/mieux-se-connaitre.com\/wp4\/wp-content\/uploads\/2015\/09\/CD11_006-99x150.jpg 99w, https:\/\/mieux-se-connaitre.com\/wp4\/wp-content\/uploads\/2015\/09\/CD11_006-300x456.jpg 300w, https:\/\/mieux-se-connaitre.com\/wp4\/wp-content\/uploads\/2015\/09\/CD11_006.jpg 316w\" sizes=\"(max-width: 198px) 100vw, 198px\" \/><\/a><p id=\"caption-attachment-9111\" class=\"wp-caption-text\">Fr\u00e9d\u00e9ric Mistral<\/p><\/div>\n<p><span style=\"color: #800000;\"><strong>Mistral Fr\u00e9d\u00e9ric, \u00e9crivain fran\u00e7ais d&#8217;expression occitane<\/strong> <\/span><br \/>\n1830 (Maillane) &#8211; 1914 (Maillane)<\/p>\n<p>N\u00e9 sur la terre de Provence, il est \u00e9lev\u00e9 et fait ses \u00e9tudes en Provence ; son \u0153uvre enti\u00e8re est un acte pour la d\u00e9fense de la Provence, de son id\u00e9e de la Provence. Saisi par un bouillonnement de s\u00e8ve proven\u00e7ale, il \u00e9crit en langue d&#8217;oc.<br \/>\nA vingt deux ans, on le salue comme le ma\u00eetre d&#8217;une nouvelle \u00e9cole po\u00e9tique; \u00e0 vingt quatre ans, il fonde le F\u00e9librige avec six autres jeunes po\u00e8tes. Il r\u00eave d&#8217;une union latine en liaison avec la renaissance catalane et la jeune Roumanie. A vingt huit ans, il \u00e9crit son \u00e9pop\u00e9e moderne, Mireille (Mireio). Pour Mistral, c&#8217;est la gloire ; il devient objet de culte et est traduit dans le monde entier, y compris en fran\u00e7ais.<br \/>\nTout d&#8217;abord lib\u00e9ral et r\u00e9publicain sans exc\u00e8s, apr\u00e8s 1871 il est membre de la Ligue de la patrie fran\u00e7aise. Barr\u00e8s l&#8217;admire et Maurras s&#8217;en inspire. A la fin de sa vie, Mistral, mage hors du temps, n&#8217;est plus que son \u0153uvre. La grande foi de Mistral est de croire \u00e0 une harmonie entre la vie des hommes et leur cadre de vie. En cela il est \u00e0 l&#8217;origine de divers mouvements r\u00e9gionalistes ou f\u00e9d\u00e9ralistes et un \u00e9cologiste avant la lettre.<\/p>\n<p>1851 : licence de droit \u00e0 la facult\u00e9 d&#8217;Aix en Provence<br \/>\n1854 : le F\u00e9librige, Mistral, Roumainville, Aubanel, Brunet, Giera, Mathieu et Tavan &#8211; les nouveaux troubadours des provinces d&#8217;Oc. &#8211; Le Journal d&#8217;aioli<br \/>\n1855 : L&#8217;Almanach proven\u00e7al<br \/>\n1859 : Mireille, po\u00e8me \u00e9pique en douze chants<br \/>\n1864 : adaptation de Mireille par Gounod au th\u00e9\u00e2tre lyrique<br \/>\n1867 : Calendal, c\u00e9l\u00e9bration all\u00e9gorique<br \/>\n1876 : publication Les \u00celes d&#8217;or, recueil de po\u00e8mes<br \/>\n1878 : Tr\u00e9sor du felibrige : dictionnaire occitan-fran\u00e7ais<br \/>\n1884 : Nerte, po\u00e8me avignonnais<br \/>\n1897 : Le po\u00e8me du Rh\u00f4ne, drame historique<br \/>\n1904 : Prix Nobel<\/p>\n<div id=\"attachment_9112\" style=\"width: 208px\" class=\"wp-caption alignleft\"><a href=\"https:\/\/mieux-se-connaitre.com\/wp4\/wp-content\/uploads\/2015\/09\/CD15_051.jpg\"><img aria-describedby=\"caption-attachment-9112\" loading=\"lazy\" class=\"size-medium wp-image-9112\" src=\"https:\/\/mieux-se-connaitre.com\/wp4\/wp-content\/uploads\/2015\/09\/CD15_051-198x300.jpg\" alt=\"Charles Gounod\" width=\"198\" height=\"300\" srcset=\"https:\/\/mieux-se-connaitre.com\/wp4\/wp-content\/uploads\/2015\/09\/CD15_051-198x300.jpg 198w, https:\/\/mieux-se-connaitre.com\/wp4\/wp-content\/uploads\/2015\/09\/CD15_051-99x150.jpg 99w, https:\/\/mieux-se-connaitre.com\/wp4\/wp-content\/uploads\/2015\/09\/CD15_051-300x456.jpg 300w, https:\/\/mieux-se-connaitre.com\/wp4\/wp-content\/uploads\/2015\/09\/CD15_051.jpg 316w\" sizes=\"(max-width: 198px) 100vw, 198px\" \/><\/a><p id=\"caption-attachment-9112\" class=\"wp-caption-text\">Charles Gounod<\/p><\/div>\n<p><span style=\"color: #800000;\"><strong>Gounod Charles, compositeur fran\u00e7ais<\/strong><\/span><br \/>\n1818 (Paris) &#8211; 1893 (Paris)<br \/>\n<em>Pour un compositeur, il n&#8217;y a gu\u00e8re qu&#8217;une route \u00e0 suivre pour se faire un nom : c&#8217;est le th\u00e9\u00e2tre<\/em>. Gounod plut\u00f4t attir\u00e9 par la musique religieuse et symphonique se sent contraint d&#8217;\u00e9crire pour la sc\u00e8ne.<br \/>\nIncompris d\u00e8s ses premi\u00e8res \u0153uvres (Agnus Dei), il doit attendre le succ\u00e8s de l&#8217;op\u00e9ra comique Le M\u00e9decin malgr\u00e9 lui, puis de Mireille et de Rom\u00e9o et Juliette pour \u00eatre reconnu.<br \/>\nOn s&#8217;acharne en effet sur ses \u0153uvres, on lui reproche &#8220;son go\u00fbt pour les derniers quatuors de Beethoven, source troubl\u00e9e d&#8217;o\u00f9 sont sortis les mauvais musiciens de l&#8217;Allemagne moderne, les Liszt, les Wagner, les Schumann, sans omettre Mendelssohn&#8221;.<br \/>\nMusique d&#8217;id\u00e9es abstraites ! On l&#8217;accuse de manquer de boursouflure, d&#8217;\u00eatre trop simple, de ne pas \u00eatre sc\u00e9nique. &#8220;Faust (op\u00e9ra), dans son ensemble, n&#8217;est point l&#8217;\u0153uvre d&#8217;un m\u00e9lodiste&#8221;. &#8220;Le v\u00e9ritable instaurateur de la m\u00e9lodie en France&#8221;, r\u00e9torque Ravel.<br \/>\nIl reste un grand mystique, qui saura exprimer sa m\u00e9ditation des textes sacr\u00e9s, un grand harmoniste qui sert l&#8217;intuition d&#8217;une tonalit\u00e9 \u00e9mancip\u00e9e.<\/p>\n<p>1839 : prix de Rome<br \/>\n1851 : Sapho, premier op\u00e9ra<br \/>\n1859 : Agnus Dei<br \/>\n1858 : Le M\u00e9decin malgr\u00e9 lui, op\u00e9ra comique<br \/>\n1859 : Faust, op\u00e9ra<br \/>\n1862 : La Reine de Saba<br \/>\n1864 : Mireille<br \/>\n1867 : Rom\u00e9o et Juliette<br \/>\n1882 : Cinq messes, Sainte C\u00e9cile &#8211; Sacr\u00e9 C\u0153ur de J\u00e9sus &#8211; Jeanne d&#8217;Arc &#8211; R\u00e9demption<br \/>\n1885 : Mors et vitae &#8211; Oratorios<br \/>\n1865-85-88 : 3 symphonies &#8211; 200 m\u00e9lodies<\/p>\n<!-- google_ad_section_end -->","protected":false},"excerpt":{"rendered":"<!-- google_ad_section_start --><p>Un po\u00e8me \u00e9pique qui souffle un vent proven\u00e7al 1859 : Mistral est inquiet : J&#8217;ai achev\u00e9 Mireille, je travaille \u00e0 la traduction, ce qui commence \u00e0 m&#8217;ennuyer &#8230; Veillez \u00e0 ce que Mireio ne soit pas assassin\u00e9e sur le seuil&hellip;<\/p>\n<p class=\"more-link-p\"><a class=\"more-link\" href=\"https:\/\/mieux-se-connaitre.com\/wp4\/2015\/09\/mireio\/\">Suite &rarr;<\/a><\/p>\n<!-- google_ad_section_end -->","protected":false},"author":1,"featured_media":0,"comment_status":"open","ping_status":"open","sticky":false,"template":"","format":"standard","meta":[],"categories":[7,155,256],"tags":[],"_links":{"self":[{"href":"https:\/\/mieux-se-connaitre.com\/wp4\/wp-json\/wp\/v2\/posts\/9109"}],"collection":[{"href":"https:\/\/mieux-se-connaitre.com\/wp4\/wp-json\/wp\/v2\/posts"}],"about":[{"href":"https:\/\/mieux-se-connaitre.com\/wp4\/wp-json\/wp\/v2\/types\/post"}],"author":[{"embeddable":true,"href":"https:\/\/mieux-se-connaitre.com\/wp4\/wp-json\/wp\/v2\/users\/1"}],"replies":[{"embeddable":true,"href":"https:\/\/mieux-se-connaitre.com\/wp4\/wp-json\/wp\/v2\/comments?post=9109"}],"version-history":[{"count":1,"href":"https:\/\/mieux-se-connaitre.com\/wp4\/wp-json\/wp\/v2\/posts\/9109\/revisions"}],"predecessor-version":[{"id":9113,"href":"https:\/\/mieux-se-connaitre.com\/wp4\/wp-json\/wp\/v2\/posts\/9109\/revisions\/9113"}],"wp:attachment":[{"href":"https:\/\/mieux-se-connaitre.com\/wp4\/wp-json\/wp\/v2\/media?parent=9109"}],"wp:term":[{"taxonomy":"category","embeddable":true,"href":"https:\/\/mieux-se-connaitre.com\/wp4\/wp-json\/wp\/v2\/categories?post=9109"},{"taxonomy":"post_tag","embeddable":true,"href":"https:\/\/mieux-se-connaitre.com\/wp4\/wp-json\/wp\/v2\/tags?post=9109"}],"curies":[{"name":"wp","href":"https:\/\/api.w.org\/{rel}","templated":true}]}}