{"id":9122,"date":"2015-09-16T08:00:08","date_gmt":"2015-09-16T06:00:08","guid":{"rendered":"https:\/\/mieux-se-connaitre.com\/wp4\/?p=9122"},"modified":"2020-06-30T14:43:14","modified_gmt":"2020-06-30T12:43:14","slug":"la-houille-blanche","status":"publish","type":"post","link":"https:\/\/mieux-se-connaitre.com\/wp4\/2015\/09\/la-houille-blanche\/","title":{"rendered":"La houille blanche, \u00e9nergie hydraulique"},"content":{"rendered":"<!-- google_ad_section_start --><div id=\"attachment_9123\" style=\"width: 310px\" class=\"wp-caption alignleft\"><a href=\"https:\/\/mieux-se-connaitre.com\/wp4\/wp-content\/uploads\/2015\/09\/CD02_28.jpg\"><img aria-describedby=\"caption-attachment-9123\" loading=\"lazy\" class=\"wp-image-9123 size-medium\" src=\"https:\/\/mieux-se-connaitre.com\/wp4\/wp-content\/uploads\/2015\/09\/CD02_28-300x225.jpg\" alt=\"\u00e9nergie hydraulique\" width=\"300\" height=\"225\" srcset=\"https:\/\/mieux-se-connaitre.com\/wp4\/wp-content\/uploads\/2015\/09\/CD02_28-300x225.jpg 300w, https:\/\/mieux-se-connaitre.com\/wp4\/wp-content\/uploads\/2015\/09\/CD02_28-150x113.jpg 150w, https:\/\/mieux-se-connaitre.com\/wp4\/wp-content\/uploads\/2015\/09\/CD02_28-600x450.jpg 600w, https:\/\/mieux-se-connaitre.com\/wp4\/wp-content\/uploads\/2015\/09\/CD02_28.jpg 640w\" sizes=\"(max-width: 300px) 100vw, 300px\" \/><\/a><p id=\"caption-attachment-9123\" class=\"wp-caption-text\">Conduite forc\u00e9e de Berg\u00e8s<\/p><\/div>\n<p>Pourquoi l&#8217;hydro\u00e9lectricit\u00e9, d&#8217;abord r\u00e9volutionnaire et innovante, puis \u00e9cologique et renouvelable est-elle aujourd&#8217;hui conspu\u00e9e alors que les progr\u00e8s techniques permettent aujourd&#8217;hui de l&#8217;utiliser <a href=\"http:\/\/www.puf.com\/Que_sais-je:Les_100_mots_de_l'eau\">sans nuire ni \u00e0 l&#8217;environnement ni \u00e0 la faune aquatique<\/a>?<\/p>\n<h2><span style=\"color: #800000;\"><strong>Historique de l&#8217;\u00e9nergie hydraulique<\/strong><\/span><\/h2>\n<p>&#8211; Donnez-m&#8217;en un morceau.<br \/>\n&#8211; De quoi ?<br \/>\n&#8211; De houille blanche.<br \/>\nLa mine de houille blanche ce sont les glaciers, et la houille blanche c&#8217;est la &#8220;haute chute d&#8217;eau&#8221; qui fait tourner une turbine de 2 m\u00e8tres de diam\u00e8tre.<br \/>\nL&#8217;ing\u00e9nieur Aristide Berg\u00e8s sourit, il est venu pr\u00e9senter sa turbine \u00e0 l&#8217;<a href=\"https:\/\/mieux-se-connaitre.com\/wp4\/2009\/12\/les-expositions-universelles\/\">Exposition universelle<\/a> de 1889, il a invent\u00e9 le terme de houille blanche pour frapper l&#8217;imagination.<\/p>\n<p>Mais \u00e7a fait 20 ans d\u00e9j\u00e0 qu&#8217;il a mis en route la premi\u00e8re<br \/>\ninstallation d&#8217;<a href=\"https:\/\/mieux-se-connaitre.com\/wp4\/2011\/03\/les-machines-hydrauliques\/\">\u00e9nergie hydraulique<\/a> dans sa r\u00e2perie de bois de Lancey.<br \/>\n20 ans qu&#8217;il am\u00e9nage des conduites forc\u00e9es, regarde la montagne et prend des notes : il y a l\u00e0 des millions de chevaux de force motrice presque gratuite acquis \u00e0 l&#8217;industrie, mais pour les applications \u00e9lectriques, il manque deux pi\u00e8ces au puzzle : la dynamo qui transforme l&#8217;\u00e9nergie m\u00e9canique en <a href=\"https:\/\/mieux-se-connaitre.com\/wp4\/2010\/02\/la-fee-electricite-a-paris\/\">\u00e9lectricit\u00e9<\/a> et la possibilit\u00e9 de transporter le courant sur de longues distances.<\/p>\n<div id=\"attachment_9126\" style=\"width: 310px\" class=\"wp-caption alignleft\"><a href=\"https:\/\/mieux-se-connaitre.com\/wp4\/wp-content\/uploads\/2015\/09\/a9649_2.jpg\"><img aria-describedby=\"caption-attachment-9126\" loading=\"lazy\" class=\"wp-image-9126 size-medium\" src=\"https:\/\/mieux-se-connaitre.com\/wp4\/wp-content\/uploads\/2015\/09\/a9649_2-300x225.jpg\" alt=\"\u00e9lectricit\u00e9\" width=\"300\" height=\"225\" srcset=\"https:\/\/mieux-se-connaitre.com\/wp4\/wp-content\/uploads\/2015\/09\/a9649_2-300x225.jpg 300w, https:\/\/mieux-se-connaitre.com\/wp4\/wp-content\/uploads\/2015\/09\/a9649_2-150x113.jpg 150w, https:\/\/mieux-se-connaitre.com\/wp4\/wp-content\/uploads\/2015\/09\/a9649_2-600x450.jpg 600w, https:\/\/mieux-se-connaitre.com\/wp4\/wp-content\/uploads\/2015\/09\/a9649_2.jpg 640w\" sizes=\"(max-width: 300px) 100vw, 300px\" \/><\/a><p id=\"caption-attachment-9126\" class=\"wp-caption-text\">La dynamo de Gramme<\/p><\/div>\n<h2><span style=\"color: #800000;\">De l&#8217;\u00e9nergie hydraulique \u00e0 l&#8217;hydro\u00e9lectricit\u00e9<\/span><\/h2>\n<p><span style=\"color: #800000;\"><strong>Moteur ou dynamo : la machine r\u00e9versible<\/strong> <\/span><\/p>\n<p>&#8211; &#8220;Z\u00e9nobe Gramme est un employ\u00e9 de la Soci\u00e9t\u00e9 Christofle.&#8221;<br \/>\n&#8211; &#8220;Et alors ?&#8221;<br \/>\n&#8211; &#8220;Il n&#8217;est pas tr\u00e8s satisfait des machines dont il dispose pour alimenter ses cuves de galvanoplastie.&#8221;<br \/>\n&#8211; &#8220;Et alors ?&#8221;<br \/>\n&#8211; &#8220;Il fabrique une dynamo \u00e0 courant continu, en 1869.&#8221;<br \/>\n&#8211; &#8220;Mais Siemens a d\u00e9j\u00e0 annonc\u00e9 le principe de la dynamo \u00e0 Berlin en 1867.&#8221;<br \/>\n&#8211; &#8220;Oui mais Gramme poursuit ses travaux de mise au point et son invention est pr\u00e9sent\u00e9e \u00e0 l&#8217;Acad\u00e9mie des sciences le 17 juillet 1871.&#8221;<br \/>\n&#8211; &#8220;Mais pourquoi parle-t-on tant de lui ?&#8221;<br \/>\n&#8211; &#8220;Parce qu&#8217;il est vraiment \u00e0 l&#8217;origine de l&#8217;utilisation industrielle du courant \u00e9lectrique.&#8221;<br \/>\nIl s&#8217;associe \u00e0 Hippolyte Fontaine qui montre que sa machine est r\u00e9versible: on peut se servir d&#8217;une haute chute d&#8217;eau pour faire tourner la machine &#8220;magn\u00e9to\u00e9lectrique&#8221; qui fonctionne alors en dynamo et produit de l&#8217;\u00e9lectricit\u00e9, mais on peut aussi alimenter la machine en \u00e9lectricit\u00e9 et elle produit de la force motrice.<br \/>\nD\u00e8s lors, on peut envisager de transporter la force motrice produite par &#8220;houille blanche&#8221;: il suffit de la transformer en \u00e9lectricit\u00e9 avec les dynamos de <a href=\"https:\/\/mieux-se-connaitre.com\/wp4\/2011\/03\/quelques-medailles-celebres-de-la-legion-dhonneur-au-xixe\/\">Gramme<\/a>, puis de <a href=\"https:\/\/mieux-se-connaitre.com\/wp4\/2010\/02\/la-fee-electricite-a-paris\/\">transporter le courant<\/a>.<\/p>\n<p>Marcel Deprez et Ars\u00e8ne d&#8217;Arsonval partent en croisade pour en faire la preuve.<\/p>\n<div id=\"attachment_9127\" style=\"width: 208px\" class=\"wp-caption alignleft\"><a href=\"https:\/\/mieux-se-connaitre.com\/wp4\/wp-content\/uploads\/2015\/09\/BIO306.jpg\"><img aria-describedby=\"caption-attachment-9127\" loading=\"lazy\" class=\"wp-image-9127 size-medium\" src=\"https:\/\/mieux-se-connaitre.com\/wp4\/wp-content\/uploads\/2015\/09\/BIO306-198x300.jpg\" alt=\"\u00e9lectricit\u00e9\" width=\"198\" height=\"300\" srcset=\"https:\/\/mieux-se-connaitre.com\/wp4\/wp-content\/uploads\/2015\/09\/BIO306-198x300.jpg 198w, https:\/\/mieux-se-connaitre.com\/wp4\/wp-content\/uploads\/2015\/09\/BIO306-99x150.jpg 99w, https:\/\/mieux-se-connaitre.com\/wp4\/wp-content\/uploads\/2015\/09\/BIO306-300x456.jpg 300w, https:\/\/mieux-se-connaitre.com\/wp4\/wp-content\/uploads\/2015\/09\/BIO306.jpg 316w\" sizes=\"(max-width: 198px) 100vw, 198px\" \/><\/a><p id=\"caption-attachment-9127\" class=\"wp-caption-text\">Marcel Deprez<\/p><\/div>\n<h3><span style=\"color: #800000;\"><strong>Marcel Deprez, physicien et \u00e9lectricien fran\u00e7ais<\/strong><\/span><br \/>\n1843 (Aillant-sur-Milleron, Loiret) &#8211; 1918 (Vincennes).<\/h3>\n<p>Deprez est \u00e0 l&#8217;origine des exp\u00e9riences d\u00e9cisives de transmission d&#8217;\u00e9nergie au moyen de l&#8217;\u00e9lectricit\u00e9, donc de la technique des lignes \u00e0 haute tension.<\/p>\n<p>1865 : \u00e9l\u00e8ve externe \u00e0 l&#8217;Ecole sup\u00e9rieure des mines.<br \/>\n1866-72 : secr\u00e9taire du directeur de l&#8217;Ecole, Charles Combes.<br \/>\n1867 : premi\u00e8re note \u00e0 l&#8217;Acad\u00e9mie des sciences &#8211; Il s&#8217;int\u00e9resse aux m\u00e9canismes de mesure et d&#8217;enregistrement.<br \/>\n1878 : \u00e0 l&#8217;occasion de l&#8217;Exposition universelle, il pr\u00e9sente son wagon dynamom\u00e9trique &#8211; Premi\u00e8re version de son galvanom\u00e8tre, r\u00e9sultat de ses recherches sur les conditions d&#8217;aimantation des m\u00e9taux ferreux.<br \/>\n1882 : Missbach-Munich, \u00e0 l&#8217;aide de deux machines dynamo\u00e9lectriques syst\u00e8me Gramme, Deprez transmet la puissance produite \u00e0 Miesbach par une machine \u00e0 vapeur au Palais de Cristal de l&#8217;Exposition de Munich, par un fil t\u00e9l\u00e9graphique en fer, sur 57 kilom\u00e8tres.<br \/>\n1883 : transport d&#8217;\u00e9nergie analogue entre Vizille et Grenoble et entre Creil et Paris, sur 56 km. Cette derni\u00e8re exp\u00e9rience r\u00e9alis\u00e9e avec un plein succ\u00e8s porte sur une puissance de 100 CV sous une tension de 6290 V, avec un rendement d&#8217;environ 45%, estim\u00e9 satisfaisant \u00e0 l&#8217;\u00e9poque. La d\u00e9monstration est faite que le transport de l&#8217;\u00e9lectricit\u00e9 sur de grandes distances est li\u00e9 \u00e0 la mise en \u0153uvre de tensions \u00e9lev\u00e9es.<br \/>\n1886 : il entre \u00e0 l&#8217;Acad\u00e9mie des sciences<br \/>\n1890 : il est charg\u00e9 d&#8217;une chaire de physique math\u00e9matique industrielle au Conservatoire national des arts et m\u00e9tiers.<\/p>\n<!-- google_ad_section_end -->","protected":false},"excerpt":{"rendered":"<!-- google_ad_section_start --><p>Pourquoi l&#8217;hydro\u00e9lectricit\u00e9, d&#8217;abord r\u00e9volutionnaire et innovante, puis \u00e9cologique et renouvelable est-elle aujourd&#8217;hui conspu\u00e9e alors que les progr\u00e8s techniques permettent aujourd&#8217;hui de l&#8217;utiliser sans nuire ni \u00e0 l&#8217;environnement ni \u00e0 la faune aquatique? Historique de l&#8217;\u00e9nergie hydraulique &#8211; Donnez-m&#8217;en un morceau.&hellip;<\/p>\n<p class=\"more-link-p\"><a class=\"more-link\" href=\"https:\/\/mieux-se-connaitre.com\/wp4\/2015\/09\/la-houille-blanche\/\">Suite &rarr;<\/a><\/p>\n<!-- google_ad_section_end -->","protected":false},"author":1,"featured_media":0,"comment_status":"open","ping_status":"open","sticky":false,"template":"","format":"standard","meta":[],"categories":[152],"tags":[],"_links":{"self":[{"href":"https:\/\/mieux-se-connaitre.com\/wp4\/wp-json\/wp\/v2\/posts\/9122"}],"collection":[{"href":"https:\/\/mieux-se-connaitre.com\/wp4\/wp-json\/wp\/v2\/posts"}],"about":[{"href":"https:\/\/mieux-se-connaitre.com\/wp4\/wp-json\/wp\/v2\/types\/post"}],"author":[{"embeddable":true,"href":"https:\/\/mieux-se-connaitre.com\/wp4\/wp-json\/wp\/v2\/users\/1"}],"replies":[{"embeddable":true,"href":"https:\/\/mieux-se-connaitre.com\/wp4\/wp-json\/wp\/v2\/comments?post=9122"}],"version-history":[{"count":5,"href":"https:\/\/mieux-se-connaitre.com\/wp4\/wp-json\/wp\/v2\/posts\/9122\/revisions"}],"predecessor-version":[{"id":14042,"href":"https:\/\/mieux-se-connaitre.com\/wp4\/wp-json\/wp\/v2\/posts\/9122\/revisions\/14042"}],"wp:attachment":[{"href":"https:\/\/mieux-se-connaitre.com\/wp4\/wp-json\/wp\/v2\/media?parent=9122"}],"wp:term":[{"taxonomy":"category","embeddable":true,"href":"https:\/\/mieux-se-connaitre.com\/wp4\/wp-json\/wp\/v2\/categories?post=9122"},{"taxonomy":"post_tag","embeddable":true,"href":"https:\/\/mieux-se-connaitre.com\/wp4\/wp-json\/wp\/v2\/tags?post=9122"}],"curies":[{"name":"wp","href":"https:\/\/api.w.org\/{rel}","templated":true}]}}